
{"id":66495,"date":"2018-04-16T22:53:39","date_gmt":"2018-04-16T20:53:39","guid":{"rendered":"http:\/\/www.gdapress.it\/it\/?p=66495"},"modified":"2018-04-26T22:57:09","modified_gmt":"2018-04-26T20:57:09","slug":"artigianalita-design-firmata-moreschi-al-salone-del-mobile-2018","status":"publish","type":"post","link":"https:\/\/www.gdapress.it\/it\/index.php\/66495\/costume\/artigianalita-design-firmata-moreschi-al-salone-del-mobile-2018.html","title":{"rendered":"ARTIGIANALITA\u2019 E DESIGN FIRMATA MORESCHI AL SALONE DEL MOBILE 2018"},"content":{"rendered":"<p><img loading=\"lazy\" decoding=\"async\" class=\"alignnone size-medium wp-image-66496\" src=\"http:\/\/www.gdapress.it\/it\/..\/public\/it\/2018\/04\/Senza-titolo-7-220x300.jpg\" alt=\"\" width=\"220\" height=\"300\" srcset=\"https:\/\/www.gdapress.it\/it\/..\/public\/it\/2018\/04\/Senza-titolo-7-220x300.jpg 220w, https:\/\/www.gdapress.it\/it\/..\/public\/it\/2018\/04\/Senza-titolo-7.jpg 226w\" sizes=\"auto, (max-width: 220px) 100vw, 220px\" \/>\u00a0<img loading=\"lazy\" decoding=\"async\" class=\"alignnone size-medium wp-image-66497\" src=\"http:\/\/www.gdapress.it\/it\/..\/public\/it\/2018\/04\/MMM-coppia-bis1-300x155.jpg\" alt=\"\" width=\"300\" height=\"155\" srcset=\"https:\/\/www.gdapress.it\/it\/..\/public\/it\/2018\/04\/MMM-coppia-bis1-300x155.jpg 300w, https:\/\/www.gdapress.it\/it\/..\/public\/it\/2018\/04\/MMM-coppia-bis1-768x396.jpg 768w, https:\/\/www.gdapress.it\/it\/..\/public\/it\/2018\/04\/MMM-coppia-bis1-500x258.jpg 500w\" sizes=\"auto, (max-width: 300px) 100vw, 300px\" \/><\/p>\n<p>ARTIGIANALITA\u2019 E DESIGN FIRMATA MORESCHI AL SALONE DEL MOBILE 2018<\/p>\n<p>Moreschi, storico brand italiano di calzature stringe una liason con Matteo Cibic, giovane e talentuoso designer in ascesa. Palcoscenico il Salone del Mobile 2018, protagonisti uno stiloso cabinet ed una sneaker appositamente realizzata per l\u2019evento in serie limitata.<\/p>\n<p>L\u2019India e l\u2019atmosfera magica del <em>Taj Mahal <\/em>sono la fonte d\u2019ispirazione e il comune denominatore dei due progetti.\u2028L\u2019opera di Cibic riprende le geometrie della sontuosa dimora, unendo lo stile indiano a tocchi di design italiano, mentre MMM &#8211; Moreschi Made by Marble \u00e8 una sneaker rivisitata, dove il marmo, motivo grafico dominante della scarpa, richiama le pareti del splendido palazzo dei Maraj\u00e0.<\/p>\n<p>M M M \u00e8 una Limited Edition di soli 50 pezzi, disponibile in due differenti nuances marmoree, una sui toni caldi ed una sui toni freddi, personalizzata con un numero di serie scritto a mano sulla fiammante fodera interna rossa.<\/p>\n<p>Moda e design, tradizione e innovazione&#8230; L\u2019alchimia c\u2019\u00e8, Moreschi e Matteo Cibic due realt\u00e0 apparentemente molto distanti ma accomunate dal concetto di artigianalit\u00e0, di Made in Italy, di creativit\u00e0, di ricerca e di assoluto pregio dei materiali.\u2028Mobile e sneaker saranno il fulcro di un\u2019originale installazione nella vetrina della nuova boutique Moreschi di Corso Venezia 5 per tutta la durata del Salone\u2028(17 &#8211; 22 Aprile 2018).<\/p>\n","protected":false},"excerpt":{"rendered":"<p>\u00a0 ARTIGIANALITA\u2019 E DESIGN FIRMATA MORESCHI AL SALONE DEL MOBILE 2018 Moreschi, storico brand italiano di calzature stringe una liason con Matteo Cibic, giovane e talentuoso designer in ascesa. Palcoscenico il Salone del Mobile 2018, protagonisti uno stiloso cabinet ed una sneaker appositamente realizzata per l\u2019evento in serie limitata. L\u2019India e l\u2019atmosfera magica del Taj &hellip; <a href=\"https:\/\/www.gdapress.it\/it\/index.php\/66495\/costume\/artigianalita-design-firmata-moreschi-al-salone-del-mobile-2018.html\" class=\"more-link\">Read more <span class=\"screen-reader-text\">ARTIGIANALITA\u2019 E DESIGN FIRMATA MORESCHI AL SALONE DEL MOBILE 2018<\/span><\/a><\/p>\n","protected":false},"author":3,"featured_media":66497,"comment_status":"closed","ping_status":"open","sticky":false,"template":"","format":"standard","meta":{"footnotes":""},"categories":[2244],"tags":[21964,18746,21965],"class_list":["post-66495","post","type-post","status-publish","format-standard","has-post-thumbnail","hentry","category-costume","tag-matteo-cibic","tag-moreschi","tag-salone-del-mobile-2018"],"_links":{"self":[{"href":"https:\/\/www.gdapress.it\/it\/index.php\/wp-json\/wp\/v2\/posts\/66495","targetHints":{"allow":["GET"]}}],"collection":[{"href":"https:\/\/www.gdapress.it\/it\/index.php\/wp-json\/wp\/v2\/posts"}],"about":[{"href":"https:\/\/www.gdapress.it\/it\/index.php\/wp-json\/wp\/v2\/types\/post"}],"author":[{"embeddable":true,"href":"https:\/\/www.gdapress.it\/it\/index.php\/wp-json\/wp\/v2\/users\/3"}],"replies":[{"embeddable":true,"href":"https:\/\/www.gdapress.it\/it\/index.php\/wp-json\/wp\/v2\/comments?post=66495"}],"version-history":[{"count":1,"href":"https:\/\/www.gdapress.it\/it\/index.php\/wp-json\/wp\/v2\/posts\/66495\/revisions"}],"predecessor-version":[{"id":66498,"href":"https:\/\/www.gdapress.it\/it\/index.php\/wp-json\/wp\/v2\/posts\/66495\/revisions\/66498"}],"wp:featuredmedia":[{"embeddable":true,"href":"https:\/\/www.gdapress.it\/it\/index.php\/wp-json\/wp\/v2\/media\/66497"}],"wp:attachment":[{"href":"https:\/\/www.gdapress.it\/it\/index.php\/wp-json\/wp\/v2\/media?parent=66495"}],"wp:term":[{"taxonomy":"category","embeddable":true,"href":"https:\/\/www.gdapress.it\/it\/index.php\/wp-json\/wp\/v2\/categories?post=66495"},{"taxonomy":"post_tag","embeddable":true,"href":"https:\/\/www.gdapress.it\/it\/index.php\/wp-json\/wp\/v2\/tags?post=66495"}],"curies":[{"name":"wp","href":"https:\/\/api.w.org\/{rel}","templated":true}]}}