
{"id":66375,"date":"2018-04-13T07:42:31","date_gmt":"2018-04-13T05:42:31","guid":{"rendered":"http:\/\/www.gdapress.it\/it\/?p=66375"},"modified":"2018-04-13T07:42:31","modified_gmt":"2018-04-13T05:42:31","slug":"miart-2018-presente-molte-storie","status":"publish","type":"post","link":"https:\/\/www.gdapress.it\/it\/index.php\/66375\/spettacoli\/miart-2018-presente-molte-storie.html","title":{"rendered":"MIART 2018: IL PRESENTE HA MOLTE STORIE"},"content":{"rendered":"<p><img loading=\"lazy\" decoding=\"async\" class=\"alignnone size-large wp-image-66376\" src=\"http:\/\/www.gdapress.it\/it\/..\/public\/it\/2018\/04\/22426363_10154719391381260_7194793506036177349_o-500x251.jpg\" alt=\"\" width=\"500\" height=\"251\" srcset=\"https:\/\/www.gdapress.it\/it\/..\/public\/it\/2018\/04\/22426363_10154719391381260_7194793506036177349_o-500x251.jpg 500w, https:\/\/www.gdapress.it\/it\/..\/public\/it\/2018\/04\/22426363_10154719391381260_7194793506036177349_o-300x150.jpg 300w, https:\/\/www.gdapress.it\/it\/..\/public\/it\/2018\/04\/22426363_10154719391381260_7194793506036177349_o-768x385.jpg 768w, https:\/\/www.gdapress.it\/it\/..\/public\/it\/2018\/04\/22426363_10154719391381260_7194793506036177349_o.jpg 2048w\" sizes=\"auto, (max-width: 500px) 100vw, 500px\" \/><\/p>\n<p><strong>miart 2018<\/strong><\/p>\n<p><strong>13 \u2013 15 aprile 2018<\/strong><\/p>\n<p><strong>fieramilanocity, padiglione 3, gate 5<\/strong><\/p>\n<p><strong>Milano<\/strong><\/p>\n<p><strong>MIART 2018: IL PRESENTE HA MOLTE STORIE<\/strong><\/p>\n<p><strong>DAL 13 AL 15 APRILE 2018 TORNA MIART, LA FIERA D\u2019ARTE MODERNA E CONTEMPORANEA ORGANIZZATA DA FIERA MILANO NEI PADIGLIONI DI FIERAMILANOCITY, CON LA DIREZIONE ARTISTICA DI ALESSANDRO RABOTTINI<\/strong><\/p>\n<p><strong>\u00a0<\/strong><strong>HIGHLIGHTS<\/strong><\/p>\n<p><strong>_184 GALLERIE DA 19 PAESI E 4 CONTINENTI, CON OPERE DAGLI INIZI DEL XX SECOLO FINO AI GIORNI NOSTRI<\/strong><\/p>\n<p><strong>_7 PREMI E UN FONDO DI ACQUISIZIONI DA 100.000 EURO<\/strong><\/p>\n<p><strong>_OLTRE 60 CURATORI, DIRETTORI DI MUSEO E PERSONALITA\u2019 DA TUTTO IL MONDO COINVOLTI NELLE SEZIONI DELLA FIERA, NELLE GIURIE DEI PREMI E NEI TALK<\/strong><\/p>\n<p><strong>_3 GIORNATE DI CONVERSAZIONI CON I PROTAGONISTI DELL\u2019ARTE E DELLA CULTURA CONTEMPORANEA INTERNAZIONALE<\/strong><\/p>\n<p><strong>_150 APPUNTAMENTI TRA MOSTRE, EVENTI, PERFORMANCE, INAUGURAZIONI NEL CALENDARIO DELL\u2019ART WEEK MILANESE<\/strong><\/p>\n<p><strong>Dal 13 al 15 aprile 2018<\/strong>\u00a0 torna\u00a0<strong>miart<\/strong>, la\u00a0<strong>fiera internazionale d\u2019arte moderna e contemporanea\u00a0<\/strong>organizzata da\u00a0<strong>Fiera Milano<\/strong>. La\u00a0<strong>ventitreesima edizione<\/strong>\u00a0della fiera \u00e8 ospitata all\u2019interno del padiglione 3 di Fieramilanocity e si avvale del sostegno di Intesa San Paolo in qualit\u00e0 di main partner.<\/p>\n<p><strong>Il dialogo tra arte moderna, arte contemporanea e design da collezione<\/strong>, la pi\u00f9\u00a0<strong>ampia offerta cronologica<\/strong>\u00a0fieristica in Italia \u2013 con la presenza di opere che spaziano dai primi anni del Novecento fino alle pi\u00f9 recenti esperienze internazionali \u2013 e la sempre\u00a0<strong>crescente qualit\u00e0 di espositori e operatori<\/strong>\u00a0provenienti da tutto il mondo hanno fatto di miart la fiera d\u2019arte pi\u00f9 importante del nostro Paese. La formula di successo messa a punto negli ultimi anni viene ora consolidata e aggiornata dalla direzione artistica di Alessandro Rabottini che, rafforzandone il formato e approfondendone potenzialit\u00e0 e linee di sviluppo, ha disegnato una ventitreesima edizione della fiera capace di guardare al presente nelle sue molteplici dimensioni, tanto alle radici storiche quanto alla sperimentazione odierna. A partire da un modello fieristico dove la solidit\u00e0 degli aspetti di mercato si fonde con le componenti di ricerca, miart 2018 valorizza il know costruito negli anni recenti e riparte dagli importanti risultati progressivamente raggiunti, incarnando uno degli esempi di maggiore successo della Milano di oggi, indiscussa capitale internazionale della creativit\u00e0, in cui si riconoscono galleristi, collezionisti, curatori, artisti, istituzioni e grande pubblico.<\/p>\n<p><strong>LE GALLERIE<\/strong><\/p>\n<p><strong>miart 2018<\/strong>\u00a0presenta\u00a0<strong>184 gallerie internazionali<\/strong>\u00a0(<strong>+ 5%<\/strong>\u00a0rispetto all\u2019edizione 2017;\u00a0<strong>61 su 184<\/strong>partecipano alla fiera\u00a0<strong>per la prima volta<\/strong>, con un\u2019incidenza del\u00a0<strong>33% sul totale<\/strong>) che rappresentano un ampio ventaglio qualitativo dell\u2019offerta di\u00a0<strong>arte moderna e contemporanea<\/strong>\u00a0e del\u00a0<strong>design in edizione limitata<\/strong>.<\/p>\n<p><strong>In crescita<\/strong>\u00a0la presenza di\u00a0<strong>gallerie straniere<\/strong>\u00a0che quest\u2019anno partecipano alla fiera milanese: saranno infatti\u00a0<strong>75<\/strong>\u00a0le\u00a0<strong>gallerie estere<\/strong>\u00a0\u2013 il\u00a0<strong>41% del totale<\/strong>\u00a0\u2013 provenienti da\u00a0<strong>19 paesi oltre l\u2019Italia<\/strong>(Austria, Belgio, Brasile, Canada, Danimarca, Francia, Germania, Giappone, Gran Bretagna, Grecia, Hong Kong, Israele, Romania, Spagna, Sudafrica, Stati Uniti, Svizzera, Turchia, Ungheria).<\/p>\n<p>Si confermano\u00a0<strong>sette<\/strong>\u00a0le\u00a0<strong>sezioni<\/strong>\u00a0che caratterizzano miart mettendo in dialogo<strong>\u00a0arte moderna, arte contemporanea<\/strong>\u00a0e\u00a0<strong>design da collezione<\/strong>:\u00a0<em><strong>Established Master, Established\u00a0Contemporay, Emergent, Generations, Decades, On Demand<\/strong>\u00a0<\/em>e\u00a0<em><strong>Object<\/strong><\/em>.<\/p>\n<p>Spicca l\u2019alto tasso di progettualit\u00e0 espresso dalle gallerie partecipanti a questa edizione della fiera,\u00a0che trasversalmente, in tutte le sezioni, propongono un importante numero di stand personali dedicati alla valorizzazione di singoli artisti, con presentazioni dalla forte impronta curatoriale e in assonanza con le mostre proposte dalle varie istituzioni milanesi per l\u2019Art Week.<\/p>\n<p><strong>MIART PIATTAFORMA PER CREARE CULTURA<\/strong><\/p>\n<p>Per il primo anno\u00a0<strong>Intesa Sanpaolo<\/strong>\u00a0supporta miart in qualit\u00e0 di\u00a0<strong>main partner: internazionalit\u00e0, eccellenza<\/strong>\u00a0e\u00a0<strong>attenzione allo sviluppo culturale<\/strong>\u00a0del territorio sono i valori che legano Fiera Milano alla Banca, e che, attraverso la sinergia messa in campo su miart 2018, contribuiranno a consolidare la centralit\u00e0 di Milano nel panorama nazionale e internazionale, offrendo un ulteriore volano di crescita e sviluppo economico, culturale e civile della comunit\u00e0.<\/p>\n<p><strong>L\u2019ART WEEK MILANESE<\/strong><\/p>\n<p>Il Comune di Milano e miart 2018 proseguono nella stretta collaborazione avviata nelle ultime edizioni con tutte le principali realt\u00e0 che operano nella promozione e nella conoscenza dell\u2019arte moderna e contemporanea in citt\u00e0 e che di Milano incarnano la vivacit\u00e0 e le diversit\u00e0 culturali. miart \u00e8 nuovamente capofila della Milano Art Week e del ricco programma di eventi, inaugurazioni e aperture speciali che coinvolge istituzioni pubbliche, fondazioni e gallerie private, spazi non-profit per l\u2019intera settimana della fiera. A partire da luned\u00ec 9 aprile, ogni giorno inaugurazioni, aperture e visite speciali a mostre e progetti, quali (tra gli altri)\u00a0<strong>Matt Mullican. The Feeling of Things<\/strong>\u00a0ed\u00a0<strong>Eva Kot\u2019\u00e1tkov\u00e1. The Dream Machine is Asleep<\/strong>\u00a0presso Pirelli HangarBicocca,\u00a0<em><strong>Post Zang Tumb Tuuum. Art Life Politics: Italia 1918-1943<\/strong><\/em>\u00a0alla Fondazione Prada Milano,\u00a0<strong>Torbj\u00f8rn R\u00f8dland. The Touch That Made You<\/strong>\u00a0alla Fondazione Prada Osservatorio,\u00a0<strong>Ya Basta Hijos de Puta. Teresa Margolles<\/strong>\u00a0al PAC Padiglione d\u2019Arte Contemporanea,\u00a0<em><strong>Una Tempesta dal Paradiso: Arte Contemporanea del Medio Oriente e Nord Africa (Guggenheim UBS MAP Global Art Initiative)<\/strong><\/em>\u00a0alla GAM Galleria d\u2019Arte Moderna, la XI edizione del\u00a0<strong>Triennale Design Museum<\/strong>,\u00a0<em><strong>Italiana. L&#8217;Italia vista dalla moda 1971-2001<\/strong><\/em>\u00a0a Palazzo Reale,\u00a0<strong>Frida Kahlo<\/strong>\u00a0al MUDEC,\u00a0<strong>Giosetta Fioroni. Viaggio Sentimentale<\/strong>\u00a0e il\u00a0<strong>Premio Acacia<\/strong>\u00a0al Museo del Novecento,\u00a0<strong>Sol LeWitt. Between the Lines<\/strong>\u00a0alla Fondazione Carriero,\u00a0<strong>Jimmie Durham. Labyrinth<\/strong>\u00a0alla Fondazione Adolfo Pini,\u00a0<strong>Kimsooja<\/strong>\u00a0alla Basilica di Sant\u2019Eustorgio,\u00a0<em><strong>The Szechwan Tale. China, Theatre and History<\/strong><\/em>\u00a0a FM Centro per l\u2019Arte Contemporanea,\u00a0<strong>Barry X Ball<\/strong>\u00a0al Castello Sforzesco e a Villa Panza,\u00a0<em><strong>Project Room #7<\/strong><\/em>\u00a0alla Fondazione Arnaldo Pomodoro, il gonfiabile\u00a0<em><strong>Sacrilege<\/strong><\/em>\u00a0di\u00a0<strong>Jeremy Deller<\/strong>\u00a0nel Parco delle Sculture di City Life per la Fondazione Nicola Trussardi e moltissimi altri appuntamenti ancora in preparazione.<\/p>\n<p>Il linguaggio della\u00a0<strong>performance<\/strong>\u00a0diviene un nucleo all&#8217;interno della programmazione della Milano Art Week attraverso i numerosi eventi legati all&#8217;azione organizzati da istituzioni pubbliche e private: appuntamenti imperdibili con grandi nomi dell&#8217;arte contemporanea come\u00a0<strong>Christian Marclay<\/strong>\u00a0per Fondazione Furla al Museo del Novecento nell&#8217;ambito di Furla Series 01,\u00a0<strong>Teresa Margolles<\/strong>\u00a0al PAC,\u00a0<strong>Marcello Maloberti<\/strong>\u00a0alla GAM,\u00a0<strong>Guido van der Werve<\/strong>\u00a0presso FuturDome.<\/p>\n<p>Due le novit\u00e0 della Milano Art Week 2018: l\u2019<em><strong>Art Night no profit spaces<\/strong><\/em>,\u00a0<strong>sabato 14 aprile<\/strong>\u00a0e l&#8217;<strong>apertura straordinaria delle gallerie milanesi<\/strong>\u00a0nella giornata di\u00a0<strong>domenica 15 aprile<\/strong>. Per la prima volta un\u2019intera serata sar\u00e0 dedicata a inaugurazioni, performance ed eventi appositamente organizzati da spazi non profit e progettuali come Assab One, [.BOX] Videoart Project Space, Cabinet, Dimora Artica, Edicola Radetzky, FuturDome, Mars-Milan Artist Run Space, Mars\u00e8lleria, Mega, Standards, t-space, The Open Box che per la vivacit\u00e0 della programmazione e capacit\u00e0 di fare ricerca e sperimentazione si sono ritagliati un ruolo di sempre maggiore importanza nella vita artistica e culturale della citt\u00e0.<\/p>\n<p>Infine, spicca in questo palinsesto serale la performance\u00a0<em><strong>PRISMA<\/strong><\/em>\u00a0presso il Triennale Teatro dell\u2019Arte, una collaborazione a pi\u00f9 mani tra il coreografo\u00a0<strong>Alessandro Sciarroni<\/strong>\u00a0e i video-artisti\u00a0<strong>Masbedo<\/strong>\u00a0(Nicol\u00f2 Massazza e Iacopo Bedogni), nata come sviluppo finale della\u00a0<strong>campagna di comunicazione di miart 201<\/strong>8, gi\u00e0 lanciata nel settembre dello scorso anno e realizzata da Alessandro Sciarroni, Masbedo e la fotografa Alice Schillaci, riuniti sotto la direzione artistica di Mousse Agency. Per la prima volta all&#8217;interno della strategia di comunicazione di una fiera &#8220;l&#8217;arte comunica l&#8217;arte&#8221;: attraverso il dialogo tra discipline artistiche, danza, fotografia e video-arte si trovano connesse sfociando in un\u2019azione live tra performance e immagine in movimento.\u00a0<em>PRISMA<\/em>\u00a0non soltanto riunisce una molteplicit\u00e0 di linguaggi creativi ma \u00e8 anche il frutto della collaborazione tra pi\u00f9 soggetti istituzionali, tra i quali si annoverano il Triennale Teatro dell\u2019Arte, la societ\u00e0 di produzione per film d\u2019artista In Between Art Film, l\u2019associazione di produzioni sperimentali Snaporazverein e Corpoceleste_C.C.00#. Si ringrazia \u00a0il centro di creazione e produzione delle arti Centrale Fies di Dro.<\/p>\n<p>La\u00a0<strong>campagna fotografica<\/strong>\u00a0che accompagna la\u00a0<strong>Milano Art Week<\/strong>, promossa attraverso gli strumenti di promozione \u201c<strong>YESMILANO<\/strong>\u201d, ha come protagonisti due studenti d\u2019arte che hanno scelto Milano come luogo di formazione. I loro volti alternano lo stato di veglia a quello di sogno ad evocare la natura duplice dell\u2019arte, ossia una forma vigile di osservazione della realt\u00e0 e, al contempo, l\u2019immersione nella propria interiorit\u00e0.<\/p>\n<p><strong>PREMI E ACQUISIZIONI<\/strong><\/p>\n<p>Confermati per\u00a0<strong>miart 2018 tutti e sette i premi<\/strong>\u00a0che hanno caratterizzato l\u2019offerta fieristica della scorsa edizione, arricchita da una nuova rosa di\u00a0<strong>giurie internazionali<\/strong>\u00a0invitate ad assegnare i numerosi riconoscimenti. Una prestigiosa lista di direttori e curatori di musei dall\u2019alto profilo internazionale avr\u00e0 il compito di individuare le opere e gli artisti vincitori del\u00a0<strong>Fondo di Acquisizione di Fondazione Fiera Milano<\/strong>\u00a0\u2013 che anche quest\u2019anno mette a disposizione\u00a0<strong>100.000 euro<\/strong>\u00a0per acquistare opere d\u2019arte moderna e contemporanea che andranno a incrementare la collezione di Fondazione Fiera Milano; del\u00a0<strong>Premio LCA per Emergent<\/strong>\u00a0per la miglior galleria emergente, del valore di\u00a0<strong>4.000 euro<\/strong>, che vede l\u2019ingresso in qualit\u00e0 di partner di\u00a0<strong>LCA Studio Legale<\/strong>\u00a0da sempre sensibile ed impegnato nel sostenere l\u2019innovazione in campo artistico; del\u00a0<strong>Premio Herno<\/strong>, in collaborazione con Herno SpA, che per il quarto anno assegna allo stand con il miglior progetto espositivo un riconoscimento di\u00a0<strong>10.000 euro<\/strong>; del\u00a0<strong>Premio Fidenza Village per Generations<\/strong>, in collaborazione con Fidenza Village e Value Retail, con un riconoscimento di\u00a0<strong>10.000 euro<\/strong>\u00a0per il miglior stand della sezione\u00a0<em>Generations<\/em>; il\u00a0<strong>Premio On Demand by Snaporazverein<\/strong>, in collaborazione con l\u2019associazione di produzioni sperimentali\u00a0<strong>Snaporazverein<\/strong>, che mette a disposizione\u00a0<strong>10.000 euro<\/strong>\u00a0per la migliore presentazione all\u2019interno della nuova sezione On Demand; del\u00a0<strong>Premio CEDIT per Object<\/strong>, in collaborazione con CEDIT, che consiste nell\u2019acquisizione di un\u2019opera di un designer italiano emergente \u2013 presentata all\u2019interno della sezione Object \u2013 e destinata alla collezione permanente del Triennale Design Museum di Milano; e infine del\u00a0<strong>Premio Rotary Club Milano Brera per l&#8217;Arte contemporanea e i giovani artisti<\/strong>, premio acquisto del valore di\u00a0<strong>10.000 euro<\/strong>\u00a0per l\u2019arte contemporanea e i giovani artisti.<\/p>\n<p><strong>MIARTALKS<\/strong><\/p>\n<p>Un nuovo ciclo di\u00a0<strong>miartalks<\/strong>\u00a0accompagner\u00e0 le tre giornate di apertura al pubblico della fiera e, per il terzo anno consecutivo, miart rinnova la propria collaborazione in questo ambito con\u00a0<strong>In Between\u00a0Art Film<\/strong>\u00a0\u2013 la casa di produzione per film d&#8217;artista e video sperimentali fondata da\u00a0<strong>Beatrice Bulgari<\/strong>. Come da tradizione, pi\u00f9 di\u00a0<strong>40 artisti, curatori, direttori di musei, scrittori e architetti internazionali<\/strong>\u00a0saranno invitati ad animare conversazioni e tavole rotonde attorno a un tema unificante.<\/p>\n<p>Riuniti sotto il titolo &#8220;<strong>Che cosa possiamo immaginare?<\/strong>&#8221; i miartalks 2018 esploreranno la dimensione dell&#8217;<strong>immaginazione<\/strong>\u00a0come una forza che crea e trasforma la realt\u00e0 e non come una fuga dal presente. Ci si domander\u00e0 se l&#8217;immaginazione \u00e8 un diritto di tutti o se esistono delle condizioni sociali, economiche e politiche che la precludono; dove \u00e8 possibile immaginare e se ci sono luoghi nel mondo dove immaginare \u00e8 vietato; come l&#8217;immaginazione pu\u00f2 diventare un esercizio quotidiano e, infine, che cosa possiamo immaginare per un futuro che \u00e8 gi\u00e0 qui?<\/p>\n<p>A cura di \u00a0<strong>Fato\u015f \u00dcstek<\/strong>\u00a0(Direttrice e Capo Curatrice, David Roberts Art Foundation, Londra).<\/p>\n<p><strong>MIARTEDUCATIONAL POWERED BY FIDENZA VILLAGE<\/strong><\/p>\n<p>Grazie alla collaborazione con\u00a0<strong>Fidenza Village<\/strong>\u00a0nasce quest&#8217;anno\u00a0<strong>miarteducational<\/strong>, un nuovo servizio di mediazione gratuita che miart mette a disposizione del pubblico della fiera. Sul sito www.miart.it sar\u00e0 possibile prenotare la partecipazione a una serie di visite guidate, programmate a orari stabiliti, pensate per approfondire i contenuti storico-artistici e curatoriali che danno forma agli stand ospitati da fieramilanocity, con una particolare attenzione alle sezioni Generations e Decades.<\/p>\n<p>miarteducational \u00e8 reso possibile grazie al rafforzamento del coinvolgimento di Fidenza Village, uno degli 11 Villaggi di The Bicester Village Shopping Collection di Value Retail \u2013 gi\u00e0 partner del\u00a0<strong>Premio Fidenza Village per Generations<\/strong>\u00a0\u2013 che affiancano miart in una nuova iniziativa di formazione che si fonda su due assunti principali: la necessit\u00e0 di vedere nell&#8217;arte un&#8217;occasione di confronto e di crescita individuali e collettivi e il desiderio di far agire la fiera come promotore di conoscenza e cultura.<\/p>\n<p><strong>SPONSOR<\/strong><\/p>\n<p>Nuovi importanti sponsor affiancano miart 2018, sostenendo la ventritreesima edizione della fiera d\u2019arte moderna e contemporanea di Milano in molteplici forme.<\/p>\n<p>Fa il suo ingresso in qualit\u00e0 di sponsor tecnico di miart 2018\u00a0<strong>FLOS<\/strong>, azienda leader a livello internazionale nel settore dell\u2019illuminazione residenziale e architetturale. Flos realizzer\u00e0 un\u2019installazione luminosa site-specific all\u2019interno della Vip Lounge, nel\u00a0<strong>ristorante tre stelle Michelin da Vittorio<\/strong>\u00a0\u2013 partner di miart dal 2013: protagonista del progetto sar\u00e0\u00a0<em>Arrangements<\/em>, un prodotto che si posiziona a met\u00e0 tra arte figurativa e design industriale, creato per Flos dall\u2019artista e designer londinese di origine cipriota\u00a0<strong>Michael Anastassiades<\/strong>.<\/p>\n<p>Anche\u00a0<strong>Elle Decor<\/strong>\u00a0per la prima volta collabora con miart nella concezione dell\u2019interior design della Vip Lounge, per cui sono state coinvolte\u00a0<strong>B&amp;B Italia<\/strong>\u00a0e\u00a0<strong>Kartell<\/strong>.<\/p>\n<p>Si confermano inoltre le partnership che accompagnano miart dal 2012 lo champagne\u00a0<strong>Ruinart<\/strong>che arricchir\u00e0 la VIP lounge con uno scrigno interamente dedicato alla presentazione del masterpiece realizzato dall&#8217;artista selezionato ogni anno dalla Maison.<\/p>\n<p>The\u00a0<strong>Westin Palace Milan<\/strong>\u00a0come sponsor per l&#8217;ospitalit\u00e0.<\/p>\n<p>Rinnovata la partnership con\u00a0<strong>NAVA Press<\/strong>, che anche quest\u2019anno ha curato in collaborazione con Mousse la realizzazione dei materiali stampati.<\/p>\n<p><strong>miart 2018<\/strong><\/p>\n<p>13 \u2013 15 aprile 2018<\/p>\n<p>fieramilanocity<\/p>\n<p>ingresso viale Scarampo, Milano<\/p>\n<p>gate 5, padiglione 3<\/p>\n<p>www.miart.it<\/p>\n","protected":false},"excerpt":{"rendered":"<p>miart 2018 13 \u2013 15 aprile 2018 fieramilanocity, padiglione 3, gate 5 Milano MIART 2018: IL PRESENTE HA MOLTE STORIE DAL 13 AL 15 APRILE 2018 TORNA MIART, LA FIERA D\u2019ARTE MODERNA E CONTEMPORANEA ORGANIZZATA DA FIERA MILANO NEI PADIGLIONI DI FIERAMILANOCITY, CON LA DIREZIONE ARTISTICA DI ALESSANDRO RABOTTINI \u00a0HIGHLIGHTS _184 GALLERIE DA 19 PAESI &hellip; <a href=\"https:\/\/www.gdapress.it\/it\/index.php\/66375\/spettacoli\/miart-2018-presente-molte-storie.html\" class=\"more-link\">Read more <span class=\"screen-reader-text\">MIART 2018: IL PRESENTE HA MOLTE STORIE<\/span><\/a><\/p>\n","protected":false},"author":3,"featured_media":66376,"comment_status":"closed","ping_status":"open","sticky":false,"template":"","format":"standard","meta":{"footnotes":""},"categories":[8],"tags":[21931,37,2944,21930,17],"class_list":["post-66375","post","type-post","status-publish","format-standard","has-post-thumbnail","hentry","category-spettacoli","tag-alessandro-rabottini","tag-fiera-milano","tag-fieramilanocity","tag-miart-2018","tag-milano"],"_links":{"self":[{"href":"https:\/\/www.gdapress.it\/it\/index.php\/wp-json\/wp\/v2\/posts\/66375","targetHints":{"allow":["GET"]}}],"collection":[{"href":"https:\/\/www.gdapress.it\/it\/index.php\/wp-json\/wp\/v2\/posts"}],"about":[{"href":"https:\/\/www.gdapress.it\/it\/index.php\/wp-json\/wp\/v2\/types\/post"}],"author":[{"embeddable":true,"href":"https:\/\/www.gdapress.it\/it\/index.php\/wp-json\/wp\/v2\/users\/3"}],"replies":[{"embeddable":true,"href":"https:\/\/www.gdapress.it\/it\/index.php\/wp-json\/wp\/v2\/comments?post=66375"}],"version-history":[{"count":1,"href":"https:\/\/www.gdapress.it\/it\/index.php\/wp-json\/wp\/v2\/posts\/66375\/revisions"}],"predecessor-version":[{"id":66377,"href":"https:\/\/www.gdapress.it\/it\/index.php\/wp-json\/wp\/v2\/posts\/66375\/revisions\/66377"}],"wp:featuredmedia":[{"embeddable":true,"href":"https:\/\/www.gdapress.it\/it\/index.php\/wp-json\/wp\/v2\/media\/66376"}],"wp:attachment":[{"href":"https:\/\/www.gdapress.it\/it\/index.php\/wp-json\/wp\/v2\/media?parent=66375"}],"wp:term":[{"taxonomy":"category","embeddable":true,"href":"https:\/\/www.gdapress.it\/it\/index.php\/wp-json\/wp\/v2\/categories?post=66375"},{"taxonomy":"post_tag","embeddable":true,"href":"https:\/\/www.gdapress.it\/it\/index.php\/wp-json\/wp\/v2\/tags?post=66375"}],"curies":[{"name":"wp","href":"https:\/\/api.w.org\/{rel}","templated":true}]}}