
{"id":66113,"date":"2018-03-08T01:10:04","date_gmt":"2018-03-07T23:10:04","guid":{"rendered":"http:\/\/www.gdapress.it\/it\/?p=66113"},"modified":"2018-03-08T01:10:04","modified_gmt":"2018-03-07T23:10:04","slug":"ce-ti-leggere-le-orecchie-audible-torna-tempo-libri-2018","status":"publish","type":"post","link":"https:\/\/www.gdapress.it\/it\/index.php\/66113\/libri\/ce-ti-leggere-le-orecchie-audible-torna-tempo-libri-2018.html","title":{"rendered":"C\u2019E\u2019 CHI TI FA LEGGERE\u2026 CON LE ORECCHIE!  AUDIBLE TORNA A TEMPO DI LIBRI 2018"},"content":{"rendered":"<p><img loading=\"lazy\" decoding=\"async\" class=\"alignnone size-medium wp-image-66114\" src=\"http:\/\/www.gdapress.it\/it\/..\/public\/it\/2018\/03\/61zAreVlzPL._SL500_-300x300.jpg\" alt=\"\" width=\"300\" height=\"300\" srcset=\"https:\/\/www.gdapress.it\/it\/..\/public\/it\/2018\/03\/61zAreVlzPL._SL500_-300x300.jpg 300w, https:\/\/www.gdapress.it\/it\/..\/public\/it\/2018\/03\/61zAreVlzPL._SL500_-150x150.jpg 150w, https:\/\/www.gdapress.it\/it\/..\/public\/it\/2018\/03\/61zAreVlzPL._SL500_-400x400.jpg 400w, https:\/\/www.gdapress.it\/it\/..\/public\/it\/2018\/03\/61zAreVlzPL._SL500_.jpg 500w\" sizes=\"auto, (max-width: 300px) 100vw, 300px\" \/><\/p>\n<p><strong>C\u2019E\u2019 CHI TI FA LEGGERE\u2026 CON LE ORECCHIE! <\/strong><\/p>\n<p><strong>AUDIBLE <\/strong><strong>TORNA A TEMPO DI LIBRI 2018<\/strong><\/p>\n<p><strong><em>A Fieramilanocity dall\u20198 al 12 marzo 2018, <\/em><\/strong><strong><em>uno studio di registrazione dove potersi misurare con la lettura professionale, oltre a un calendario di appuntamenti in collaborazione con Tempo di Libri.<\/em><\/strong><\/p>\n<p><strong>Uno studio di registrazione aperto al pubblico, dove poter diventare lettori professionisti per un momento, registrando la propria lettura preferita con i consigli di <\/strong><\/p>\n<p><strong>Valentina Mari e Gino La Monica.<\/strong><\/p>\n<p><strong>E ancora, tanti appuntamenti nel calendario di TdL insieme ai protagonisti di alcune novit\u00e0 Audible Original tra cui Roberta Bruzzone, Chef Carlo Cracco, Gianrico Carofiglio <\/strong><\/p>\n<p><strong>e John Peter Sloan.<\/strong><\/p>\n<p>Sapevi che ormai si pu\u00f2 <strong>leggere anche con le\u2026orecchie<\/strong>? <strong>Audible<\/strong>, societ\u00e0 Amazon leader nell\u2019audio entertainment di qualit\u00e0, ti invita anche quest\u2019anno a scoprire questa nuova modalit\u00e0 di lettura a <strong>Tempo di Libri 2018, attraverso i suoi audiolibri e podcast<\/strong>.<\/p>\n<p>Proprio all\u2019interno di Tempo di Libri, dall\u20198 al 12 marzo, presso il <strong>PAD. 4 stand D93-E96<\/strong>, Audible torna con un importante progetto, unico nel suo genere: uno<strong> studio di registrazione mobile<\/strong>, costruito ad hoc per l\u2019occasione, che vivr\u00e0 per tutta la durata della Fiera animandosi con diversi appuntamenti dedicati al pubblico e dar\u00e0 la possibilit\u00e0 a tutti di misurarsi come veri lettori professionisti, registrando un passo del proprio libro preferito. Audible, infatti, esiste per<strong> \u201cliberare il potere della parola narrata\u201d (\u201cto unleash the power of spoken words\u201d)<\/strong>, permettendo ai propri clienti di accedere a un\u2019esperienza unica e totalizzante, semplicemente grazie al potere della voce.<\/p>\n<p>E proprio il settore degli audiolibri, che sta manifestando negli ultimi due anni segnali crescenti di dinamicit\u00e0, sar\u00e0 protagonista di un dibattito in programma <strong>venerd\u00ec 9 dalle 14 alle 14,50 @Digital Caf\u00e8<\/strong> <strong>(PAD. 3)<\/strong>: Marco Azzani, country manager Audible Italia, dibatte con Gianni Peresson (AIE) e Sergio Polimene (Emons Italia) dei recenti sviluppi di questo comparto, presentando alcuni dati sul suo profilo socio-demografico e mettendo \u00a0in evidenza la rapidit\u00e0 dei cambiamenti nelle scelte di autori e generi, l\u2019apertura a nuove forme di narrazione.<\/p>\n<p>E ancora, sono 5 gli appuntamenti rivolti ai pi\u00f9 curiosi sperimentatori della nuova modalit\u00e0 di lettura, che vedranno protagonisti 6 talent che a marchio Audible Original hanno prodotto dei contenuti originali per l\u2019Italia:<\/p>\n<ul>\n<li><strong>Gioved\u00ec 8 dalle 14 alle 14,50 @Digital Caf\u00e8:<\/strong> <strong>ROBERTA BRUZZONE, psicologa e criminologa di fama internazionale, presenta \u201cProfessione Profiler\u201d<\/strong>, una nuova produzione <strong>Audible Original<\/strong> disponibile su Audible a partire da marzo.<\/li>\n<\/ul>\n<p><em>Dal cyberbullismo al manipolatore affettivo, dallo stupro al femminicidio: come sono cambiati i profili criminali nell\u2019epoca dei social network? Come riconoscere il pericolo nascosto dietro la tastiera? <\/em><\/p>\n<ul>\n<li><strong>Sabato 10 dalle 18 alle 18,50 @Sala Amber 3: CHEF CARLO CRACCO presenta \u201cLa Versione di Cracco\u201d, una nuova produzione Audible Original a partire da marzo.<br \/>\n<\/strong><em>Lo Chef Carlo Cracco si racconta attraverso un percorso di introspezione che tocca diversi sapori: la curiosit\u00e0, l\u2019esplorazione, il metodo, l\u2019amore per gli ingredienti, per arrivare a definire un menu gustoso, ovvero \u201cLa Versione di Cracco\u201d.<\/p>\n<p><\/em><\/li>\n<li><strong>Sabato 10 dalle 18 alle 18,50 @Digital Caf\u00e8: JOHN PETER SLOAN presenta \u201cListen and Learn\u201d, una produzione Audible Original gi\u00e0 disponibile su Audible.<\/strong><\/li>\n<\/ul>\n<p><em>Quando l\u2019inglese ti entra nelle orecchie: John Peter Sloan ti insegna a ottimizzare i tempi morti (mezzi pubblici, palestra, la corsa o le pulizie in casa) mettendo in pratica il buon proposito di sempre: imparare l\u2019inglese una volta per tutte.<\/em><\/p>\n<ul>\n<li><strong>Domenica 11 dalle ore 16 alle 16,50 @sala Amber 5: GIANRICO CAROFIGLIO presenta \u201cLe tre del mattino\u201d e \u201cLa casa nel bosco\u201d, gli audiolibri letti da se stesso e in distribuzione esclusiva su Audible a partire da marzo. <\/strong><\/li>\n<\/ul>\n<p><em>La memoria come una corrente sotterranea che lega tra loro esistenze lontane scorrendo silenziosa e imperturbabile. In occasione dell\u2019uscita degli audiolibri\u00a0Le tre del mattino\u00a0(Einaudi) e\u00a0La casa nel bosco\u00a0(Rizzoli), esclusiva Audible, un incontro sulle trame della vita, rievocate e raccontate.<\/em><\/p>\n<ul>\n<li><strong>Domenica dalle 19 alle 19,50 @Digital Caf\u00e8: VALENTINA MARI E GINO LA MONICA, attori e doppiatori che per tanti audiolibri Audible hanno prestato la loro voce, si confrontano sull\u2019<\/strong><a href=\"http:\/\/www.tempodilibri.it\/event\/larte-di-raccontare-e-la-lettura-ad-alta-voce\/\"><strong>arte di raccontare e la lettura ad alta voce<\/strong><\/a>.<\/li>\n<\/ul>\n<p><em>Quando la lettura ad alta voce diventa una professione: due \u201cmostri sacri\u201d a confronto, raccontano i segreti di un lavoro, quello del narratore professionista, dietro cui c\u2019\u00e8 ancora molto da scoprire.<\/em><\/p>\n<p><strong>Marco Azzani<\/strong>, <strong>Country Manager Audible Italia<\/strong>: \u201c<em>Siamo orgogliosi di essere nuovamente a Tempo di Libri: l\u2019esperienza dello scorso anno \u00e8 servita a far conoscere questa nuova possibilit\u00e0 di lettura e intrattenimento a chiunque ami la lettura e voglia apprezzarne una nuova sfumatura e colore. Quest\u2019anno, vogliamo proseguire in questo percorso, dando luce non solo agli audiolibri ma anche ai contenuti informativi e di intrattenimento in formato podcast o serie audio, che rappresentano un\u2019ulteriore sfumatura del concetto di lettura\u201d. <\/em><\/p>\n<p>A quasi due anni dal suo arrivo in Italia, <strong>Audible conferma la propria presenza alla seconda edizione milanese della Fiera dell\u2019Editoria Italiana<\/strong>, in cui la lettura \u2013 in tutte le sue sfaccettature \u2013 \u00e8 la vera protagonista: editori, autori, attori, booklovers, sperimentatori digitali si incontrano in uno spazio totalmente dedicato a questa grande passione che li unisce, esplorando grazie ad Audible una <strong>nuova dimensione dell\u2019intrattenimento e della cultura<\/strong>.<\/p>\n<p>Il catalogo italiano di Audible conta ad oggi <strong>oltre 13.500 titoli e 80.000 ore di ascolto<\/strong> gi\u00e0 accessibili in ogni momento e luogo. Un\u2019<strong>offerta premium e completamente digitale<\/strong>, proposta agli utenti attraverso una conveniente <strong>offerta \u201call you can listen\u201d: un pratico abbonamento mensile al costo di 9.99\u20ac, gratis per i primi 30 giorni di utilizzo<\/strong> <strong>e con accesso illimitato all\u2019intero catalogo<\/strong>. Gli utenti che si abbonano possono scaricare e godere, dai propri smartphone, pc e tablet, di migliaia di contenuti audio a qualsiasi ora, in qualsiasi luogo, senza interruzioni pubblicitarie, scaricabili e ascoltabili anche quando non si \u00e8 connessi a Internet.<\/p>\n<p>&nbsp;<\/p>\n<p><strong>About Audible<\/strong><\/p>\n<p>Audible GmbH, una societ\u00e0 di Amazon.com Inc., \u00e8 leader nel segmento dell\u2019intrattenimento e dell\u2019informazione audio digitale parlata di qualit\u00e0, e lavora ogni giorno per offrire ai propri clienti un\u2019esperienza superiore e pi\u00f9 soddisfacente nella loro vita quotidiana. Audible \u00e9 stata fondata per liberare la qualit\u00e0 musicale del linguaggio, offrire una nuova esperienza di ascolto e riaffermare la superiorit\u00e0 della parola parlata. Audible offre pi\u00f9 di 200.000 programmi audio provenienti dai pi\u00f9 importanti editori, broadcasters, artisti, performer e da riviste e quotidiani. Audible \u00e9 anche il fornitore principale di contenuti audio parlati su iTunes Store di Apple. Per maggiori informazioni visita: www.audible.it<\/p>\n<p><strong>About Amazon<\/strong><\/p>\n<p>Amazon.com ha aperto nel luglio 1995 nel World Wide Web. L\u2019azienda \u00e8 guidata da quattro principi: ossessione per il cliente piuttosto che attenzione verso la concorrenza, passione per l\u2019innovazione, impegno per un\u2019eccellenza operativa e visione a lungo termine. Le recensioni dei clienti, lo shopping 1-Click, le raccomandazioni personalizzate, Prime, Logistica di Amazon, AWS, Kindle Direct Publishing, Kindle, Fire Phone, i tablet Fire, Fire TV, Echo e Alexa sono alcuni dei prodotti e dei servizi introdotti da Amazon.<\/p>\n<p><strong>About Tempo di Libri<\/strong><\/p>\n<p>Tempo di Libri\u00a0\u00e8 una manifestazione organizzata da\u00a0La Fabbrica del Libro, joint venture costituita da\u00a0Fiera Milano\u00a0e da Ediser, societ\u00e0 di servizi dell\u2019Associazione Italiana Editori. AIE, con i suoi 148 anni di storia e di esperienza, e Fiera Milano, terzo operatore al mondo nel settore fieristico, hanno messo insieme le loro energie e la loro esperienza per creare e mettere in rete in modo nuovo gli eventi di promozione del libro e della lettura.<\/p>\n","protected":false},"excerpt":{"rendered":"<p>C\u2019E\u2019 CHI TI FA LEGGERE\u2026 CON LE ORECCHIE! AUDIBLE TORNA A TEMPO DI LIBRI 2018 A Fieramilanocity dall\u20198 al 12 marzo 2018, uno studio di registrazione dove potersi misurare con la lettura professionale, oltre a un calendario di appuntamenti in collaborazione con Tempo di Libri. Uno studio di registrazione aperto al pubblico, dove poter diventare &hellip; <a href=\"https:\/\/www.gdapress.it\/it\/index.php\/66113\/libri\/ce-ti-leggere-le-orecchie-audible-torna-tempo-libri-2018.html\" class=\"more-link\">Read more <span class=\"screen-reader-text\">C\u2019E\u2019 CHI TI FA LEGGERE\u2026 CON LE ORECCHIE!  AUDIBLE TORNA A TEMPO DI LIBRI 2018<\/span><\/a><\/p>\n","protected":false},"author":3,"featured_media":66114,"comment_status":"closed","ping_status":"open","sticky":false,"template":"","format":"standard","meta":{"footnotes":""},"categories":[6],"tags":[19710,2944,19697],"class_list":["post-66113","post","type-post","status-publish","format-standard","has-post-thumbnail","hentry","category-libri","tag-audible","tag-fieramilanocity","tag-tempo-di-libri"],"_links":{"self":[{"href":"https:\/\/www.gdapress.it\/it\/index.php\/wp-json\/wp\/v2\/posts\/66113","targetHints":{"allow":["GET"]}}],"collection":[{"href":"https:\/\/www.gdapress.it\/it\/index.php\/wp-json\/wp\/v2\/posts"}],"about":[{"href":"https:\/\/www.gdapress.it\/it\/index.php\/wp-json\/wp\/v2\/types\/post"}],"author":[{"embeddable":true,"href":"https:\/\/www.gdapress.it\/it\/index.php\/wp-json\/wp\/v2\/users\/3"}],"replies":[{"embeddable":true,"href":"https:\/\/www.gdapress.it\/it\/index.php\/wp-json\/wp\/v2\/comments?post=66113"}],"version-history":[{"count":1,"href":"https:\/\/www.gdapress.it\/it\/index.php\/wp-json\/wp\/v2\/posts\/66113\/revisions"}],"predecessor-version":[{"id":66115,"href":"https:\/\/www.gdapress.it\/it\/index.php\/wp-json\/wp\/v2\/posts\/66113\/revisions\/66115"}],"wp:featuredmedia":[{"embeddable":true,"href":"https:\/\/www.gdapress.it\/it\/index.php\/wp-json\/wp\/v2\/media\/66114"}],"wp:attachment":[{"href":"https:\/\/www.gdapress.it\/it\/index.php\/wp-json\/wp\/v2\/media?parent=66113"}],"wp:term":[{"taxonomy":"category","embeddable":true,"href":"https:\/\/www.gdapress.it\/it\/index.php\/wp-json\/wp\/v2\/categories?post=66113"},{"taxonomy":"post_tag","embeddable":true,"href":"https:\/\/www.gdapress.it\/it\/index.php\/wp-json\/wp\/v2\/tags?post=66113"}],"curies":[{"name":"wp","href":"https:\/\/api.w.org\/{rel}","templated":true}]}}