
{"id":65760,"date":"2018-02-08T18:34:01","date_gmt":"2018-02-08T16:34:01","guid":{"rendered":"http:\/\/www.gdapress.it\/it\/?p=65760"},"modified":"2018-02-08T18:34:01","modified_gmt":"2018-02-08T16:34:01","slug":"al-teatro-manzoni-raoul-bova-chiara-francini-due-luca-miniero-astutillo-smeriglia","status":"publish","type":"post","link":"https:\/\/www.gdapress.it\/it\/index.php\/65760\/teatro\/al-teatro-manzoni-raoul-bova-chiara-francini-due-luca-miniero-astutillo-smeriglia.html","title":{"rendered":"Al Teatro Manzoni RAOUL BOVA e CHIARA FRANCINI  in  DUE di Luca Miniero e Astutillo Smeriglia"},"content":{"rendered":"<p><img loading=\"lazy\" decoding=\"async\" class=\"alignnone size-medium wp-image-65763\" src=\"http:\/\/www.gdapress.it\/it\/..\/public\/it\/2018\/02\/P2070071-300x259.jpg\" alt=\"\" width=\"300\" height=\"259\" srcset=\"https:\/\/www.gdapress.it\/it\/..\/public\/it\/2018\/02\/P2070071-300x259.jpg 300w, https:\/\/www.gdapress.it\/it\/..\/public\/it\/2018\/02\/P2070071-768x662.jpg 768w, https:\/\/www.gdapress.it\/it\/..\/public\/it\/2018\/02\/P2070071-464x400.jpg 464w\" sizes=\"auto, (max-width: 300px) 100vw, 300px\" \/><\/p>\n<p style=\"text-align: left;\"><strong>Al Teatro Manzoni dall\u20198 al 25 febbraio 2018\u00a0<\/strong><\/p>\n<p style=\"text-align: left;\"><strong>Compagnia Enfi Teatro\u00a0\u00a0<\/strong><strong>Produzione Michele Gentile<\/strong><\/p>\n<p style=\"text-align: left;\">\u00a0presenta<\/p>\n<p style=\"text-align: left;\">\n<p style=\"text-align: left;\"><strong>RAOUL BOVA<\/strong><strong> e <\/strong><strong>CHIARA FRANCINI<\/strong><\/p>\n<p><img loading=\"lazy\" decoding=\"async\" class=\"alignnone size-medium wp-image-65762\" src=\"http:\/\/www.gdapress.it\/it\/..\/public\/it\/2018\/02\/DUE_Raoul-Bova-e-Chiara-FranciniRfabiolovino-4-300x200.jpg\" alt=\"\" width=\"300\" height=\"200\" srcset=\"https:\/\/www.gdapress.it\/it\/..\/public\/it\/2018\/02\/DUE_Raoul-Bova-e-Chiara-FranciniRfabiolovino-4-300x200.jpg 300w, https:\/\/www.gdapress.it\/it\/..\/public\/it\/2018\/02\/DUE_Raoul-Bova-e-Chiara-FranciniRfabiolovino-4-768x512.jpg 768w, https:\/\/www.gdapress.it\/it\/..\/public\/it\/2018\/02\/DUE_Raoul-Bova-e-Chiara-FranciniRfabiolovino-4-500x333.jpg 500w, https:\/\/www.gdapress.it\/it\/..\/public\/it\/2018\/02\/DUE_Raoul-Bova-e-Chiara-FranciniRfabiolovino-4-720x480.jpg 720w, https:\/\/www.gdapress.it\/it\/..\/public\/it\/2018\/02\/DUE_Raoul-Bova-e-Chiara-FranciniRfabiolovino-4-272x182.jpg 272w\" sizes=\"auto, (max-width: 300px) 100vw, 300px\" \/>\u00a0<img loading=\"lazy\" decoding=\"async\" class=\"alignnone size-medium wp-image-65761\" src=\"http:\/\/www.gdapress.it\/it\/..\/public\/it\/2018\/02\/DUE_Raoul-Bova-e-Chiara-FranciniRfabiolovino-2-300x203.jpg\" alt=\"\" width=\"300\" height=\"203\" srcset=\"https:\/\/www.gdapress.it\/it\/..\/public\/it\/2018\/02\/DUE_Raoul-Bova-e-Chiara-FranciniRfabiolovino-2-300x203.jpg 300w, https:\/\/www.gdapress.it\/it\/..\/public\/it\/2018\/02\/DUE_Raoul-Bova-e-Chiara-FranciniRfabiolovino-2-768x519.jpg 768w, https:\/\/www.gdapress.it\/it\/..\/public\/it\/2018\/02\/DUE_Raoul-Bova-e-Chiara-FranciniRfabiolovino-2-500x338.jpg 500w\" sizes=\"auto, (max-width: 300px) 100vw, 300px\" \/><\/p>\n<p style=\"text-align: left;\"><strong>in <\/strong><\/p>\n<h1 style=\"text-align: left;\"><strong>DUE <\/strong><\/h1>\n<p style=\"text-align: left;\"><strong>di <\/strong><strong>Luca Miniero e Astutillo Smeriglia<\/strong><\/p>\n<p style=\"text-align: left;\"><strong>regia di <\/strong><strong>LUCA MINIERO<\/strong><\/p>\n<p style=\"text-align: left;\">Aiuto Regia <strong>Paola Rota<\/strong><\/p>\n<p>Disegno Luci <strong>Daniele Cipr\u00ec<\/strong><\/p>\n<p>Scenografia <strong>Roberto Crea<\/strong><\/p>\n<p>Costumi <strong>Eleonora Rella<\/strong><\/p>\n<p><strong>Dopo il successo della scorsa stagione, confermato da numerosi \u201ctutto esaurito\u201d, approda al Teatro Manzoni <em>Due<\/em>, una produzione di Michele Gentile per la Compagnia Enfi Teatro diretta da Luca Miniero che vede sulla scena Raoul Bova e Chiara Francini nei panni di una coppia alla soglia della convivenza che si interroga sul futuro. <\/strong><\/p>\n<p><strong><em>Due<\/em>, che ha debuttato a febbraio dell\u2019anno scorso, rappresenta un ritorno al palcoscenico, per Raoul Bova, dopo vent\u2019anni di cinema e televisione, una conferma per Chiara Francini, che ha alle spalle numerose esperienze sul palco, e un esordio per Luca Miniero, dopo i successi sul grande schermo. La tourn\u00e9e prosegue fino ad aprile 2018 toccando numerose citt\u00e0.<\/strong><\/p>\n<p>La scena \u00e8 una stanza vuota. L&#8217;occasione \u00e8 l&#8217;inizio della convivenza che per tutti gli essere umani, sani di mente, \u00e8 un momento molto delicato. Che siano sposati o meno, etero oppure omo. Marco \u00e8 alle prese con il montaggio di un letto matrimoniale, Paola lo interroga sul loro futuro di coppia. Sapere oggi come sar\u00e0 Marco fra 20 anni, questa \u00e8 la sua pretesa. O forse la sua illusione. La diversa visione della vita insieme emerge prepotentemente nelle differenze fra maschile e femminile. Entrambi i due giovani evocheranno facce e personaggi del loro\u00a0 futuro e del loro passato: genitori, amanti, figli, amici che come in tutte le coppie turberanno la loro serenit\u00e0. Presenze interpretate dagli stessi due protagonisti che accompagneranno fisicamente in scena dei cartonati con le varie persone evocate dal loro dialogo. Alla fine il palco sar\u00e0 popolato da tutte queste sagome e dai due attori: l&#8217;immagine stilizzata di una vita di coppia reale, faticosa e a volte insensata. Perch\u00e9 non sempre ci accorgiamo che in due siamo molti di pi\u00f9. E montare un letto con tutte queste persone intorno, anzi paure, non sar\u00e0 mica una passeggiata.<\/p>\n<p><em>Luca Miniero<\/em><\/p>\n<p><strong>ORARI<\/strong>: feriali ore 20,45 &#8211; domenica ore 15,30<\/p>\n<p><strong>BIGLIETTI<\/strong>:<br \/>\n<strong>da marted\u00ec a venerd\u00ec <\/strong>Poltronissima Prestige \u20ac 35,00 &#8211; Poltronissima \u20ac 32,00 &#8211; Poltrona \u20ac 23,00<\/p>\n<p>Poltronissima under 26 \u20ac 15,00<\/p>\n<p><strong><br \/>\nsabato e domenica\u00a0\u00a0\u00a0 <\/strong>Poltronissima Prestige \u20ac 39,00 &#8211; Poltronissima \u20ac 35,00 &#8211; Poltrona \u20ac 25,00<\/p>\n<p>Poltronissima under 26 \u20ac 17,00<\/p>\n<p>Foto in evidenza di Gianni Marussi<\/p>\n","protected":false},"excerpt":{"rendered":"<p>Al Teatro Manzoni dall\u20198 al 25 febbraio 2018\u00a0 Compagnia Enfi Teatro\u00a0\u00a0Produzione Michele Gentile \u00a0presenta RAOUL BOVA e CHIARA FRANCINI \u00a0 in DUE di Luca Miniero e Astutillo Smeriglia regia di LUCA MINIERO Aiuto Regia Paola Rota Disegno Luci Daniele Cipr\u00ec Scenografia Roberto Crea Costumi Eleonora Rella Dopo il successo della scorsa stagione, confermato da numerosi &hellip; <a href=\"https:\/\/www.gdapress.it\/it\/index.php\/65760\/teatro\/al-teatro-manzoni-raoul-bova-chiara-francini-due-luca-miniero-astutillo-smeriglia.html\" class=\"more-link\">Read more <span class=\"screen-reader-text\">Al Teatro Manzoni RAOUL BOVA e CHIARA FRANCINI  in  DUE di Luca Miniero e Astutillo Smeriglia<\/span><\/a><\/p>\n","protected":false},"author":3,"featured_media":65763,"comment_status":"closed","ping_status":"open","sticky":false,"template":"","format":"standard","meta":{"footnotes":""},"categories":[1],"tags":[21635,21632,21633,21634,21631,750],"class_list":["post-65760","post","type-post","status-publish","format-standard","has-post-thumbnail","hentry","category-teatro","tag-astutillo-smeriglia","tag-chiara-francini","tag-due","tag-luca-miniero","tag-raoul-bova","tag-teatro-manzoni"],"_links":{"self":[{"href":"https:\/\/www.gdapress.it\/it\/index.php\/wp-json\/wp\/v2\/posts\/65760","targetHints":{"allow":["GET"]}}],"collection":[{"href":"https:\/\/www.gdapress.it\/it\/index.php\/wp-json\/wp\/v2\/posts"}],"about":[{"href":"https:\/\/www.gdapress.it\/it\/index.php\/wp-json\/wp\/v2\/types\/post"}],"author":[{"embeddable":true,"href":"https:\/\/www.gdapress.it\/it\/index.php\/wp-json\/wp\/v2\/users\/3"}],"replies":[{"embeddable":true,"href":"https:\/\/www.gdapress.it\/it\/index.php\/wp-json\/wp\/v2\/comments?post=65760"}],"version-history":[{"count":1,"href":"https:\/\/www.gdapress.it\/it\/index.php\/wp-json\/wp\/v2\/posts\/65760\/revisions"}],"predecessor-version":[{"id":65764,"href":"https:\/\/www.gdapress.it\/it\/index.php\/wp-json\/wp\/v2\/posts\/65760\/revisions\/65764"}],"wp:featuredmedia":[{"embeddable":true,"href":"https:\/\/www.gdapress.it\/it\/index.php\/wp-json\/wp\/v2\/media\/65763"}],"wp:attachment":[{"href":"https:\/\/www.gdapress.it\/it\/index.php\/wp-json\/wp\/v2\/media?parent=65760"}],"wp:term":[{"taxonomy":"category","embeddable":true,"href":"https:\/\/www.gdapress.it\/it\/index.php\/wp-json\/wp\/v2\/categories?post=65760"},{"taxonomy":"post_tag","embeddable":true,"href":"https:\/\/www.gdapress.it\/it\/index.php\/wp-json\/wp\/v2\/tags?post=65760"}],"curies":[{"name":"wp","href":"https:\/\/api.w.org\/{rel}","templated":true}]}}