
{"id":65478,"date":"2018-01-15T23:20:32","date_gmt":"2018-01-15T21:20:32","guid":{"rendered":"http:\/\/www.gdapress.it\/it\/?p=65478"},"modified":"2018-01-16T00:24:54","modified_gmt":"2018-01-15T22:24:54","slug":"pietro-mascagni-capsule-collection-linea-accessori-uomo-ispirata-al-musicista-compositore-italiano","status":"publish","type":"post","link":"https:\/\/www.gdapress.it\/it\/index.php\/65478\/costume\/pietro-mascagni-capsule-collection-linea-accessori-uomo-ispirata-al-musicista-compositore-italiano.html","title":{"rendered":"Pietro Mascagni capsule Collection: una linea di accessori da uomo ispirata al musicista e compositore italiano"},"content":{"rendered":"<p><img loading=\"lazy\" decoding=\"async\" class=\"alignnone size-medium wp-image-65479\" src=\"http:\/\/www.gdapress.it\/it\/..\/public\/it\/2018\/01\/pietro-mascagni-collection-300x200.jpg\" alt=\"\" width=\"300\" height=\"200\" srcset=\"https:\/\/www.gdapress.it\/it\/..\/public\/it\/2018\/01\/pietro-mascagni-collection-300x200.jpg 300w, https:\/\/www.gdapress.it\/it\/..\/public\/it\/2018\/01\/pietro-mascagni-collection-768x512.jpg 768w, https:\/\/www.gdapress.it\/it\/..\/public\/it\/2018\/01\/pietro-mascagni-collection-500x333.jpg 500w, https:\/\/www.gdapress.it\/it\/..\/public\/it\/2018\/01\/pietro-mascagni-collection-720x480.jpg 720w, https:\/\/www.gdapress.it\/it\/..\/public\/it\/2018\/01\/pietro-mascagni-collection-272x182.jpg 272w, https:\/\/www.gdapress.it\/it\/..\/public\/it\/2018\/01\/pietro-mascagni-collection.jpg 1024w\" sizes=\"auto, (max-width: 300px) 100vw, 300px\" \/>\u00a0<img loading=\"lazy\" decoding=\"async\" class=\"alignnone size-medium wp-image-65480\" src=\"http:\/\/www.gdapress.it\/it\/..\/public\/it\/2018\/01\/Vanity-fair-207x300.jpg\" alt=\"\" width=\"207\" height=\"300\" srcset=\"https:\/\/www.gdapress.it\/it\/..\/public\/it\/2018\/01\/Vanity-fair-207x300.jpg 207w, https:\/\/www.gdapress.it\/it\/..\/public\/it\/2018\/01\/Vanity-fair-768x1114.jpg 768w, https:\/\/www.gdapress.it\/it\/..\/public\/it\/2018\/01\/Vanity-fair-276x400.jpg 276w, https:\/\/www.gdapress.it\/it\/..\/public\/it\/2018\/01\/Vanity-fair.jpg 858w\" sizes=\"auto, (max-width: 207px) 100vw, 207px\" \/><\/p>\n<p><strong>Pietro Mascagni capsule Collection:<\/strong> <strong>una linea di accessori da uomo ispirata al musicista e compositore italiano<\/strong><\/p>\n<p><strong>Grand Hotel Plaza Roma \u2013 venerd\u00ec 26 gennaio 2018 ore 18,00<\/strong><\/p>\n<p><img loading=\"lazy\" decoding=\"async\" class=\"alignnone size-medium wp-image-65481\" src=\"http:\/\/www.gdapress.it\/it\/..\/public\/it\/2018\/01\/15.time-low-228x300.jpg\" alt=\"\" width=\"228\" height=\"300\" srcset=\"https:\/\/www.gdapress.it\/it\/..\/public\/it\/2018\/01\/15.time-low-228x300.jpg 228w, https:\/\/www.gdapress.it\/it\/..\/public\/it\/2018\/01\/15.time-low.jpg 768w, https:\/\/www.gdapress.it\/it\/..\/public\/it\/2018\/01\/15.time-low-304x400.jpg 304w\" sizes=\"auto, (max-width: 228px) 100vw, 228px\" \/><\/p>\n<p>Pietro Mascagni (Livorno, 7 dicembre 1863 \u2013 Roma, 2 agosto 1945) non \u00e8 solo un notissimo compositore e direttore d\u2019orchestra le cui opere sono ancora oggi eseguite nei teatri di tutto il mondo. Uomo di rara bellezza,era dotato di un suo stile personale ricercato ed originale, tanto da essere cos\u00ec descritto nelle cronache mondane dell\u2019epoca: <em>\u201ccon l&#8217;immagine mitica dell&#8217;uomo felice, che associava in s\u00e9 la giovinezza e la fama, un prototipo irresistibile della razza latina estrosamente calzato, vestito e pettinato\u201d.<\/em><\/p>\n<p>Amato dalle donne, invidiato dagli uomini per la sua fama e la sua originalit\u00e0, ha letteralmente creato uno stile: sceglieva accessori, inventava acconciature, esibiva comportamenti a volte provocatori. Tutto questo &#8211; abbinato alla grande notoriet\u00e0 di compositore e musicista &#8211; ha fatto di lui, per i suoi contemporanei, un esempio da ammirare, criticare, emulare. Famose riviste, tra cui l\u2019inglese <strong>TIME<\/strong> e l\u2019americana <strong>VANITY FAIR <\/strong>hanno dedicato a Mascagni numerose copertine, in cui il Maestro veniva ritratto in tutta la sua originalit\u00e0.<\/p>\n<p><strong>Come la sua musica, cos\u00ec anche il suo stile ha valicato i limiti del tempo, e con il linguaggio dei nostri tempi, possiamo definirlo un trend setter ed influencer ancora straordinariamente attuale, e il suo gusto raffinato ed eccentrico rivive in una capsule collection di accessori da uomo fatta di gilet, gemelli, borse da viaggio, pochette e foulard. <\/strong><\/p>\n<p>La collezione, che verr\u00e0 presentata al Grand Hotel Plaza nell\u2019ambito del calendario di AltaRoma, \u00e8 nata per volont\u00e0 del Comitato Promotore Maestro Pietro Mascagni, e ricrea il suo stile inconfondibile attraverso accessori di abbigliamento particolari, realizzati da aziende italiane di grande artigianalit\u00e0 e qualit\u00e0. Ogni oggetto della collezione \u00e8 ispirato a quelli indossati dal Maestro, riprendendo un suo \u201cway of life\u201d, sempre in viaggio ed alla ricerca di innovazioni e spunti interessanti. I colori, le sete e i disegni degli accessori sono tutti stati studiati ed ideati dal Comitato per la PIETRO MASCAGNI Capsule Collection. L\u2019etichetta ed il packaging di ogni prodotto, preparato su misura ed in esclusiva, \u00e8 siglato dalla firma del compositore. Anche la scelta della location non \u00e8 casuale: l\u2019Hotel Plaza di Roma \u00e8 stato la sua casa per 17 anni, e l\u2019evento si terr\u00e0 nella sala in cui ancora oggi si trova il pianoforte <em>grancoda<\/em> del Maestro,\u00a0 su cui Mascagni studiava e componeva le sue opere.<\/p>\n<p>La collezione \u00e8 in vendita presso punti vendita selezionati e in e-commerce sul sito <a href=\"https:\/\/www.pietromascagni.com\/index.php\/capsule-collection\"><em>https:\/\/www.pietromascagni.com\/index.php\/capsule-collection<\/em><\/a><\/p>\n<p><strong>Pietro Mascagni<\/strong>\u00a0(Livorno,\u00a07 dicembre\u00a01863\u00a0\u2013\u00a0Roma,\u00a02 agosto\u00a01945) \u00e8 stato un\u00a0compositore\u00a0e\u00a0direttore d&#8217;orchestra\u00a0italiano. Mascagni visse a cavallo tra\u00a0Ottocento\u00a0e\u00a0Novecento, occupando un posto di rilievo nel panorama musicale dell&#8217;epoca, soprattutto grazie al successo immediato e popolare ottenuto nel\u00a01890\u00a0con la sua prima opera,\u00a0<em>Cavalleria rusticana<\/em>. Cavalleria fu la prima di altre 15 opere per cui Mascagni ebbe una popolarit\u00e0 mondiale, insieme a pochi altri compositori. Alcune di esse sono entrate stabilmente in repertorio, come ad esempio l&#8217;Iris, che tocc\u00f2 la ragguardevole cifra di 800 produzioni. Fu anche un prodigo e versatile direttore d\u2019orchestra e affermato sperimentatore di musiche per il cinema. Mascagni strinse amicizia con molti intellettuali e artisti del suo tempo, tra cui i pittori Giovanni Fattori, Gaetano Previati, Plinio Nomellini ed ebbe un rapporto molto stretto con D\u2019Annunzio, che prima lo critic\u00f2 definendolo nel 1892 \u201cun capobanda\u201d e poi lo esalt\u00f2 e collabor\u00f2 con lui. L&#8217;iconografia classica immortala Mascagni con il consueto sigaro toscano tra le labbra e la folta capigliatura che lo ha fatto diventare famoso: il cosiddetto taglio alla Mascagni.<\/p>\n<p><strong>Comitato Promotore Maestro Pietro Mascagni<\/strong>. Fondato nel 2012 dalla nipote <strong>Maria Teresa <\/strong>e da alcune pronipoti del Maestro di intesa con il resto della famiglia Mascagni, il Comitato ha come obiettivola diffusione e promozione in Italia e all&#8217;estero della figura e della produzione artistica del Maestro Pietro Mascagni. Il Comitato si propone di sviluppare, in particolare, la realizzazione di alcuni obiettivi specifici, tra cui la creazione e digitalizzazione dell&#8217;archivio dei manoscritti e delle riproduzioni, delle opere del Maestro, dei cimeli, degli autografi, dei documenti, degli strumenti musicali e di ogni altro bene attinente alla vita ed attivit\u00e0 artistica del Maestro Pietro Mascagni, unitamente all&#8217;organizzazione di eventi promozionali, culturali e teatrali in Italia ed all\u2019estero e all&#8217;organizzazione di iniziative e collaborazioni con diversi soggetti pubblici e privati, persone fisiche e\/o giuridiche, italiane e internazionali.<\/p>\n<p>&nbsp;<\/p>\n","protected":false},"excerpt":{"rendered":"<p>\u00a0 Pietro Mascagni capsule Collection: una linea di accessori da uomo ispirata al musicista e compositore italiano Grand Hotel Plaza Roma \u2013 venerd\u00ec 26 gennaio 2018 ore 18,00 Pietro Mascagni (Livorno, 7 dicembre 1863 \u2013 Roma, 2 agosto 1945) non \u00e8 solo un notissimo compositore e direttore d\u2019orchestra le cui opere sono ancora oggi eseguite &hellip; <a href=\"https:\/\/www.gdapress.it\/it\/index.php\/65478\/costume\/pietro-mascagni-capsule-collection-linea-accessori-uomo-ispirata-al-musicista-compositore-italiano.html\" class=\"more-link\">Read more <span class=\"screen-reader-text\">Pietro Mascagni capsule Collection: una linea di accessori da uomo ispirata al musicista e compositore italiano<\/span><\/a><\/p>\n","protected":false},"author":3,"featured_media":65479,"comment_status":"closed","ping_status":"open","sticky":false,"template":"","format":"standard","meta":{"footnotes":""},"categories":[2244],"tags":[18372,21404,21405,21403],"class_list":["post-65478","post","type-post","status-publish","format-standard","has-post-thumbnail","hentry","category-costume","tag-altaroma","tag-capsule-collection","tag-grand-hotel-plaza","tag-pietro-mascagni"],"_links":{"self":[{"href":"https:\/\/www.gdapress.it\/it\/index.php\/wp-json\/wp\/v2\/posts\/65478","targetHints":{"allow":["GET"]}}],"collection":[{"href":"https:\/\/www.gdapress.it\/it\/index.php\/wp-json\/wp\/v2\/posts"}],"about":[{"href":"https:\/\/www.gdapress.it\/it\/index.php\/wp-json\/wp\/v2\/types\/post"}],"author":[{"embeddable":true,"href":"https:\/\/www.gdapress.it\/it\/index.php\/wp-json\/wp\/v2\/users\/3"}],"replies":[{"embeddable":true,"href":"https:\/\/www.gdapress.it\/it\/index.php\/wp-json\/wp\/v2\/comments?post=65478"}],"version-history":[{"count":1,"href":"https:\/\/www.gdapress.it\/it\/index.php\/wp-json\/wp\/v2\/posts\/65478\/revisions"}],"predecessor-version":[{"id":65482,"href":"https:\/\/www.gdapress.it\/it\/index.php\/wp-json\/wp\/v2\/posts\/65478\/revisions\/65482"}],"wp:featuredmedia":[{"embeddable":true,"href":"https:\/\/www.gdapress.it\/it\/index.php\/wp-json\/wp\/v2\/media\/65479"}],"wp:attachment":[{"href":"https:\/\/www.gdapress.it\/it\/index.php\/wp-json\/wp\/v2\/media?parent=65478"}],"wp:term":[{"taxonomy":"category","embeddable":true,"href":"https:\/\/www.gdapress.it\/it\/index.php\/wp-json\/wp\/v2\/categories?post=65478"},{"taxonomy":"post_tag","embeddable":true,"href":"https:\/\/www.gdapress.it\/it\/index.php\/wp-json\/wp\/v2\/tags?post=65478"}],"curies":[{"name":"wp","href":"https:\/\/api.w.org\/{rel}","templated":true}]}}