
{"id":65242,"date":"2017-12-01T10:36:35","date_gmt":"2017-12-01T08:36:35","guid":{"rendered":"http:\/\/www.gdapress.it\/it\/?p=65242"},"modified":"2017-12-14T10:41:06","modified_gmt":"2017-12-14T08:41:06","slug":"elena-miro-primo-flagship-store-piazza-scala","status":"publish","type":"post","link":"https:\/\/www.gdapress.it\/it\/index.php\/65242\/costume\/elena-miro-primo-flagship-store-piazza-scala.html","title":{"rendered":"ELENA MIR\u00d2 PRIMO FLAGSHIP STORE IN PIAZZA SCALA"},"content":{"rendered":"<p align=\"center\"><img loading=\"lazy\" decoding=\"async\" class=\"alignnone size-medium wp-image-65243\" src=\"http:\/\/www.gdapress.it\/it\/..\/public\/it\/2017\/12\/ELENA-MIRO-PIAZZA-SCALA_1-300x200.jpg\" alt=\"\" width=\"300\" height=\"200\" srcset=\"https:\/\/www.gdapress.it\/it\/..\/public\/it\/2017\/12\/ELENA-MIRO-PIAZZA-SCALA_1-300x200.jpg 300w, https:\/\/www.gdapress.it\/it\/..\/public\/it\/2017\/12\/ELENA-MIRO-PIAZZA-SCALA_1-768x512.jpg 768w, https:\/\/www.gdapress.it\/it\/..\/public\/it\/2017\/12\/ELENA-MIRO-PIAZZA-SCALA_1-500x333.jpg 500w, https:\/\/www.gdapress.it\/it\/..\/public\/it\/2017\/12\/ELENA-MIRO-PIAZZA-SCALA_1-720x480.jpg 720w, https:\/\/www.gdapress.it\/it\/..\/public\/it\/2017\/12\/ELENA-MIRO-PIAZZA-SCALA_1.jpg 1080w, https:\/\/www.gdapress.it\/it\/..\/public\/it\/2017\/12\/ELENA-MIRO-PIAZZA-SCALA_1-272x182.jpg 272w\" sizes=\"auto, (max-width: 300px) 100vw, 300px\" \/><\/p>\n<p class=\"x_MsoNormal\" align=\"center\"><b>ELENA MIR\u00d2 HA INAUGURATO IL PRIMO FLAGSHIP STORE IN PIAZZA SCALA<br \/>\nE RID\u00c0 LUCE AD UNA LOCATION STORICA NEL CUORE DI MILANO<\/b><b><\/b><\/p>\n<p class=\"x_MsoNormal\">\n<p class=\"x_MsoNormal\">\u00a0Elena Mir\u00f2, il brand espressione della femminilit\u00e0, del pr\u00eat-\u00e0-porter dal tocco italiano, dell\u2019expertise nella costruzione di un abito,ha\u00a0 inaugurato a Milano il primo Flagship Store interamente concepito per valorizzare in ogni suo aspetto l\u2019animo e la personalit\u00e0 delle proprie clienti:\u00a0<b>350 metri quadrati<\/b>\u00a0<b>con<\/b>\u00a0<b>5 vetrine<\/b>\u00a0su via Manzoni che si affacciano su Piazza della Scala.<\/p>\n<p class=\"x_MsoNormal\">Una location unica in Milano di cui in pochi conoscono la storia. Un racconto che comincia nel 1400 quando il nobile Giovanni Rodolfo Vismara dona ai Frati Minori Osservanti del convento di Santa Maria degli Angeli parte di un edificio che nel tempo prender\u00e0 il nome di\u00a0<b>\u201cC\u00e0 delle Comare\u201d<\/b>. Sulla stessa area, ed a pochi metri, nel 1778 l\u2019inaugurazione del<b>Teatro alla Scala<\/b>\u00a0che deve il suo nome alla chiesa di Santa Maria della Scala, sulle cui ceneri venne costruito. Nel 1817 sar\u00e0 proprio il palazzo tra via Verdi e via Manzoni a dare i natali allo storico\u00a0<b>Caff\u00e8 Cova<\/b>, che diventer\u00e0 sempre pi\u00f9 il centro di ritrovo della cultura milanese. Con la seconda guerra mondiale, arriveranno i danni e la distruzione e solo grazie al lavoro di architetti come Antonio Cassi Ramelli, sar\u00e0 possibile restituire vita e bellezza all\u2019edificio.<\/p>\n<p class=\"x_MsoNormal\">Il nuovo progetto di Elena Mir\u00f2 parte proprio dalla volont\u00e0 di rispettare l\u2019heritage del luogo. Il lavoro portato avanti dal team architetti di Elena Mir\u00f2 si \u00e8 \u201cnutrito\u201d della storia, del design, delle specificit\u00e0 architettoniche dell\u2019edificio andando a ricreare al suo interno un ambiente che possiede un tono alto ma allo stesso tempo accogliente. Un grande lavoro di restyling, iniziato a Giugno 2017, che si \u00e8 concluso a tempo di record nel mese di Ottobre. Ora l\u2019intero palazzo \u00e8 anche dotato di un impianto di illuminazione esterno che restituisce valore e suggestione negli orari notturni. Una luce che proviene dal palazzo e che restituisce vita e preziosit\u00e0 all\u2019edificio, rendendo Piazza della Scala ancora pi\u00f9 magica. Un lavoro realizzato nel pieno rispetto del luogo.<\/p>\n<p class=\"x_MsoNormal\">L\u2019intervento architettonico interno ed esterno sulla location ha mantenuto a guida del progetto alcuni segni forti, come le arcate esterne ed interne, ed alcuni materiali, poi reinterpretati, tratti direttamente dagli allestimenti originali dell\u2019edifico.\u00a0<i>\u201cL\u2019equilibrio tra elementi classici e contemporanei\u201d\u00a0<\/i>argomenta<i>\u00a0<\/i><b>Andrea Vignolo, architetto di Miroglio Fashion<\/b>\u00a0<i>\u201c\u00e8 il punto fondamentale di tutto il lavoro e si legge e sintetizza al meglio nel diamante in acciaio lucido che, posizionato al centro dello store, esprime il desiderio di contemporaneit\u00e0 del brand, in armonica contrapposizione rispetto agli elementi pi\u00f9 classici. Fanno comparsa finiture preziose, in galvaniche ottone e bronzo, pavimenti in legno posati a spiga e marmi di pregio, dettagli tessili. Forma archetipa ricorrente e citata nel design di arredi ed ambienti, l\u2019arco, come figura di riferimento essenziale del linguaggio architettonico italiano, abbraccio ideale, emblematico simbolo di inclusione\u201d.<\/i><b><\/b><\/p>\n<p class=\"x_MsoNormal\"><b>Martino Boselli, Brand Director di Elena Mir\u00f2<\/b>\u00a0prosegue\u00a0<i>\u201cPer noi \u00e8 un ulteriore step della strategia di un brand da sempre vicino alle donne, 365 giorni l\u2019anno. Una pluridecennale conoscenza delle nostre clienti, del loro lifestyle, delle loro abitudini e aspettative, di cui il brand ha saputo far tesoro arrivando a progettare oggi un flagship store in cui spazi ed elementi architettonici sono concepiti per interpretare in modo intimistico l\u2019essenza \u2018curvy\u2019 della donna e offrirle una shopping experience davvero personale\u201d.<\/i><\/p>\n<p class=\"x_MsoNormal\"><b>Hans Hoegstedt, AD di Miroglio Fashion<\/b>, promotore di questo nuovo progetto conclude\u00a0<i>\u201cIl nuovo Flagship Store di Elena Mir\u00f2 assume una importanza fondamentale nel percorso strategico di Miroglio Fashion. Ci sentiamo soprattutto responsabili nei confronti di tutti i milanesi e orgogliosi di aver restituito alla citt\u00e0 una location con una grande storia che parte dal 1400 e si sviluppa nel tempo. Una storia a cui, attraverso il nostro spazio, vogliamo dare forza e continuit\u00e0\u201d.<\/i><\/p>\n<p class=\"x_MsoNoSpacing\"><b><u>Elena Mir\u00f2<\/u><\/b><\/p>\n<p class=\"x_MsoNormal\">Oggi Elena Mir\u00f2 \u00e8 il brand con maggiore notoriet\u00e0 all\u2019interno del segmento curvy (fonte GFK-Eurisko brand tracking Italia 2016). Una forza ed una reputation importante, costruita in 32 anni di storia attraverso le collezioni, i negozi, l\u2019immagine e vari progetti di comunicazione.<\/p>\n<p class=\"x_MsoNormal\">Elena Mir\u00f2 nasce nel 1985 e fin dagli anni \u201990 ha scelto di rappresentare i suoi valori e la sua filosofia con campagne di comunicazione disruptive e idee originali ma sempre cercando di valorizzare la femminilit\u00e0 di ogni donna al di l\u00e0 delle forme. Una filosofia portata avanti nelle ultime tre stagioni anche attraverso la preziosa collaborazione con Vanessa Incontrada, brand ambassador e stilista della capsule collection \u201cVanessa Incontrada disegna Elena Mir\u00f2\u201d.<\/p>\n<p class=\"x_MsoNormal\">Elena Mir\u00f2 \u00e8 stata nel 2005 la prima marca curvy a sfilare nel corso della settimana di Milano Collezioni, raccontando un mondo fatto di femminilit\u00e0, gusto, stile abbinato al sorriso. Un modo differente di concepire la moda e che ha portato nel 2007 ad un importante riconoscimento da parte del Presidente della Repubblica Giorgio Napolitano.<\/p>\n<p class=\"x_MsoNormal\">Le persone che oggi danno vita alle collezioni del marchio: 15 stilisti, 42 modelliste e 11 sarte. Un team con un forte know how su stile e vestibilit\u00e0 presente all\u2019interno dell\u2019Atelier Elena Mir\u00f2.<\/p>\n<p class=\"x_MsoNormal\">Il brand \u00e8 presente in 28 paesi con 244 punti vendita monomarca (di cui 147 in Italia) e attraverso 872 negozi wholesale (di cui 542 in Italia).<\/p>\n<p class=\"x_MsoNormal\">I principali paesi di distribuzione di Elena Mir\u00f2 sono: Italia, Spagna, Francia, Germania e Russia.<\/p>\n<p class=\"x_MsoNormal\">Elena Mir\u00f2 \u00e8 uno dei 12 brand di Miroglio Fashion, la terza azienda sul mercato italiano dell\u2019abbigliamento femminile, societ\u00e0 del Gruppo Miroglio, nato nel 1947 e leader nel tessile e abbigliamento.<\/p>\n<p class=\"x_MsoNormal\">Il lancio del nuovo Flagship Store rientra nel progetto aziendale \u201c300 in 300\u201d, varato a inizio 2017 da Miroglio Fashion sui suoi brand, che prevede un investimento di 15 milioni di euro per l\u2019apertura e il restyling di 300 punti vendita in 300 giorni.<\/p>\n<p class=\"x_MsoNormal\">\n","protected":false},"excerpt":{"rendered":"<p>ELENA MIR\u00d2 HA INAUGURATO IL PRIMO FLAGSHIP STORE IN PIAZZA SCALA E RID\u00c0 LUCE AD UNA LOCATION STORICA NEL CUORE DI MILANO \u00a0Elena Mir\u00f2, il brand espressione della femminilit\u00e0, del pr\u00eat-\u00e0-porter dal tocco italiano, dell\u2019expertise nella costruzione di un abito,ha\u00a0 inaugurato a Milano il primo Flagship Store interamente concepito per valorizzare in ogni suo aspetto &hellip; <a href=\"https:\/\/www.gdapress.it\/it\/index.php\/65242\/costume\/elena-miro-primo-flagship-store-piazza-scala.html\" class=\"more-link\">Read more <span class=\"screen-reader-text\">ELENA MIR\u00d2 PRIMO FLAGSHIP STORE IN PIAZZA SCALA<\/span><\/a><\/p>\n","protected":false},"author":3,"featured_media":65243,"comment_status":"closed","ping_status":"open","sticky":false,"template":"","format":"standard","meta":{"footnotes":""},"categories":[2244],"tags":[21281,15275,21282],"class_list":["post-65242","post","type-post","status-publish","format-standard","has-post-thumbnail","hentry","category-costume","tag-elena-miro","tag-piazza-scala","tag-primo-flagship-store"],"_links":{"self":[{"href":"https:\/\/www.gdapress.it\/it\/index.php\/wp-json\/wp\/v2\/posts\/65242","targetHints":{"allow":["GET"]}}],"collection":[{"href":"https:\/\/www.gdapress.it\/it\/index.php\/wp-json\/wp\/v2\/posts"}],"about":[{"href":"https:\/\/www.gdapress.it\/it\/index.php\/wp-json\/wp\/v2\/types\/post"}],"author":[{"embeddable":true,"href":"https:\/\/www.gdapress.it\/it\/index.php\/wp-json\/wp\/v2\/users\/3"}],"replies":[{"embeddable":true,"href":"https:\/\/www.gdapress.it\/it\/index.php\/wp-json\/wp\/v2\/comments?post=65242"}],"version-history":[{"count":1,"href":"https:\/\/www.gdapress.it\/it\/index.php\/wp-json\/wp\/v2\/posts\/65242\/revisions"}],"predecessor-version":[{"id":65244,"href":"https:\/\/www.gdapress.it\/it\/index.php\/wp-json\/wp\/v2\/posts\/65242\/revisions\/65244"}],"wp:featuredmedia":[{"embeddable":true,"href":"https:\/\/www.gdapress.it\/it\/index.php\/wp-json\/wp\/v2\/media\/65243"}],"wp:attachment":[{"href":"https:\/\/www.gdapress.it\/it\/index.php\/wp-json\/wp\/v2\/media?parent=65242"}],"wp:term":[{"taxonomy":"category","embeddable":true,"href":"https:\/\/www.gdapress.it\/it\/index.php\/wp-json\/wp\/v2\/categories?post=65242"},{"taxonomy":"post_tag","embeddable":true,"href":"https:\/\/www.gdapress.it\/it\/index.php\/wp-json\/wp\/v2\/tags?post=65242"}],"curies":[{"name":"wp","href":"https:\/\/api.w.org\/{rel}","templated":true}]}}