
{"id":65234,"date":"2017-12-14T03:18:17","date_gmt":"2017-12-14T01:18:17","guid":{"rendered":"http:\/\/www.gdapress.it\/it\/?p=65234"},"modified":"2017-12-14T03:18:17","modified_gmt":"2017-12-14T01:18:17","slug":"ermanno-scervino-annuncia-lancio-del-suo-primo-profumo","status":"publish","type":"post","link":"https:\/\/www.gdapress.it\/it\/index.php\/65234\/benessere\/ermanno-scervino-annuncia-lancio-del-suo-primo-profumo.html","title":{"rendered":"ERMANNO SCERVINO ANNUNCIA IL LANCIO DEL SUO PRIMO PROFUMO"},"content":{"rendered":"<p><img loading=\"lazy\" decoding=\"async\" class=\"alignnone size-medium wp-image-65235\" src=\"http:\/\/www.gdapress.it\/it\/..\/public\/it\/2017\/12\/th-300x225.jpg\" alt=\"\" width=\"300\" height=\"225\" \/><\/p>\n<p><strong>ERMANNO SCERVINO ANNUNCIA IL LANCIO DEL SUO PRIMO PROFUMO<\/strong><\/p>\n<p>Ermanno Scervino ha il piacere di annunciare di aver siglato un accordo di licenza per lo sviluppo, il marketing e la distribuzione della prima fragranza Ermanno Scervino.<\/p>\n<p>L&#8217;accordo, che ha validit\u00e0 a livello mondiale e una durata iniziale di 5 anni, prevede il lancio della fragranza nel secondo semestre del 2018.<\/p>\n<p>Il partner scelto da Ermanno Scervino \u00e8 Mavive SpA, azienda familiare italiana profondamente radicata nel territorio di Venezia. Con i suoi prodotti, Mavive proietta nella modernit\u00e0 il patrimonio mercantile del capoluogo veneto, per secoli crocevia di passaggio delle pi\u00f9 pregiate essenze di tutto il mondo. La valorizzazione e l\u2019attualizzazione di questa tradizione, costante obiettivo di Mavive, si sposano perfettamente con la filosofia di Ermanno Scervino che, nell\u2019abbigliamento, reinterpreta secondo i canoni della modernit\u00e0 il know how artigianale.<\/p>\n<p>\u201cIl lancio del nostro primo profumo \u00e8 un ulteriore, importante passo nell\u2019ambito di una strategia di crescita ed espansione del brand che abbiamo intrapreso nell\u2019ultimo biennio. Mavive, un\u2019azienda italiana attenta alla tradizione ma proiettata al futuro, ci \u00e8 sembrata da subito il partner perfetto. Condividiamo i profondi valori di artigianalit\u00e0, cura del dettaglio e altissima qualit\u00e0 produttiva. Siamo certi che questa collaborazione ci permetter\u00e0 di raggiungere traguardi ambiziosi,\u201d ha dichiarato Toni Scervino, CEO della Maison.<\/p>\n<p>\u201cSiamo lieti di aggiungere Ermanno Scervino tra le nostre pi\u00f9 significative licenze poich\u00e9 rappresenta una eccellenza nella moda italiana con un\u2019identit\u00e0 unica, uno stile straordinario che gioca su elementi di assoluto pregio che possono essere la fonte da cui trarre dei concetti chiave per creare un profumo iconico che possa avere successo a livello internazionale. Sar\u00e0 una sfida coinvolgente perch\u00e9 \u00e8 il primo profumo di un marchio cos\u00ec ricco di valori, una realt\u00e0 che ben si combina con la nostra vocazione e che ci permetter\u00e0 di affermarci nella distribuzione della profumeria selettiva internazionale,\u201d ha dichiarato Massimo Vidal, CEO di Mavive.<\/p>\n<p><strong>ERMANNO SCERVINO<\/strong><\/p>\n<p>La Maison Ermanno Scervino nasce a Firenze nel 2000, diventando da subito sinonimo di qualit\u00e0 Made in Italy e di uno stile internazionale. Con la sua moda, distribuita oggi in 48 boutique monobrand, ha reinventato il concetto di pr\u00eat-\u00e0-porter, evolvendolo in una couture- \u00e0-porter. Le creazioni di Ermanno Scervino sono ottenute tramite lavorazioni artigianali d\u2019eccellenza di sapore haute couture. Il designer lavora al servizio della bellezza femminile vestendo le donne di oggi, sensuali, eleganti, glamour, moderne e internazionali, creando abiti che esaltino la forza della donna che li indossa.<\/p>\n<p><strong>MAVIVE SPA<\/strong><\/p>\n<p>Mavive Spa, fondata nel 1986 da Massimo Vidal, nasce dalla nota azienda familiare, la \u201cVidal Profumi\u201d ed \u00e8 oggi rappresentata dalla terza e quarta generazione della famiglia Vidal che ha iniziato ad operare nel mondo della cura della persona nel 1900. Oggi la Mavive Spa \u00e8 una realt\u00e0 con una forte presenza sia nel mercato italiano che in quello estero, dove opera in pi\u00f9 di 90 paesi in tutto il mondo. Nel 2017 l\u2019azienda continua il suo trend di crescita con un volume d\u2019affari complessivo Italia ed Estero a livello wholesale di oltre 60 milioni e con un\u2019incidenza dell\u2019Export del 70%.<\/p>\n<p>&nbsp;<\/p>\n","protected":false},"excerpt":{"rendered":"<p>ERMANNO SCERVINO ANNUNCIA IL LANCIO DEL SUO PRIMO PROFUMO Ermanno Scervino ha il piacere di annunciare di aver siglato un accordo di licenza per lo sviluppo, il marketing e la distribuzione della prima fragranza Ermanno Scervino. L&#8217;accordo, che ha validit\u00e0 a livello mondiale e una durata iniziale di 5 anni, prevede il lancio della fragranza &hellip; <a href=\"https:\/\/www.gdapress.it\/it\/index.php\/65234\/benessere\/ermanno-scervino-annuncia-lancio-del-suo-primo-profumo.html\" class=\"more-link\">Read more <span class=\"screen-reader-text\">ERMANNO SCERVINO ANNUNCIA IL LANCIO DEL SUO PRIMO PROFUMO<\/span><\/a><\/p>\n","protected":false},"author":3,"featured_media":65235,"comment_status":"closed","ping_status":"open","sticky":false,"template":"","format":"standard","meta":{"footnotes":""},"categories":[729],"tags":[19375,21275,21274,1991,21276],"class_list":["post-65234","post","type-post","status-publish","format-standard","has-post-thumbnail","hentry","category-benessere","tag-ermanno-scervino","tag-massimo-vidal","tag-mavive-spa","tag-profumo","tag-toni-scervino"],"_links":{"self":[{"href":"https:\/\/www.gdapress.it\/it\/index.php\/wp-json\/wp\/v2\/posts\/65234","targetHints":{"allow":["GET"]}}],"collection":[{"href":"https:\/\/www.gdapress.it\/it\/index.php\/wp-json\/wp\/v2\/posts"}],"about":[{"href":"https:\/\/www.gdapress.it\/it\/index.php\/wp-json\/wp\/v2\/types\/post"}],"author":[{"embeddable":true,"href":"https:\/\/www.gdapress.it\/it\/index.php\/wp-json\/wp\/v2\/users\/3"}],"replies":[{"embeddable":true,"href":"https:\/\/www.gdapress.it\/it\/index.php\/wp-json\/wp\/v2\/comments?post=65234"}],"version-history":[{"count":1,"href":"https:\/\/www.gdapress.it\/it\/index.php\/wp-json\/wp\/v2\/posts\/65234\/revisions"}],"predecessor-version":[{"id":65236,"href":"https:\/\/www.gdapress.it\/it\/index.php\/wp-json\/wp\/v2\/posts\/65234\/revisions\/65236"}],"wp:featuredmedia":[{"embeddable":true,"href":"https:\/\/www.gdapress.it\/it\/index.php\/wp-json\/wp\/v2\/media\/65235"}],"wp:attachment":[{"href":"https:\/\/www.gdapress.it\/it\/index.php\/wp-json\/wp\/v2\/media?parent=65234"}],"wp:term":[{"taxonomy":"category","embeddable":true,"href":"https:\/\/www.gdapress.it\/it\/index.php\/wp-json\/wp\/v2\/categories?post=65234"},{"taxonomy":"post_tag","embeddable":true,"href":"https:\/\/www.gdapress.it\/it\/index.php\/wp-json\/wp\/v2\/tags?post=65234"}],"curies":[{"name":"wp","href":"https:\/\/api.w.org\/{rel}","templated":true}]}}