
{"id":65206,"date":"2017-12-12T10:10:25","date_gmt":"2017-12-12T08:10:25","guid":{"rendered":"http:\/\/www.gdapress.it\/it\/?p=65206"},"modified":"2017-12-12T10:10:25","modified_gmt":"2017-12-12T08:10:25","slug":"ars-arte-riuso-sostenibilita-del-vetro-premio-arte-laguna-consorzio-coreve-insieme-premiare-larte-sostenibile-originale-creativa","status":"publish","type":"post","link":"https:\/\/www.gdapress.it\/it\/index.php\/65206\/arte\/ars-arte-riuso-sostenibilita-del-vetro-premio-arte-laguna-consorzio-coreve-insieme-premiare-larte-sostenibile-originale-creativa.html","title":{"rendered":"ARS: Arte Riuso e Sostenibilit\u00e0 del Vetro, il Premio Arte Laguna e il Consorzio CoReVe insieme per premiare l\u2019arte sostenibile, originale e creativa"},"content":{"rendered":"<p><img loading=\"lazy\" decoding=\"async\" class=\"alignnone size-medium wp-image-65207\" src=\"http:\/\/www.gdapress.it\/it\/..\/public\/it\/2017\/12\/arsenale_esterno_location_mostra-300x200.jpg\" alt=\"\" width=\"300\" height=\"200\" srcset=\"https:\/\/www.gdapress.it\/it\/..\/public\/it\/2017\/12\/arsenale_esterno_location_mostra-300x200.jpg 300w, https:\/\/www.gdapress.it\/it\/..\/public\/it\/2017\/12\/arsenale_esterno_location_mostra-768x512.jpg 768w, https:\/\/www.gdapress.it\/it\/..\/public\/it\/2017\/12\/arsenale_esterno_location_mostra-500x333.jpg 500w, https:\/\/www.gdapress.it\/it\/..\/public\/it\/2017\/12\/arsenale_esterno_location_mostra-720x480.jpg 720w, https:\/\/www.gdapress.it\/it\/..\/public\/it\/2017\/12\/arsenale_esterno_location_mostra-272x182.jpg 272w, https:\/\/www.gdapress.it\/it\/..\/public\/it\/2017\/12\/arsenale_esterno_location_mostra.jpg 1500w\" sizes=\"auto, (max-width: 300px) 100vw, 300px\" \/><\/p>\n<p><strong>ARS: Arte Riuso e Sostenibilit\u00e0 del Vetro, il Premio Arte Laguna e il Consorzio CoReVe insieme per premiare l\u2019arte sostenibile, originale e creativa<\/strong><\/p>\n<p>Sostenibilit\u00e0 e arte: il Premio Arte Laguna promotore di riuso e sostenibilit\u00e0 del Vetro<\/p>\n<p><em>CoReVe, il Consorzio nazionale per la raccolta, il riciclo e il recupero dei rifiuti di imballaggio in vetro prodotti sul territorio nazionale, sostiene la sezione dedicata a Sostenibilit\u00e0 e Arte della dodicesima edizione del Premio Arte Laguna con un premio in denaro al miglior artista<\/em><\/p>\n<p><strong><em>\u00a0<\/em><\/strong>\u00a0Con il patrocinio morale del Ministero dell&#8217;Ambiente e della Tutela del Territorio e del Mare si apre la call for artist del premio Arte Laguna anche per la sezione dedicata all\u2019arte e alla sostenibilit\u00e0<\/p>\n<p>Giunto alla 12^ edizione il Premio Arte Laguna, promosso da MoCa, Associazione Culturale con sede a Venezia che opera nell\u2019ambito, dell\u2019arte e della cultura dal 2006, quest\u2019anno insieme a CoReVe, il Consorzio Nazionale per la raccolta, il riciclo e il recupero dei rifiuti di imballaggio in vetro e in collaborazione con ArcSOS \u2013 Archivi della Sostenibilit\u00e0, Universit\u00e0 Ca\u2019 Foscari Venezia, apre le candidature agli artisti per il premio ARS &#8211; Arte Riuso e Sostenibilit\u00e0 del vetro.<\/p>\n<p>Dal 2015 il Premio Arte Laguna ha dato vita ad una sezione speciale del concorso dedicata alla Sostenibilit\u00e0 e all\u2019Arte promuovendo una sensibilizzazione del gesto artistico, della creativit\u00e0 nel design e in generale delle arti visive e performative nei confronti delle strategie di Riuso Riduco Riciclo di alcuni materiali. Alla prima edizione, dedicata alla carta, hanno preso parte oltre 250 artisti provenienti da 46 Paesi.<\/p>\n<p>Appuntamento quindi con la sostenibilit\u00e0, con il riuso e il riciclo consapevole in linea con le tendenze europee e nazionali che vedono una propensione sempre pi\u00f9 crescente negli stili di vita, attenti all\u2019ambiente anche nel mondo dell\u2019arte. Ma soprattutto promozione di un atto creativo consapevole dell\u2019ambiente, in linea con la visione di CoReVe, che punta a riciclare tutti gli imballaggi in vetro che i consumatori usano in Italia, chiedendo loro per\u00f2 di fare attenzione a non mescolarli con altri materiali, in particolare con la ceramica, con il cristallo e con il pyrex. In questo modo non saranno necessarie le materie prime (sabbia da cava, soda e carbonati dall\u2019industria chimica) si risparmier\u00e0 pi\u00f9 energia (il riciclo attuale del vetro da imballaggio gi\u00e0 permette di risparmiare ogni anno l\u2019equivalente di metano necessario alla citt\u00e0 di Genova per gli usi domestici), si emetter\u00e0 in atmosfera meno gas serra (la diminuzione annua di emissione attualmente ottenuta riciclando il vetro equivale a quanto pu\u00f2 assorbire una foresta grande come la Puglia).<\/p>\n<p>ARS, Arte Riuso e Sostenibilit\u00e0 sar\u00e0 dunque dedicato al vetro con un duplice obiettivo: promuovere l\u2019arte sostenibile e contribuire alla divulgazione di un preciso messaggio legato al riciclo consapevole<\/p>\n<p>La giuria sar\u00e0 composta da una apposita commissione di cui faranno parte, oltre al Presidente di giuria del Premio Arte Laguna e curatore Igor Zanti, un referente di ArcSOS &#8211; Archivi della Sostenibilit\u00e0, Universit\u00e0 Ca\u2019 Foscari e uno o pi\u00f9 rappresentanti di CoReVe. <strong>Il vincitore<\/strong>, a cui spetter\u00e0 un <strong>premio di 3.000 euro<\/strong>, verr\u00e0 proclamato in occasione della cerimonia di inaugurazione della mostra dei finalisti del Premio Arte Laguna all\u2019Arsenale di Venezia il 17 Marzo 2018.<\/p>\n<p>Il concorso \u00e8 aperto ad artisti, designer, fotografi, video artisti e performer dai quali ci si attende grande originalit\u00e0 e creativit\u00e0 nella trattazione del tema proposto. La commissione auspica che il Premio non venga declinato semplicemente come \u201cnuove estetiche\u201d del riciclo, bens\u00ec si aspetta dai partecipanti l\u2019inaspettato, perch\u00e9 come sosteneva Jean Dubuffet: \u201cL\u2019arte non si addormenta mai l\u00e0 dove le preparano il letto\u201d.<\/p>\n<p>Le candidature dovranno pervenire entro il 18 dicembre 2017<\/p>\n<p>Maggiori informazioni e bando di concorso sono disponibili su <a href=\"http:\/\/www.premioartelaguna.it\/\">www.premioartelaguna.it<\/a><\/p>\n<p>PARTNER:<\/p>\n<p>Gli Archivi della Sostenibilit\u00e0 (ArcSOS) dell\u2019Universit\u00e0 Ca\u2019 Foscari Venezia sono un centro di documentazione, formazione, ricerca e divulgazione inerente ai temi della sostenibilit\u00e0 integrata: eco-etica, economica e socio-culturale. Gli ArcSOS organizzano incontri, conferenze, dibattiti, workshop, e promuovono mostre ed eventi in ambito nazionale e internazionale (www.unive.it\/arcsos).<\/p>\n<p><strong>CoReVe<\/strong><\/p>\n<p>CoReVe \u00e8 il Consorzio senza fini di lucro che ha per scopo il raggiungimento degli obiettivi di riciclo e recupero dei rifiuti di imballaggio in vetro prodotti sul territorio italiano. \u00c8 stato istituito dai principali gruppi vetrari italiani il 23 ottobre 1997 in ottemperanza al Decreto Legislativo 22\/97 per gestire il ritiro dei rifiuti in vetro provenienti dalla raccolta differenziata, per predisporre le linee guida per le attivit\u00e0 di prevenzione e per garantire l\u2019avvio al riciclo del vetro raccolto.<\/p>\n<p>In particolare CoReVe si occupa dell\u2019informazione diretta al cittadino riguardante i temi del riciclo e recupero dei rifiuti in vetro e predispone il programma specifico di prevenzione con le linee guida per raggiungere gli obiettivi di riciclo.<\/p>\n<p>Il Consorzio considera di particolare importanza le attivit\u00e0 di comunicazione intraprese nei riguardi dei cittadini, veri protagonisti della raccolta differenziata. In linea con questo concetto, la creazione del premio speciale vuole costituire un momento di ulteriore sensibilizzazione sui principi del riciclo. Importante sar\u00e0 l\u2019originalit\u00e0 delle opere e il loro impatto affinch\u00e9 esse illustrino le peculiarit\u00e0 del vetro, materiale che \u00e8 la rappresentazione perfetta dell\u2019economia circolare in quanto, senza degradarsi, pu\u00f2 ripetere infinite volte il ciclo \u201cproduzione dell\u2019imballaggi- riempimento-utilizzazione- rifiuto-raccolta-riciclo-produzione di un nuovo imballaggio\u201d.<\/p>\n<p>www.premioartelaguna.it\u00a0\u00a0\u00a0 #artelagunaprize\u00a0\u00a0 #premioartelaguna<\/p>\n","protected":false},"excerpt":{"rendered":"<p>ARS: Arte Riuso e Sostenibilit\u00e0 del Vetro, il Premio Arte Laguna e il Consorzio CoReVe insieme per premiare l\u2019arte sostenibile, originale e creativa Sostenibilit\u00e0 e arte: il Premio Arte Laguna promotore di riuso e sostenibilit\u00e0 del Vetro CoReVe, il Consorzio nazionale per la raccolta, il riciclo e il recupero dei rifiuti di imballaggio in vetro &hellip; <a href=\"https:\/\/www.gdapress.it\/it\/index.php\/65206\/arte\/ars-arte-riuso-sostenibilita-del-vetro-premio-arte-laguna-consorzio-coreve-insieme-premiare-larte-sostenibile-originale-creativa.html\" class=\"more-link\">Read more <span class=\"screen-reader-text\">ARS: Arte Riuso e Sostenibilit\u00e0 del Vetro, il Premio Arte Laguna e il Consorzio CoReVe insieme per premiare l\u2019arte sostenibile, originale e creativa<\/span><\/a><\/p>\n","protected":false},"author":3,"featured_media":65207,"comment_status":"closed","ping_status":"open","sticky":false,"template":"","format":"standard","meta":{"footnotes":""},"categories":[4],"tags":[391,21250,21253,21252,21251],"class_list":["post-65206","post","type-post","status-publish","format-standard","has-post-thumbnail","hentry","category-arte","tag-ars","tag-arte-riuso","tag-consorzio-coreve","tag-premio-arte-laguna","tag-sostenibilita-del-vetro"],"_links":{"self":[{"href":"https:\/\/www.gdapress.it\/it\/index.php\/wp-json\/wp\/v2\/posts\/65206","targetHints":{"allow":["GET"]}}],"collection":[{"href":"https:\/\/www.gdapress.it\/it\/index.php\/wp-json\/wp\/v2\/posts"}],"about":[{"href":"https:\/\/www.gdapress.it\/it\/index.php\/wp-json\/wp\/v2\/types\/post"}],"author":[{"embeddable":true,"href":"https:\/\/www.gdapress.it\/it\/index.php\/wp-json\/wp\/v2\/users\/3"}],"replies":[{"embeddable":true,"href":"https:\/\/www.gdapress.it\/it\/index.php\/wp-json\/wp\/v2\/comments?post=65206"}],"version-history":[{"count":1,"href":"https:\/\/www.gdapress.it\/it\/index.php\/wp-json\/wp\/v2\/posts\/65206\/revisions"}],"predecessor-version":[{"id":65208,"href":"https:\/\/www.gdapress.it\/it\/index.php\/wp-json\/wp\/v2\/posts\/65206\/revisions\/65208"}],"wp:featuredmedia":[{"embeddable":true,"href":"https:\/\/www.gdapress.it\/it\/index.php\/wp-json\/wp\/v2\/media\/65207"}],"wp:attachment":[{"href":"https:\/\/www.gdapress.it\/it\/index.php\/wp-json\/wp\/v2\/media?parent=65206"}],"wp:term":[{"taxonomy":"category","embeddable":true,"href":"https:\/\/www.gdapress.it\/it\/index.php\/wp-json\/wp\/v2\/categories?post=65206"},{"taxonomy":"post_tag","embeddable":true,"href":"https:\/\/www.gdapress.it\/it\/index.php\/wp-json\/wp\/v2\/tags?post=65206"}],"curies":[{"name":"wp","href":"https:\/\/api.w.org\/{rel}","templated":true}]}}