
{"id":65127,"date":"2017-12-11T00:29:16","date_gmt":"2017-12-10T22:29:16","guid":{"rendered":"http:\/\/www.gdapress.it\/it\/?p=65127"},"modified":"2017-12-11T00:29:16","modified_gmt":"2017-12-10T22:29:16","slug":"17-dicembre-liniziativa-natale-spontini-anche-occasione-solidarieta","status":"publish","type":"post","link":"https:\/\/www.gdapress.it\/it\/index.php\/65127\/appuntamenti\/17-dicembre-liniziativa-natale-spontini-anche-occasione-solidarieta.html","title":{"rendered":"IL 17 DICEMBRE L\u2019INIZIATIVA \u201cIL NATALE DI SPONTINI\u00ae \u00c8 ANCHE UNA OCCASIONE DI SOLIDARIET\u00c0\u201d"},"content":{"rendered":"<p><img loading=\"lazy\" decoding=\"async\" class=\"alignnone size-medium wp-image-65128\" src=\"http:\/\/www.gdapress.it\/it\/..\/public\/it\/2017\/12\/e3fe1a4d-fd5f-425f-9d2f-284437f3dc44-300x200.jpg\" alt=\"\" width=\"300\" height=\"200\" srcset=\"https:\/\/www.gdapress.it\/it\/..\/public\/it\/2017\/12\/e3fe1a4d-fd5f-425f-9d2f-284437f3dc44-300x200.jpg 300w, https:\/\/www.gdapress.it\/it\/..\/public\/it\/2017\/12\/e3fe1a4d-fd5f-425f-9d2f-284437f3dc44-768x513.jpg 768w, https:\/\/www.gdapress.it\/it\/..\/public\/it\/2017\/12\/e3fe1a4d-fd5f-425f-9d2f-284437f3dc44-500x334.jpg 500w, https:\/\/www.gdapress.it\/it\/..\/public\/it\/2017\/12\/e3fe1a4d-fd5f-425f-9d2f-284437f3dc44-720x480.jpg 720w, https:\/\/www.gdapress.it\/it\/..\/public\/it\/2017\/12\/e3fe1a4d-fd5f-425f-9d2f-284437f3dc44-272x182.jpg 272w\" sizes=\"auto, (max-width: 300px) 100vw, 300px\" \/><\/p>\n<p><strong>IL 17 DICEMBRE L\u2019INIZIATIVA \u201cIL NATALE DI SPONTINI\u00ae \u00c8 ANCHE UNA OCCASIONE DI SOLIDARIET\u00c0\u201d<\/strong><\/p>\n<p><strong>La celebre azienda milanese produttrice di pizze doner\u00e0 un pasto caldo (pizza e bibita) ai senza dimora della citt\u00e0 ospiti nelle strutture vicino alla Stazione Centrale. Uno stand sar\u00e0 presente in piazza Duca d\u2019Aosta per fare lo stesso con i senzatetto che di giorno, abitualmente, si fermano in quell\u2019area<\/strong><\/p>\n<p>Affiancare la crescita aziendale ad attivit\u00e0 di condivisione e solidariet\u00e0 \u00e8 possibile e deve essere fatto. \u00c8 questo il principio sul quale si fonda la filosofia di Spontini\u00ae\u00a0che dopo l\u2019iniziativa natalizia del tram di luci e, lo scorso anno, del flashmob col coro gospel, continua ad interpretare le festivit\u00e0 di Natale come una occasione per stare vicino alla citt\u00e0 di Milano e ringraziare i suoi abitanti per l\u2019affetto che da sempre dimostrano\u00a0all&#8217;azienda. Protagonisti dell\u2019iniziativa di quest\u2019anno, il 17 dicembre, sono gli ospiti dei centri di accoglienza del Comune di Milano che, attraverso l\u2019Assessorato alle Politiche Sociali, \u00e8 parte attiva nella realizzazione del progetto.<\/p>\n<p>&#8220;Ringraziamo Spontini per questo gesto di solidariet\u00e0 e vicinanza ai senza dimora della citt\u00e0. Con questa storica catena della ristorazione milanese abbiamo avviato negli ultimi anni una collaborazione proficua che tramite l\u2019utilizzo delle borse lavoro del Comune ha permesso l\u2019inserimento nei loro negozi di molti giovani in difficolt\u00e0 avviandoli ad una prima attivit\u00e0. Questa collaborazione continuer\u00e0 anche nel nuovo anno consolidando un rapporto tra pubblico e privato che ha dato finora grandi risultati&#8221; \u00e8 il commento di Pierfrancesco Majorino, assessore alle Politiche sociali del Comune di Milano.<\/p>\n<p>&#8220;Sono molto felice di presentare la prima edizione del progetto &#8216;Il Natale di Spontini\u00ae \u00e8 anche una occasione di solidariet\u00e0&#8217;, una grande festa per le persone pi\u00f9 fragili, organizzata in collaborazione col Comune di Milano. Il capoluogo lombardo \u00e8 una grande citt\u00e0, aperta e generosa e Spontini\u00ae \u00e8 espressione di questa realt\u00e0 che interpreta cercando di restituire parte della fortuna e dell\u2019affetto che le \u00e8 stato dato. Natale diventa per noi un momento di condivisione con quello che sappiamo fare meglio, la nostra pizza e la nostra compagnia per far s\u00ec che Natale sia un momento di gioia e speranza per tutti. Speriamo, inoltre, che questo evento possa aprire un nuovo ciclo e diventare un appuntamento annuale fisso per la citt\u00e0.\u201d spiega Massimo Innocenti, Executive CEO di Spontini Holding.<\/p>\n<p><strong>Programma della giornata<\/strong><\/p>\n<p>\u201cIl Natale di Spontini\u00ae\u201d \u00e8 un evento rivolto agli ospiti delle Onlus attive sul territorio di Milano tra cui Associazione City Angels Lombardia Onlus, Fondazione Progetto Arca, Fondazione Fratelli di San Francesco d&#8217;Assisi, REMAR Italia Onlus, che domenica 17 dicembre potranno consumare un pasto caldo e una bibita consegnata presso i loro centri, in particolare quelli situati intorno alla Stazione Centrale.<\/p>\n<p>Per offrire la stessa possibilit\u00e0 anche ai senza fissa dimora che non vivono in una struttura, ma solitamente si fermano di giorno nell\u2019area della Stazione Centrale, una tendostruttura \u00e8 stata\u00a0appositamente costruita in Piazza Duca D\u2019Aosta.<\/p>\n<p>La struttura, riscaldata, avr\u00e0 una ampiezza di 100 metri quadrati e una capienza di 80 posti a sedere. La pizza verr\u00e0 fornita dal punto vendita Spontini\u00ae attiguo alla piazza, quello di Piazza Duca D\u2019Aosta.<\/p>\n<p>La giornata si aprir\u00e0 alle ore 11:00 con un incontro con la stampa e un concerto gospel rivolto a tutta la cittadinanza.<\/p>\n<p><strong>Spontini\u00ae Impegno Etico<\/strong><\/p>\n<p>Spontini\u00ae \u00e8 attivo sul territorio con attivit\u00e0 di Impegno Etico volte ad aiutare chi \u00e8 meno fortunato, a dare la possibilit\u00e0 di un lavoro a chi ne ha bisogno, a rendere la citt\u00e0 ancora pi\u00f9 bella. Dal 2013 \u00e8 vicino all\u2019Associazione CAF, storica realt\u00e0 milanese di aiuto alle famiglie in difficolt\u00e0 che accoglie nelle sue strutture minori vittime di abusi. Dal 2016 Spontini\u00ae ha inoltre iniziato una collaborazione col CELAV, il servizio del Settore Servizi Sociali per Adulti in Difficolt\u00e0 del Comune di Milano che favorisce l\u2019integrazione lavorativa di soggetti in condizione di svantaggio e disagio personale, familiare o sociale che hanno difficolt\u00e0 ad inserirsi nel circuito produttivo autonomamente. Inoltre, da quattro anni Spontini\u00ae collabora con il Comune di Milano per la manutenzione di aree verdi pubbliche della citt\u00e0 vicine alle proprie pizzerie.<\/p>\n<p>Spontini\u00ae &#8211; Nata a Milano nel 1953 da una bottega dava ristoro ai milanesi nel boom economico del dopoguerra, Spontini\u00ae \u00e8\u00a0oggi una realt\u00e0\u00a0imprenditoriale internazionale che segue il ritmo cittadino: una pizza al trancio veloce, gustosa e di qualit\u00e0. La famiglia Innocenti, alla guida dell\u2019azienda dal 1977, \u00e8 proprietaria del marchio Spontini\u00ae e con Spontini Holding gestisce lo sviluppo nazionale ed internazionale. (<a href=\"https:\/\/stefaniaviti.us12.list-manage.com\/track\/click?u=6cb06108c4b79adad1a7a61a0&amp;id=187509d437&amp;e=70a2288b70\" target=\"_blank\" rel=\"noopener noreferrer\">pizzeriaspontini.it<\/a>)<\/p>\n","protected":false},"excerpt":{"rendered":"<p>IL 17 DICEMBRE L\u2019INIZIATIVA \u201cIL NATALE DI SPONTINI\u00ae \u00c8 ANCHE UNA OCCASIONE DI SOLIDARIET\u00c0\u201d La celebre azienda milanese produttrice di pizze doner\u00e0 un pasto caldo (pizza e bibita) ai senza dimora della citt\u00e0 ospiti nelle strutture vicino alla Stazione Centrale. Uno stand sar\u00e0 presente in piazza Duca d\u2019Aosta per fare lo stesso con i senzatetto &hellip; <a href=\"https:\/\/www.gdapress.it\/it\/index.php\/65127\/appuntamenti\/17-dicembre-liniziativa-natale-spontini-anche-occasione-solidarieta.html\" class=\"more-link\">Read more <span class=\"screen-reader-text\">IL 17 DICEMBRE L\u2019INIZIATIVA \u201cIL NATALE DI SPONTINI\u00ae \u00c8 ANCHE UNA OCCASIONE DI SOLIDARIET\u00c0\u201d<\/span><\/a><\/p>\n","protected":false},"author":3,"featured_media":65128,"comment_status":"closed","ping_status":"open","sticky":false,"template":"","format":"standard","meta":{"footnotes":""},"categories":[2245],"tags":[2850,21213],"class_list":["post-65127","post","type-post","status-publish","format-standard","has-post-thumbnail","hentry","category-appuntamenti","tag-solidarieta","tag-il-natale-di-spontini"],"_links":{"self":[{"href":"https:\/\/www.gdapress.it\/it\/index.php\/wp-json\/wp\/v2\/posts\/65127","targetHints":{"allow":["GET"]}}],"collection":[{"href":"https:\/\/www.gdapress.it\/it\/index.php\/wp-json\/wp\/v2\/posts"}],"about":[{"href":"https:\/\/www.gdapress.it\/it\/index.php\/wp-json\/wp\/v2\/types\/post"}],"author":[{"embeddable":true,"href":"https:\/\/www.gdapress.it\/it\/index.php\/wp-json\/wp\/v2\/users\/3"}],"replies":[{"embeddable":true,"href":"https:\/\/www.gdapress.it\/it\/index.php\/wp-json\/wp\/v2\/comments?post=65127"}],"version-history":[{"count":1,"href":"https:\/\/www.gdapress.it\/it\/index.php\/wp-json\/wp\/v2\/posts\/65127\/revisions"}],"predecessor-version":[{"id":65129,"href":"https:\/\/www.gdapress.it\/it\/index.php\/wp-json\/wp\/v2\/posts\/65127\/revisions\/65129"}],"wp:featuredmedia":[{"embeddable":true,"href":"https:\/\/www.gdapress.it\/it\/index.php\/wp-json\/wp\/v2\/media\/65128"}],"wp:attachment":[{"href":"https:\/\/www.gdapress.it\/it\/index.php\/wp-json\/wp\/v2\/media?parent=65127"}],"wp:term":[{"taxonomy":"category","embeddable":true,"href":"https:\/\/www.gdapress.it\/it\/index.php\/wp-json\/wp\/v2\/categories?post=65127"},{"taxonomy":"post_tag","embeddable":true,"href":"https:\/\/www.gdapress.it\/it\/index.php\/wp-json\/wp\/v2\/tags?post=65127"}],"curies":[{"name":"wp","href":"https:\/\/api.w.org\/{rel}","templated":true}]}}