
{"id":64980,"date":"2017-10-24T23:27:50","date_gmt":"2017-10-24T21:27:50","guid":{"rendered":"http:\/\/www.gdapress.it\/it\/?p=64980"},"modified":"2017-11-29T23:31:14","modified_gmt":"2017-11-29T21:31:14","slug":"cura-della-bellezza-delluomo-nella-sky-spa-dellhotel-terme-merano","status":"publish","type":"post","link":"https:\/\/www.gdapress.it\/it\/index.php\/64980\/benessere\/cura-della-bellezza-delluomo-nella-sky-spa-dellhotel-terme-merano.html","title":{"rendered":"Cura della bellezza dell\u2019uomo nella Sky Spa dell\u2019Hotel Terme Merano."},"content":{"rendered":"<p><img loading=\"lazy\" decoding=\"async\" class=\"size-medium wp-image-64981\" src=\"http:\/\/www.gdapress.it\/it\/..\/public\/it\/2017\/11\/d83e9bf9-37f7-4c53-97dd-4d21e5bdc2c7-300x201.jpg\" alt=\"\" width=\"300\" height=\"201\" srcset=\"https:\/\/www.gdapress.it\/it\/..\/public\/it\/2017\/11\/d83e9bf9-37f7-4c53-97dd-4d21e5bdc2c7-300x201.jpg 300w, https:\/\/www.gdapress.it\/it\/..\/public\/it\/2017\/11\/d83e9bf9-37f7-4c53-97dd-4d21e5bdc2c7-500x334.jpg 500w, https:\/\/www.gdapress.it\/it\/..\/public\/it\/2017\/11\/d83e9bf9-37f7-4c53-97dd-4d21e5bdc2c7-272x182.jpg 272w, https:\/\/www.gdapress.it\/it\/..\/public\/it\/2017\/11\/d83e9bf9-37f7-4c53-97dd-4d21e5bdc2c7.jpg 510w\" sizes=\"auto, (max-width: 300px) 100vw, 300px\" \/><\/p>\n<h3>Cura della bellezza dell\u2019uomo nella Sky Spa dell\u2019Hotel Terme Merano.<br \/>\n<strong>Al quarto piano dell\u2019Hotel Terme Merano, nella \u00a0nuova Sky Spa, si pensa anche al benessere e alla bellezza dell\u2019uomo grazie ai trattamenti intensivi studiati appositamente per il viso maschile. Men Power, Scalp Treatment Men e Radiant Eyes Men propongono massaggi mirati a migliorare la salute e la bellezza della pelle dell\u2019uomo.<\/strong><\/h3>\n<p>Chi l\u2019ha detto che la cura del viso e la bellezza della pelle siano questioni solo al femminile? Per gli esperti della <a href=\"http:\/\/stefaniamafalda.us12.list-manage.com\/track\/click?u=25c5d837a09bb1047c0dece8d&amp;id=39dcf005ba&amp;e=c7aab478a1\">Sky Spa dell\u2019Hotel Terme Merano<\/a> la bellezza non ha genere ed \u00e8 un obiettivo comune volto al sentirsi bene prima di tutto con s\u00e9 stessi. In quest\u2019ottica sono stati studiati lo Scalp Treatment Men, il Radiant Eyes Men e il Men Power, trattamenti riservati esclusivamente gli uomini che desiderano regalarsi un momento di relax e allo stesso tempo rinfrescare naturlamente la pelle del viso.<\/p>\n<p>Lo Scalp Treatment Men \u00e8 uno speciale massaggio alla testa dai molteplici benefici: oltre ad apportare relax profondo e a sciogliere le tensioni, stimola la crescita del capello grazie a 25 minuti di manipolazioni e carezze del cuoio capelluto. Si concentra invece sul contorno occhi il Radiant Eyes Men, un rapido aiuto per pelli stanche e bisognose soprattutto in questa delicata zona del viso. \u00c8 sufficiente che l\u2019ospite si affidi 25 minuti alle sapienti mani dell\u2019esperto per ottenere un effetto ringiovanimento: piccole rughe e gonfiori vengono distesi rassodando il contorno occhi, che assume un aspetto pi\u00f9 giovane e luminoso. Pi\u00f9 completo il Men Power , trattamento intensivo di 50 minuti per pelli maschili stressate, che assicura idratazione profonda e una pelle visibilmente pi\u00e0 soda e giovane.<\/p>\n<p>Questi e molti altri trattamenti benessere completano l\u2019offerta internazionale della Sky Spa, il nuovo tempio del wellness al quarto piano dell\u2019<a href=\"http:\/\/stefaniamafalda.us12.list-manage.com\/track\/click?u=25c5d837a09bb1047c0dece8d&amp;id=df06b4d226&amp;e=c7aab478a1\">Hotel Terme Merano<\/a>. 3.200 mq con vista panoramica a 360\u00b0 sul paesaggio alpino e sulla citt\u00e0 di Sissi con Infinity-pool scoperta e riscaldata lunga 22 metri e larga 7,6 metri , tre whirlpool all\u2019aperto e un giardino con palme; inoltre ampie zone relax , saune, sala fitness e cabine per trattamenti benessere, il tutto realizzato in vetro e legno di cedro. Oltre alla nuova Sky Spa, accessibile a chi ha pi\u00f9 di 14 anni, resta aperta agli ospiti dell\u2019Hotel Terme Merano la Garden Spa del piano terra, collegata con tunnel sotterraneo riscaldato alle Terme di Merano.<\/p>\n<p>Per maggiori informazioni <a href=\"http:\/\/stefaniamafalda.us12.list-manage.com\/track\/click?u=25c5d837a09bb1047c0dece8d&amp;id=3fc52449a3&amp;e=c7aab478a1\">www.hoteltermemerano.it\/it\/sky-spa\/trattamenti<\/a><\/p>\n<h3>Hotel Terme Merano<\/h3>\n<p><strong><em>Il culto della vacanza a Merano. Comfort contemporaneo, Belle \u00c9poque e tradizione altoatesina<\/em><\/strong><\/p>\n<p><strong>All<\/strong>\u2019<a href=\"http:\/\/www.hoteltermemerano.it\">Hotel Terme Merano<\/a> la vacanza ha un valore aggiunto al semplice soggiorno in hotel. \u00c8 un viaggio nel tempo in un luogo di culto per la citt\u00e0 di Merano. L\u2019ospite \u00e8 in pieno centro, pu\u00f2 godere di tutte le comodit\u00e0 che offre la citt\u00e0. Clima mediterraneo, panorama incantato che vede protagonisti il centro storico, il fiume Passirio, le Alpi, i Castelli Principesco, Tirolo, Fontana e Trauttmansdorff e il Parco delle Terme di Merano. Prima di accedere alla hall dell\u2019albergo l\u2019ospite si trova di fronte una struttura architettonica di arte contemporanea immersa in un contesto ottocentesco. Varcata l\u2019entrata il benvenuto \u00e8 speciale; un intreccio di forme e colori dallo stile e comfort moderno e nel design un forte richiamo alla storia dell\u2019Alto Adige.<\/p>\n<p>Dalla hall il viaggio prosegue al <a href=\"https:\/\/www.hoteltermemerano.it\/it\/hotel\/gastronomia\/the-palm-lounge\">Palm Lounge<\/a> della struttura dove sono serviti <strong>cocktail creativi<\/strong> e invitanti. Il Lounge bar si presta a eventi glamour come <strong>esposizioni e sfilate di moda, serate di degustazioni di vini, grappe e formaggi tipici<\/strong>. L\u2019ambiente \u00e8 arricchito da quadri che ritraggono istanti di vita a Merano di Sissi, imperatrice d\u2019Austria, lampadari con corna di cervo, tappeti di pelle di mucca e mobilia in legno naturale. Grazie alla progettazione del famoso architetto bolzanino <strong>Matteo Thun<\/strong> che nel 2006 ha realizzato l\u2019hotel, i <strong>contrasti tra stile moderno e tradizionale si sposano perfettamente<\/strong> anche nelle 24 Suite e 3 Calle (Super Suite) delle 139 camere totali con la presenza di sedie a dondolo, poltrone stile \u201cBelle \u00c9poque\u201d assieme a dettagli in cristallo Swarovski e lana di pecora. Il sodalizio tra stile alpino e contemporaneo continua nella cucina del <a href=\"https:\/\/www.hoteltermemerano.it\/it\/hotel\/gastronomia\">ristorante \u201cOlivi\u201d<\/a><strong>;<\/strong> lo chef propone <strong>menu internazionale, tradizionale e mediterraneo di alta qualit\u00e0 adatto a tutte le esigenze<\/strong> a base di prodotti tipici locali. I momenti conviviali possono essere vissuti anche nel <strong>Bistro La Piazza<\/strong> progettato dall\u2019architetto Hugo Demetz. Il cubo di vetro con menu gustosi e vista a tutto tondo nel centro della Piazza delle Terme.<\/p>\n<p>L\u2019hotel gode di un\u2019<strong>area wellness di 1.250 m<sup>2<\/sup> <\/strong><a href=\"https:\/\/www.hoteltermemerano.it\/it\/sky-spa\/garden-spa\">\u201cGarden Spa\u201d<\/a> dotata di aree relax e piscina interna ed esterna sul giardino privato dell\u2019hotel, vasca idromassaggio, sauna finlandese, saune e bagni turchi. Dalla Garden Spa \u00e8 possibile raggiungere al caldo le <strong>Terme di Merano<\/strong> attraversando in accappatoio <strong>il tunnel di collegamento<\/strong>.<\/p>\n<p><strong>Novit\u00e0 2017! Sky Spa dell\u2019Hotel Terme Merano<\/strong>, la prima in Alto Adige in pieno centro citt\u00e0. E\u2019 attesa per Pasqua 2017 l\u2019inaugurazione del nuovo centro benessere all\u2019altezza dei tetti di Merano e progettato dall\u2019architetto di Bressanone <strong>Hugo Demetz<\/strong> per offrire maggiore comfort agli ospiti. Sar\u00e0 innalzato un quarto piano sul terrazzo dell\u2019albergo per una vista a 360\u00b0 sul paesaggio alpino circostante.<\/p>\n<p>La qualit\u00e0 \u00e8 garantita dall\u2019<strong>internazionalita\u0300 nei trattamenti benessere<\/strong> <strong>proposti <\/strong>e nei prodotti di bellezza utilizzati da professionisti del settore beauty &amp; wellness. Accessibile a chi ha piu\u0300 di 14 anni, la Sky Spa dell\u2019Hotel Terme Merano \u00e8 <strong>un\u2019oasi di benessere di ben 3.200 mq<\/strong>, che offre <strong>ampie zone relax all\u2019aperto<\/strong> con camino e angolo dedicato a <strong>infusi, tisane e mele fresche dell\u2019Alto Adige<\/strong>, il bar per snack e freschi cocktail, l\u2019<strong>Infinity-pool<\/strong> scoperta, ma riscaldata (36\u00b0C), lunga 22 metri e larga 7.6 con accesso interno ed esterno, in ogni stagione dell\u2019anno, e con postazioni micromassaggio. <strong>Tre piscine all\u2019aperto<\/strong>, un giardino con palme, <strong>12 cabine per trattamenti benessere<\/strong> con vista panoramica e <strong>consulenza di esperte estetiste e terapeute<\/strong>. <strong>Sauna finlandese, alle erbe, il bagno di vapore, le vaporizzazioni in sauna e una vasca a immersione con acqua fredda<\/strong>. Non manca la <strong>sala fitness<\/strong> con la vasta offerta di attivit\u00e0 sportive e lezioni di Yoga, proposte da un istruttore di fitness qualificato.<\/p>\n<p>La vacanza a Merano, citt\u00e0 elegante e ricca di storia, va vissuta in pieno relax. Eventi a cui partecipare e bellezze naturali da vedere attraverso <strong>escursioni a piedi o in mountain bike in primavera, estate e autunno<\/strong>. <strong>D\u2019inverno, invece, la possibilit\u00e0 di praticare sport al vicino comprensorio sciistico Merano 2000<\/strong>. Non c\u2019\u00e8 luogo migliore per dare spazio all\u2019immaginazione in pieno comfort all\u2019Hotel Terme Merano, luogo di culto e di vacanza dove presente e passato dell\u2019Alto Adige sono ad attendere i sogni volti al futuro dei loro ospiti.<\/p>\n<p><strong>Informazioni<\/strong>: Hotel Terme Merano, Piazza Terme 1. Tel. +39 0473 259 000 \u2013 <a href=\"mailto:info@hoteltermemerano.it\">info@hoteltermemerano.it<\/a><\/p>\n<p><strong>\u00a0<\/strong><\/p>\n<p>Das Foto ist ausschlie\u00dflich f\u00fcr PR- und Marketingma\u00dfnahmen der Hotel Therme Meran GmbH &#8211; Thermenplatz 1 | 39012 Meran (BZ) | Italien zu verwenden. Jegliche Nutzung Dritter muss mit dem Bildautor G\u00fcnter Standl (www.guenterstandl.de) &#8211; (Tel.: 00491714327116) gesondert vereinbart werden.<\/p>\n","protected":false},"excerpt":{"rendered":"<p>Cura della bellezza dell\u2019uomo nella Sky Spa dell\u2019Hotel Terme Merano. Al quarto piano dell\u2019Hotel Terme Merano, nella \u00a0nuova Sky Spa, si pensa anche al benessere e alla bellezza dell\u2019uomo grazie ai trattamenti intensivi studiati appositamente per il viso maschile. Men Power, Scalp Treatment Men e Radiant Eyes Men propongono massaggi mirati a migliorare la salute &hellip; <a href=\"https:\/\/www.gdapress.it\/it\/index.php\/64980\/benessere\/cura-della-bellezza-delluomo-nella-sky-spa-dellhotel-terme-merano.html\" class=\"more-link\">Read more <span class=\"screen-reader-text\">Cura della bellezza dell\u2019uomo nella Sky Spa dell\u2019Hotel Terme Merano.<\/span><\/a><\/p>\n","protected":false},"author":3,"featured_media":64981,"comment_status":"closed","ping_status":"open","sticky":false,"template":"","format":"standard","meta":{"footnotes":""},"categories":[729],"tags":[21025,21152],"class_list":["post-64980","post","type-post","status-publish","format-standard","has-post-thumbnail","hentry","category-benessere","tag-hotel-terme-merano","tag-sky-spa"],"_links":{"self":[{"href":"https:\/\/www.gdapress.it\/it\/index.php\/wp-json\/wp\/v2\/posts\/64980","targetHints":{"allow":["GET"]}}],"collection":[{"href":"https:\/\/www.gdapress.it\/it\/index.php\/wp-json\/wp\/v2\/posts"}],"about":[{"href":"https:\/\/www.gdapress.it\/it\/index.php\/wp-json\/wp\/v2\/types\/post"}],"author":[{"embeddable":true,"href":"https:\/\/www.gdapress.it\/it\/index.php\/wp-json\/wp\/v2\/users\/3"}],"replies":[{"embeddable":true,"href":"https:\/\/www.gdapress.it\/it\/index.php\/wp-json\/wp\/v2\/comments?post=64980"}],"version-history":[{"count":1,"href":"https:\/\/www.gdapress.it\/it\/index.php\/wp-json\/wp\/v2\/posts\/64980\/revisions"}],"predecessor-version":[{"id":64982,"href":"https:\/\/www.gdapress.it\/it\/index.php\/wp-json\/wp\/v2\/posts\/64980\/revisions\/64982"}],"wp:featuredmedia":[{"embeddable":true,"href":"https:\/\/www.gdapress.it\/it\/index.php\/wp-json\/wp\/v2\/media\/64981"}],"wp:attachment":[{"href":"https:\/\/www.gdapress.it\/it\/index.php\/wp-json\/wp\/v2\/media?parent=64980"}],"wp:term":[{"taxonomy":"category","embeddable":true,"href":"https:\/\/www.gdapress.it\/it\/index.php\/wp-json\/wp\/v2\/categories?post=64980"},{"taxonomy":"post_tag","embeddable":true,"href":"https:\/\/www.gdapress.it\/it\/index.php\/wp-json\/wp\/v2\/tags?post=64980"}],"curies":[{"name":"wp","href":"https:\/\/api.w.org\/{rel}","templated":true}]}}