
{"id":64918,"date":"2017-11-24T02:48:16","date_gmt":"2017-11-24T00:48:16","guid":{"rendered":"http:\/\/www.gdapress.it\/it\/?p=64918"},"modified":"2017-11-24T02:48:16","modified_gmt":"2017-11-24T00:48:16","slug":"verbania-museo-del-paesaggio-mostra-fotografica-niccolo-aiazzi-giorgio-majno","status":"publish","type":"post","link":"https:\/\/www.gdapress.it\/it\/index.php\/64918\/arte\/verbania-museo-del-paesaggio-mostra-fotografica-niccolo-aiazzi-giorgio-majno.html","title":{"rendered":"VERBANIA MUSEO del PAESAGGIO  MOSTRA FOTOGRAFICA  NICCOLO\u2019 AIAZZI E GIORGIO MAJNO"},"content":{"rendered":"<p><img loading=\"lazy\" decoding=\"async\" class=\"alignnone size-medium wp-image-64919\" src=\"http:\/\/www.gdapress.it\/it\/..\/public\/it\/2017\/11\/AIAZZI-Veduta-di-ghiacciaio-300x200.jpg\" alt=\"\" width=\"300\" height=\"200\" srcset=\"https:\/\/www.gdapress.it\/it\/..\/public\/it\/2017\/11\/AIAZZI-Veduta-di-ghiacciaio-300x200.jpg 300w, https:\/\/www.gdapress.it\/it\/..\/public\/it\/2017\/11\/AIAZZI-Veduta-di-ghiacciaio-768x512.jpg 768w, https:\/\/www.gdapress.it\/it\/..\/public\/it\/2017\/11\/AIAZZI-Veduta-di-ghiacciaio-500x333.jpg 500w, https:\/\/www.gdapress.it\/it\/..\/public\/it\/2017\/11\/AIAZZI-Veduta-di-ghiacciaio-720x480.jpg 720w, https:\/\/www.gdapress.it\/it\/..\/public\/it\/2017\/11\/AIAZZI-Veduta-di-ghiacciaio-272x182.jpg 272w, https:\/\/www.gdapress.it\/it\/..\/public\/it\/2017\/11\/AIAZZI-Veduta-di-ghiacciaio.jpg 1050w\" sizes=\"auto, (max-width: 300px) 100vw, 300px\" \/>\u00a0<img loading=\"lazy\" decoding=\"async\" class=\"alignnone size-medium wp-image-64920\" src=\"http:\/\/www.gdapress.it\/it\/..\/public\/it\/2017\/11\/Majno-Il-Re-Leone-del-Passo-Manghen-bianco-168x300.jpg\" alt=\"\" width=\"168\" height=\"300\" srcset=\"https:\/\/www.gdapress.it\/it\/..\/public\/it\/2017\/11\/Majno-Il-Re-Leone-del-Passo-Manghen-bianco-168x300.jpg 168w, https:\/\/www.gdapress.it\/it\/..\/public\/it\/2017\/11\/Majno-Il-Re-Leone-del-Passo-Manghen-bianco-224x400.jpg 224w, https:\/\/www.gdapress.it\/it\/..\/public\/it\/2017\/11\/Majno-Il-Re-Leone-del-Passo-Manghen-bianco.jpg 700w\" sizes=\"auto, (max-width: 168px) 100vw, 168px\" \/><\/p>\n<p><strong>MUSEO del PAESAGGIO<\/strong><\/p>\n<p><strong>MOSTRA FOTOGRAFICA<\/strong><\/p>\n<p><strong>NICCOLO\u2019 AIAZZI E GIORGIO MAJNO<\/strong><\/p>\n<p><strong>25 NOVEMBRE 2017 \u2013 14 GENNAIO 2018<\/strong><\/p>\n<p>In occasione della mostra della Camelia e dei Giardini d\u2019inverno 2017, il Museo del Paesaggio \u2013 in collaborazione con MIA PHOTO FAIR di Milano \u2013 propone una doppia mostra fotografica. Protagonista degli scatti di Niccol\u00f2 Aiazzi e Giorgio Majno \u00e8 il paesaggio rappresentato nella sua potenza: gli scatti dei due fotografi ritraggono \u00a0la poliedricit\u00e0 della natura incontrata durante viaggi alla ricerca del mistero del creato, in luoghi unici e magici, da proteggere e ammirare con umilt\u00e0. Niccol\u00f2 Aiazzi presenta il ciclo fotografico dedicato alla Patagonia mentre Giorgio Majno un progetto sugli alberi secolari d\u2019Italia.<\/p>\n<p>Le mostre fotografiche saranno allestite presso il piano nobile di Palazzo Viani Dugnani \u2013 sede storica del Museo del Paesaggio \u2013 in Via Ruga 44 a Verbania Pallanza dal 25 Novembre 2017 al 14 Gennaio 2018.<\/p>\n<p>L\u2019inaugurazione si terr\u00e0 congiuntamente con quella della mostra della camelia &#8211; per il primo anno ospitata all\u2019interno delle sale del Museo \u2013 Sabato 25 Novembre alle ore 10.30.<\/p>\n<p><img loading=\"lazy\" decoding=\"async\" class=\"alignnone size-medium wp-image-64921\" src=\"http:\/\/www.gdapress.it\/it\/..\/public\/it\/2017\/11\/AIAZZI-Iceberg-300x200.jpg\" alt=\"\" width=\"300\" height=\"200\" srcset=\"https:\/\/www.gdapress.it\/it\/..\/public\/it\/2017\/11\/AIAZZI-Iceberg-300x200.jpg 300w, https:\/\/www.gdapress.it\/it\/..\/public\/it\/2017\/11\/AIAZZI-Iceberg-768x512.jpg 768w, https:\/\/www.gdapress.it\/it\/..\/public\/it\/2017\/11\/AIAZZI-Iceberg-500x333.jpg 500w, https:\/\/www.gdapress.it\/it\/..\/public\/it\/2017\/11\/AIAZZI-Iceberg-720x480.jpg 720w, https:\/\/www.gdapress.it\/it\/..\/public\/it\/2017\/11\/AIAZZI-Iceberg-272x182.jpg 272w, https:\/\/www.gdapress.it\/it\/..\/public\/it\/2017\/11\/AIAZZI-Iceberg.jpg 1050w\" sizes=\"auto, (max-width: 300px) 100vw, 300px\" \/><\/p>\n<p><strong><em>PATAGONIA<\/em><\/strong><strong> DI NICCOLO\u2019 AIAZZI<\/strong><\/p>\n<p><em>\u201cLa vera casa dell\u2019uomo non \u00e8 una casa, \u00e8 la strada\u201d B. Chatwin, Viaggio in Patagonia<\/em><\/p>\n<p>Per conoscere un paesaggio, il veicolo, il mezzo di trasporto, fa la differenza: il movimento e l\u2019esperienza corporea e sensoriale che facciamo, cambia e assume ritmi diversi. Niccol\u00f2 Aiazzi realizza questo reportage nel febbraio 2017 durante un lungo viaggio in motocicletta realizzato in Patagonia, tra Cile e Argentina: da Bariloche, attraverso gran parte della Carretera Austral e della Ruta 40, per poi terminare a la \u201cfin del Mundo\u201d, Ushuaia. Aiazzi ci racconta di territori selvaggi fatti di terra, di pietra, di legno di acqua e di ghiaccio, che scopriamo con lui straordinariamente vivi, sconosciuti e carichi di poesia. Paesaggi solcati e uniti da strade fatte dall&#8217;uomo, unico punto di riferimento nell\u2019immensit\u00e0 che attrae e spaventa allo stesso tempo. Nelle sue immagini il paesaggio diventa un luogo pieno di dei, di storia, di miti, come di silenzio, un\u2019opera d\u2019arte creata per noi dalla natura. Luoghi fisici e metafisici, che trasmettono la forza e la potenza della natura ma allo stesso tempo la sua fragilit\u00e0 e i suoi limiti terreni. La Patagonia si rivela un luogo che fa parte della geografia di ognuno, anche di chi non c\u2019\u00e8 mai stato. Paesaggi purtroppo in pericolo, che\u00a0 rischiano di essere distrutti o compromessi dalla civilizzazione e dall&#8217;inquinamento del mondo industrializzato. In un momento storico tristemente caratterizzato da cambiamenti climatici epocali. Ora che la nostra specie rischia la propria vivibilit\u00e0 sul pianeta terra, il paesaggio da sfondo assume una centralit\u00e0 che \u00e8 figlia della malinconia e di un senso di perdita e che richiede un profondo cambiamento di idee e di comportamenti. Ed \u00e8 proprio la fondamentale coappartenenza di uomo e paesaggio a dettare uno dei precetti meno eludibili dei nostri tempi, ossia la responsabilit\u00e0 nei confronti dei luoghi.<\/p>\n<p>__________________________________________<\/p>\n<p>Niccol\u00f2 Aiazzi Nasce nel 1982 a Ferrara, gli studi di economia lo portano negli Stati Uniti dove si specializza con un Master in marketing e comunicazione. NYC favorisce il suo approccio al mondo della fotografia dove approda come fotografo di interni, allo stesso tempo per\u00f2 la luce che si traduce nell\u2019attivit\u00e0 frenetica della metropoli lo forma e deforma la sua fotografia verso lo storytelling e l\u2019astrattismo.\u00a0 Le storie degli uomini e del loro rapporto estremo con la natura e la natura stessa, influenzano la ricerca che Niccol\u00f2 approfondisce in sperimentazioni, viaggi, spedizioni ed esplorazioni.<\/p>\n<p><img loading=\"lazy\" decoding=\"async\" class=\"alignnone size-medium wp-image-64922\" src=\"http:\/\/www.gdapress.it\/it\/..\/public\/it\/2017\/11\/Majno-Cedro-di-Villa-Mirabello-112x300.jpg\" alt=\"\" width=\"112\" height=\"300\" srcset=\"https:\/\/www.gdapress.it\/it\/..\/public\/it\/2017\/11\/Majno-Cedro-di-Villa-Mirabello-112x300.jpg 112w, https:\/\/www.gdapress.it\/it\/..\/public\/it\/2017\/11\/Majno-Cedro-di-Villa-Mirabello-149x400.jpg 149w, https:\/\/www.gdapress.it\/it\/..\/public\/it\/2017\/11\/Majno-Cedro-di-Villa-Mirabello.jpg 700w\" sizes=\"auto, (max-width: 112px) 100vw, 112px\" \/><\/p>\n<p><strong><em>STABILITAS LOCI<\/em><\/strong><strong> DI GIORGIO MAJNO. ALBERI SECOLARI D\u2019ITALIA <\/strong><\/p>\n<p>Foto di Giorgio Majno Progetto di Giorgio Majno e Oddina Pittatore<\/p>\n<p>Questo progetto \u00e8 nato dall\u2019amore, che condivido con mia moglie Oddina, per gli alberi secolari, testimoni del tempo e della storia, esseri viventi che hanno saputo intessere un profondo rapporto di armonia con l\u2019ambiente di cui fanno parte.<\/p>\n<p>Abbiamo viaggiato per gran parte dell\u2019Italia alla ricerca di questi patriarchi, affascinati dalle loro caratteristiche specifiche: dimensioni eccezionali, forme uniche, resilienza, rilevanza storica. Ma anche attratti dal loro equilibrio dinamico, in continuo cambiamento e trasformazione e dalla forza e dalla resilienza che esprimono.<\/p>\n<p>Con un adattamento intelligente al ritmo stagionale, al cambiamento climatico, all\u2019unicit\u00e0 geografica, gli alberi hanno sviluppato un\u2019intelligenza specifica, molto diversa dalla nostra. Sono organismi sofisticati e complessi, le cui capacit\u00e0 sono ancora poco conosciute, ai quali ci siamo avvicinati con rispetto, in silenzio, ascoltandoli, prima di ritrarli.<\/p>\n<p>Il lavoro \u00e8 presentato con foto singole, dittici, trittici e polittici, per comunicare con maggiore intensit\u00e0 l\u2019altezza, l\u2019ampiezza e la tridimensionalit\u00e0 di queste sculture viventi. Ogni singolo albero \u00e8 un ritratto unico.<\/p>\n<p>_________________________________________<\/p>\n<p>Giorgio Majno \u00e8 nato a Milano, dove vive e lavora. E\u2019 autore e docente di fotografia. Si \u00e8 laureato al DAMS di Bologna e si \u00e8 specializzato negli Stati Uniti presso la SIU, Southern Illinois University, nel dipartimento di Cinema e Fotografia, ottenendo un MFA, Master of Fine Arts. Le sue foto sono pubblicate in numerosi libri, tra cui: \u201cI Diamanti sono stelle. Giulio Manfredi incontra il genio della scienza\u201d, Ed. Istituto Lombardo 2013, \u201cL\u2019Oro Invisibile. Gioielli\u201d di Giulio Manfredi, Ed. Electa 2011,\u00a0 \u201cGrandi Giardini Italiani\u201d, Credit Suisse 2008,\u00a0\u00a0 Villa Necchi Campiglio a Milano,\u00a0 Skira ed. 2008, \u201cLandscape Design\u201d, Electa 2008, \u201cIl Libro del F.A.I.\u201d, \u00a0Skira 2005,\u00a0\u00a0 \u201cMario Buccellati,\u00a0 Storie di uomini e gioielli\u201d, Leonardo arte 1998. Pubblica regolarmente sulle riviste: <em>Arte<\/em>, <em>Antiquariato<\/em>, <em>Elle decor<\/em>, <em>Casa Amica<\/em>, <em>Gardenia<\/em>, <em>Ville e Giardini<\/em>. E\u2019 docente presso lo IED, Istituto Europeo di Design, sede di Milano, lo spazio FORMA, Centro internazionale di fotografia, e presso NABA, Nuova Accademia delle Belle Arti Milano. E\u2019 docente presso la Facolt\u00e0 di Design ed Arti dell\u2019Universit\u00e0 Iuav di Venezia, sede di San Marino, corso di laurea di Disegno industriale. Come autore ha esposto le sue immagini in Italia e all\u2019estero, in mostre personali e collettive.<\/p>\n<p>&nbsp;<\/p>\n<p>La mostra sar\u00e0 visitabile tutti i venerd\u00ec pomeriggio dalle 14.00 alle 17.00 e il sabato e la domenica dalle 11.00 alle 17.00 con orario continuato. In settimana la sede sar\u00e0 aperta su prenotazione per i gruppi e le scuole. Per le aperture durante i giorni festivi consultare il sito del museo <a href=\"http:\/\/www.museodelpaesaggio.it\">www.museodelpaesaggio.it<\/a>.<\/p>\n<p>&nbsp;<\/p>\n<p><strong>INFORMAZIONI SULLA MOSTRA<\/strong><\/p>\n<p><strong>Museo del Paesaggio \u2013 Via Ruga 44 Verbania<\/strong><\/p>\n<p><strong>Tel: 0323 557116<\/strong><\/p>\n<p><strong>Mail: segreteria@museodelpaesaggio.it<\/strong><\/p>\n<p><strong>Costi: 5\u20ac intero\/\/ 3\u20ac ridotto<\/strong><\/p>\n<p><strong>Orari: venerd\u00ec 14.00-17.00, sabato e domenica 11.00-17.00 (orario continuato). <\/strong><\/p>\n<p><strong>In settimana la sede sar\u00e0 aperta su prenotazione per i gruppi e le scuole. <\/strong><\/p>\n<p><strong>Per le aperture durante i giorni festivi consultare il sito del museo\u00a0<\/strong><\/p>\n<p><strong><a href=\"http:\/\/www.museodelpaesaggio.it\">www.museodelpaesaggio.it<\/a>\u00a0<\/strong><\/p>\n<p><strong>\u00a0<\/strong><\/p>\n","protected":false},"excerpt":{"rendered":"<p>\u00a0 MUSEO del PAESAGGIO MOSTRA FOTOGRAFICA NICCOLO\u2019 AIAZZI E GIORGIO MAJNO 25 NOVEMBRE 2017 \u2013 14 GENNAIO 2018 In occasione della mostra della Camelia e dei Giardini d\u2019inverno 2017, il Museo del Paesaggio \u2013 in collaborazione con MIA PHOTO FAIR di Milano \u2013 propone una doppia mostra fotografica. Protagonista degli scatti di Niccol\u00f2 Aiazzi e &hellip; <a href=\"https:\/\/www.gdapress.it\/it\/index.php\/64918\/arte\/verbania-museo-del-paesaggio-mostra-fotografica-niccolo-aiazzi-giorgio-majno.html\" class=\"more-link\">Read more <span class=\"screen-reader-text\">VERBANIA MUSEO del PAESAGGIO  MOSTRA FOTOGRAFICA  NICCOLO\u2019 AIAZZI E GIORGIO MAJNO<\/span><\/a><\/p>\n","protected":false},"author":3,"featured_media":64921,"comment_status":"closed","ping_status":"open","sticky":false,"template":"","format":"standard","meta":{"footnotes":""},"categories":[4],"tags":[21111,565,18131,21110,10030],"class_list":["post-64918","post","type-post","status-publish","format-standard","has-post-thumbnail","hentry","category-arte","tag-giorgio-majno","tag-mostra-fotografica","tag-museo-del-paesaggio","tag-niccolo-aiazzi","tag-verbania"],"_links":{"self":[{"href":"https:\/\/www.gdapress.it\/it\/index.php\/wp-json\/wp\/v2\/posts\/64918","targetHints":{"allow":["GET"]}}],"collection":[{"href":"https:\/\/www.gdapress.it\/it\/index.php\/wp-json\/wp\/v2\/posts"}],"about":[{"href":"https:\/\/www.gdapress.it\/it\/index.php\/wp-json\/wp\/v2\/types\/post"}],"author":[{"embeddable":true,"href":"https:\/\/www.gdapress.it\/it\/index.php\/wp-json\/wp\/v2\/users\/3"}],"replies":[{"embeddable":true,"href":"https:\/\/www.gdapress.it\/it\/index.php\/wp-json\/wp\/v2\/comments?post=64918"}],"version-history":[{"count":1,"href":"https:\/\/www.gdapress.it\/it\/index.php\/wp-json\/wp\/v2\/posts\/64918\/revisions"}],"predecessor-version":[{"id":64923,"href":"https:\/\/www.gdapress.it\/it\/index.php\/wp-json\/wp\/v2\/posts\/64918\/revisions\/64923"}],"wp:featuredmedia":[{"embeddable":true,"href":"https:\/\/www.gdapress.it\/it\/index.php\/wp-json\/wp\/v2\/media\/64921"}],"wp:attachment":[{"href":"https:\/\/www.gdapress.it\/it\/index.php\/wp-json\/wp\/v2\/media?parent=64918"}],"wp:term":[{"taxonomy":"category","embeddable":true,"href":"https:\/\/www.gdapress.it\/it\/index.php\/wp-json\/wp\/v2\/categories?post=64918"},{"taxonomy":"post_tag","embeddable":true,"href":"https:\/\/www.gdapress.it\/it\/index.php\/wp-json\/wp\/v2\/tags?post=64918"}],"curies":[{"name":"wp","href":"https:\/\/api.w.org\/{rel}","templated":true}]}}