
{"id":64909,"date":"2017-11-24T02:04:38","date_gmt":"2017-11-24T00:04:38","guid":{"rendered":"http:\/\/www.gdapress.it\/it\/?p=64909"},"modified":"2017-11-24T02:04:38","modified_gmt":"2017-11-24T00:04:38","slug":"drusilla-foer-eleganzissima","status":"publish","type":"post","link":"https:\/\/www.gdapress.it\/it\/index.php\/64909\/spettacoli\/drusilla-foer-eleganzissima.html","title":{"rendered":"DRUSILLA FOER in &#8220;ELEGANZISSIMA&#8221;"},"content":{"rendered":"<p align=\"center\"><img loading=\"lazy\" decoding=\"async\" class=\"alignnone size-large wp-image-64910\" src=\"http:\/\/www.gdapress.it\/it\/..\/public\/it\/2017\/11\/DrusillaFoer_phSerenagallorini_F_low-500x333.jpg\" alt=\"\" width=\"500\" height=\"333\" srcset=\"https:\/\/www.gdapress.it\/it\/..\/public\/it\/2017\/11\/DrusillaFoer_phSerenagallorini_F_low-500x333.jpg 500w, https:\/\/www.gdapress.it\/it\/..\/public\/it\/2017\/11\/DrusillaFoer_phSerenagallorini_F_low-300x200.jpg 300w, https:\/\/www.gdapress.it\/it\/..\/public\/it\/2017\/11\/DrusillaFoer_phSerenagallorini_F_low-768x512.jpg 768w, https:\/\/www.gdapress.it\/it\/..\/public\/it\/2017\/11\/DrusillaFoer_phSerenagallorini_F_low-720x480.jpg 720w, https:\/\/www.gdapress.it\/it\/..\/public\/it\/2017\/11\/DrusillaFoer_phSerenagallorini_F_low-272x182.jpg 272w\" sizes=\"auto, (max-width: 500px) 100vw, 500px\" \/><\/p>\n<p class=\"x_MsoNormal\" align=\"center\"><b><span style=\"font-family: Tahoma;\">Best Sound<\/span><\/b><\/p>\n<p class=\"x_MsoNormal\" align=\"center\"><span style=\"font-family: Tahoma;\">presenta<\/span><\/p>\n<p class=\"x_MsoNormal\" align=\"center\"><span style=\"font-family: Tahoma;\"><b>DRUSILLA FOER<\/b><\/span><\/p>\n<p class=\"x_MsoNormal\" align=\"center\"><b><span style=\"font-family: Tahoma;\">in<\/span><\/b><\/p>\n<p class=\"x_MsoNormal\" align=\"center\"><b><span style=\"font-family: Tahoma;\">&#8220;ELEGANZISSIMA&#8221;<\/span><\/b><\/p>\n<p class=\"x_MsoNormal\" align=\"center\"><b><span style=\"font-family: Tahoma;\">il recital<\/span><\/b><\/p>\n<p class=\"x_MsoNormal\" align=\"center\"><b><span style=\"font-family: Tahoma;\">L&#8217;icona di stile, cantante e attrice,\u00a0<\/span><\/b><b><span style=\"font-family: Tahoma;\">attualmente protagonista in TV come giudice di STRAFACTOR,<\/span><\/b><\/p>\n<p class=\"x_MsoNormal\" align=\"center\"><b><span style=\"font-family: Tahoma;\">dal 29 novembre \u00e8 in tour con il suo recital ELEGANZISSIMA,<\/span><\/b><\/p>\n<p class=\"x_MsoNormal\" align=\"center\"><b><span style=\"font-family: Tahoma;\">per la direzione artistica di Franco Godi<\/span><\/b><\/p>\n<p class=\"x_MsoNormal\" align=\"center\"><b><span style=\"font-family: Tahoma;\">MILANO, Teatro dal Verme (29.11), TORINO, Teatro Colosseo (6.12),<\/span><\/b><\/p>\n<p class=\"x_MsoNormal\" align=\"center\"><b><span style=\"font-family: Tahoma;\">BOLOGNA, Teatro Il Celebrazioni (13.12), ROMA, Auditorium Parco della Musica (16.12),<\/span><\/b><\/p>\n<p class=\"x_MsoNormal\" align=\"center\"><b><span style=\"font-family: Tahoma;\">FIRENZE, Teatro Niccolini (31.12), BARI, Teatro Palazzo (3.02)<\/span><\/b><\/p>\n<p class=\"x_MsoNormal\"><span style=\"font-family: Tahoma; font-size: medium;\">Mentre sta conquistando gli spettatori puntata dopo puntata nella sua\u00a0<b>nuova avventura televisiva come giudice della acclamata edizione 2017 di Strafactor, Drusilla Foer<\/b>, la carismatica icona di stile, riporta in scena il suo recital<b>\u00a0&#8220;Eleganzissima&#8221;<\/b>. Il\u00a0<b>29 novembre prossimo al Teatro Dal Verme di Milano la prima tappa<\/b>\u00a0del tour che fino alla primavera 2018 la vedr\u00e0 protagonista nei teatri delle principali citt\u00e0 italiane. Gli appuntamenti successivi sono<b>\u00a0<\/b>il<b>\u00a06 dicembre al Teatro Colosseo di Torino, il 13 al Celebrazioni di Bologna, il 16 all&#8217;Auditorium Parco della Musica a Roma,<\/b>\u00a0<b>il 31 dicembre\u00a0<\/b>al\u00a0<b>Teatro Niccolini di Firenze\u00a0<\/b>e infine\u00a0<b>il 3 febbraio 2018 al Teatro Palazzo di Bari.\u00a0<\/b>I biglietti per le date di Milano, Torino, Bologna e Roma sono in vendita nel circuito<b>Ticketone,\u00a0<\/b>quella di Firenze su<b>\u00a0BoxOffice\u00a0<\/b>e quella di Bari su<b>\u00a0BookingShow.<\/b><\/span><\/p>\n<p class=\"x_MsoNormal\">&#8220;Eleganzissima&#8221;, il recital\u00a0scritto e interpretato da\u00a0<b>Drusilla Foer<\/b>,\u00a0racconta, in un&#8217;alternanza di humour sagace e di malinconia commovente, aneddoti tratti dalla sua vita straordinaria, vissuta fra l&#8217;Italia, Cuba, l&#8217;America e l&#8217;Europa, e\u00a0costellata di incontri e grandi amicizie con persone fuori dal comune e personaggi famosi, fra il reale e il verosimile. In &#8220;<b>Eleganzissima<\/b>&#8221; essenziali al\u00a0racconto biografico sono le canzoni dello spettacolo, che Drusilla interpreta dal vivo accompagnata dai suoi musicisti: il Maestro\u00a0<b>Loris di Leo\u00a0<\/b>al pianoforte, che ha curato anche gli arrangiamenti dello spettacolo,\u00a0<b>Nico Gori<\/b>\u00a0ospite speciale al clarinetto e al sax,\u00a0<b>Ettore Bonaf\u00e8<\/b>\u00a0al vibrafono e percussioni e\u00a0<b>Nico Vernuccio<\/b>\u00a0al contrabbasso.\u00a0La<b>\u00a0direzione artistica \u00e8 di Franco Godi<\/b>,\u00a0compositore per la pubblicit\u00e0, per la tv e per il cinema fin dagli anni &#8217;60, scopritore e artefice dell&#8217;hip hop di successo in Italia dagli anni &#8217;90 in poi, qui anche in veste di produttore\u00a0con la sua\u00a0<b>Best Sound<\/b>\u00a0e infine sul palco per un cameo alla chitarra.<\/p>\n<p class=\"x_MsoNormal\">In scaletta troviamo brani di autori molto vari, come lo \u00e8 l&#8217;andamento emotivo del recital: si va da Lelio Luttazzi a Jobim passando attraverso le indimenticabili canzoni di Amy Winehouse, Giorgio Gaber, Enzo Jannacci, David Bowie, Don Backy, fino a perle pi\u00f9 nascoste come &#8220;Vucchella&#8221; di Tosti\/D&#8217;Annunzio o un brano dalla voce del primo Novecento milanese Milly, ognuno legato a episodi specifici della vita avventurosa di Madame Foer.\u00a0Fra gli altri,\u00a0non manca una personale rilettura di\u00a0<b>&#8220;I Will Survive&#8221;,\u00a0<\/b>la hit portata al successo da Gloria Gaynor e ritenuta comunemente un inno al divertimento, dalla quale \u00e8 stato tratto il primo video musicale ufficiale di Madame Foer, presente sul canale Youtube dell&#8217;artista,\u00a0<a href=\"https:\/\/www.youtube.com\/DrusillaFoer\" target=\"_blank\" rel=\"noopener noreferrer\"><b>https:\/\/www.youtube.com\/DrusillaFoer<\/b><\/a>, e direttamente visibile a questo link:\u00a0<a href=\"http:\/\/bit.ly\/Dru_IWillSurvive\" target=\"_blank\" rel=\"noopener noreferrer\"><b>http:\/\/bit.ly\/Dru_IWillSurvive<\/b><\/a>\u00a0.<\/p>\n<p class=\"x_MsoNormal\"><span style=\"font-family: Tahoma; font-size: medium;\">La produzione esecutiva del tour \u00e8 affidata a\u00a0<\/span>due realt\u00e0 che sono una garanzia per quanto riguarda l\u2019intrattenimento altamente spettacolare e di qualit\u00e0:\u00a0<span style=\"font-family: Tahoma; font-size: medium;\"><b>Bananas<\/b>, che ha inventato format televisivi epocali (Zelig fra gli altri) e produce e distribuisce spettacoli teatrali unici nel loro genere (Ornano, Mannino, Brignano, Zalone fra i tantissimi); e la\u00a0<b>Showbees<\/b>\u00a0di\u00a0<b>Gianmario Longoni<\/b>, da sempre un pioniere nella ricerca di proposte teatrali innovative (a lui si deve l\u2019arrivo in Italia di spettacoli come Swan Lake, Cirque Eloize, Blue Man Group fra i tantissimi).<\/span><\/p>\n<p class=\"x_MsoNormal\"><span style=\"font-family: Tahoma;\"><b>Sito web:\u00a0<\/b><a href=\"https:\/\/drusillafoer.com\/\" target=\"_blank\" rel=\"noopener noreferrer\"><b>https:\/\/drusillafoer.com<\/b><\/a><b>\u00a0\u00a0\u00a0\u00a0\u00a0\u00a0\u00a0\u00a0\u00a0\u00a0\u00a0\u00a0\u00a0\u00a0\u00a0<\/b><\/span><\/p>\n<p class=\"x_MsoNormal\"><span style=\"font-family: Tahoma;\"><b>Youtube:\u00a0<\/b><a href=\"https:\/\/www.youtube.com\/DrusillaFoer\" target=\"_blank\" rel=\"noopener noreferrer\"><b>https:\/\/www.youtube.com\/DrusillaFoer<\/b><\/a><b><\/b><\/span><\/p>\n<p class=\"x_MsoNormal\"><span style=\"font-family: Tahoma;\"><b>FB:\u00a0<\/b><b><a href=\"http:\/\/www.facebook.com\/drusilla.foer\" target=\"_blank\" rel=\"noopener noreferrer\">Drusilla Foer<\/a><\/b><\/span><\/p>\n<p class=\"x_MsoNormal\"><span style=\"font-family: Tahoma;\"><b>Instagram<\/b>\u00a0<a href=\"https:\/\/www.instagram.com\/drusillafoer\/\" target=\"_blank\" rel=\"noopener noreferrer\"><b>drusillafoer<\/b><\/a><b><\/b><\/span><\/p>\n<p><b><span style=\"font-family: Tahoma;\">\u00a0<\/span><\/b><\/p>\n<p><b><span style=\"font-family: Tahoma;\">ELEGANZISSIMA &#8211; Il recital di e con Drusilla Foer. Direzione artistica Franco Godi<\/span><\/b><\/p>\n<p>29.11.2017\u00a0\u00a0\u00a0\u00a0\u00a0MILANO\u00a0\u00a0\u00a0\u00a0\u00a0\u00a0Teatro dal Verme\u00a0\u00a0\u00a0\u00a0\u00a0\u00a0\u00a0\u00a0\u00a0\u00a0\u00a0\u00a0\u00a0\u00a0\u00a0\u00a0\u00a0\u00a0\u00a0\u00a0\u00a0\u00a0\u00a0\u00a0\u00a0<a href=\"http:\/\/bit.ly\/T1_DRU\" target=\"_blank\" rel=\"noopener noreferrer\">http:\/\/bit.ly\/T1_DRU<\/a><\/p>\n<p><span style=\"font-family: Tahoma;\">06.12.2017\u00a0\u00a0\u00a0\u00a0\u00a0TORINO\u00a0\u00a0\u00a0\u00a0\u00a0\u00a0Teatro Colosseo\u00a0\u00a0\u00a0\u00a0\u00a0\u00a0\u00a0\u00a0\u00a0\u00a0\u00a0\u00a0\u00a0\u00a0\u00a0\u00a0\u00a0\u00a0\u00a0\u00a0\u00a0\u00a0\u00a0\u00a0\u00a0\u00a0<a href=\"http:\/\/bit.ly\/TO_DRU\" target=\"_blank\" rel=\"noopener noreferrer\">http:\/\/bit.ly\/TO_DRU<\/a><\/span><\/p>\n<p><span style=\"font-family: Tahoma;\">13.12.2017\u00a0\u00a0\u00a0\u00a0\u00a0BOLOGNA\u00a0\u00a0\u00a0Teatro Il Celebrazioni\u00a0\u00a0\u00a0\u00a0\u00a0\u00a0\u00a0\u00a0\u00a0\u00a0\u00a0\u00a0\u00a0\u00a0\u00a0\u00a0\u00a0\u00a0<a href=\"http:\/\/bit.ly\/BO_DRU\" target=\"_blank\" rel=\"noopener noreferrer\">http:\/\/bit.ly\/BO_DRU<\/a><\/span><\/p>\n<p><span style=\"font-family: Tahoma;\">16.12.2017\u00a0\u00a0\u00a0\u00a0\u00a0ROMA\u00a0\u00a0\u00a0\u00a0\u00a0\u00a0\u00a0\u00a0\u00a0Auditorium Parco della musica\u00a0\u00a0\u00a0\u00a0\u00a0<a href=\"http:\/\/bit.ly\/T1_DRU\" target=\"_blank\" rel=\"noopener noreferrer\">http:\/\/bit.ly\/T1_DRU<\/a><\/span><\/p>\n<p><span style=\"font-family: Tahoma;\">31.12.2017\u00a0\u00a0\u00a0\u00a0\u00a0FIRENZE\u00a0\u00a0\u00a0\u00a0\u00a0Teatro Niccolini<span class=\"x_apple-converted-space\">\u00a0\u00a0\u00a0\u00a0\u00a0\u00a0\u00a0\u00a0\u00a0\u00a0\u00a0\u00a0\u00a0\u00a0\u00a0\u00a0\u00a0\u00a0\u00a0\u00a0\u00a0\u00a0\u00a0\u00a0\u00a0\u00a0\u00a0\u00a0<\/span><a href=\"http:\/\/bit.ly\/FI_Boxol\" target=\"_blank\" rel=\"noopener noreferrer\">http:\/\/bit.ly\/FI_Boxol<\/a><\/span><\/p>\n<p><span style=\"font-family: Tahoma;\">03.02.2018\u00a0\u00a0\u00a0\u00a0\u00a0BARI\u00a0\u00a0\u00a0\u00a0\u00a0\u00a0\u00a0\u00a0\u00a0\u00a0\u00a0Teatro Palazzo\u00a0\u00a0\u00a0\u00a0\u00a0\u00a0\u00a0\u00a0\u00a0\u00a0\u00a0\u00a0\u00a0\u00a0\u00a0\u00a0\u00a0\u00a0\u00a0\u00a0\u00a0\u00a0\u00a0\u00a0\u00a0\u00a0\u00a0\u00a0<a href=\"http:\/\/bit.ly\/Eleganzissima_Bari\" target=\"_blank\" rel=\"noopener noreferrer\">\u2192\u00a0bit.ly\/Eleganzissima_Bari<\/a><\/span><\/p>\n<p>Drusilla Foer, originaria toscana, \u00e8 da tempo un&#8217;icona di stile: prima di approdare alla ribalta di\u00a0<b>Strafactor<\/b>, come nuovo giudice, con Elio e Jake La Furia, del &#8220;talent nel talent&#8221; che sta diventando un vero cult per gli spettatori di X Factor 2017, si \u00e8 gi\u00e0 fatta notare nel\u00a02012\u00a0al cinema con\u00a0<b>Ferzan \u00d6zpetek<\/b>\u00a0in &#8220;Magnifica Presenza&#8221;\u00a0e in televisione con\u00a0<b>Serena Dandini<\/b>\u00a0per &#8220;The Show Must Go Off&#8221; su La7.\u00a0E&#8217; stata fotografata fra gli altri da\u00a0<b>Mustafa Sabbagh<\/b>, considerato fra i venti fotografi contemporanei pi\u00f9 importanti, in una mostra a Lei dedicata &#8220;<b>Itinere&#8221;,\u00a0<\/b>all<b>\u2019Aria Art Gallery<\/b>\u00a0di Firenze nel 2016. Ha posato come installazione all\u2019interno di\u00a0<b>Marave\u00e9 Corpus<\/b>\u00a0a Udine, collettiva di grandi artisti internazionali come David LaChapelle e Cindy Sherman.\u00a0Ha posato per lo stilista e\u00a0<i>designer<\/i>\u00a0<b>Alessandro Gaggio<\/b>, indossando i gioielli che in giugno 2016 sono stati esposti al Museo Bellini di Firenze accompagnati dalle sue foto. Personaggio irriverente e antiborghese, si \u00e8 spesso prestata a sostegno di cause sociali per lei importanti: ha quindi posato per un calendario a favore di Anlaids nel 2013, mentre nel 2016, nell&#8217;ambito del WeWorld Film Festival, ha aderito alla special night benefica &#8220;Fare Bene Fa Bene&#8221; dedicata alle Donne di Merito e organizzata da\u00a0<b>The Circle<\/b>, l&#8217;associazione internazionale fondata da\u00a0<b>Annie Lennox<\/b>.\u00a0Ha partecipato con un brevissimo estratto di &#8220;Eleganzissima&#8221; all&#8217;edizione 2017 dei<b>&#8220;Diversity Media Awards&#8221;<\/b>, che si sono tenuti a fine maggio all&#8217;Unicredit Pavillion di Milano. Alla serata, presentata da Fabio Canino e Carolina di Domenico, in onda su Real Time TV (can 31 DT e on demand sul sito), hanno preso parte personaggi del\u00a0mondo dello spettacolo, del giornalismo e dell&#8217;impegno sociale come Paola Turci, Ermal Meta, Oscar Farinetti, Gino Strada, J-Ax, Malika, Antonio Ornano, Gino&amp;Michele, La Pina, Roberto Vecchioni, Francesco Merlo, Ilaria Dallatana e tantissimi altri. In ottobre 2017 ha presentato gli\u00a0<b>Action Academy Awards<\/b>\u00a0organizzati nella Sala Fellini dei Cinecitt\u00e0 Studios da Action Academy, l\u2019Accademia di Alta Formazione per lo spettacolo di<b>\u00a0Nando Moscariello<\/b>\u00a0e\u00a0<b>Maria Grazia Cucinotta<\/b>, per l&#8217;assegnazione dei\u00a0<b>Premi Antinoo<\/b>\u00a0per la Televisione, per il Cinema e per la Fiction.<\/p>\n<p class=\"x_MsoNormal\">&#8220;<b>Eleganzissima<\/b>&#8220;, \u00e8 stato rappresentato al Teatro della Limonaia di Sesto Fiorentino, prima di debuttare nel 2016 in anteprima nazionale per due settimane al\u00a0<b>Teatro Franco Parenti di Milano<\/b>. Visto il grande successo e l&#8217;unanime apprezzamento di pubblico e critica, lo spettacolo \u00e8 stato richiesto da altri teatri, nei quali si \u00e8 presentato in versione deluxe, leggermente modificato e arricchito da una live band al gran completo. Dopo una straordinaria doppia replica al<b>Politeama<\/b>\u00a0<b>Pratese<\/b>\u00a0con 2000 persone,\u00a0\u00e8 andato in scena nell&#8217;aprile 2017 per 3 serate acclamatissime a\u00a0<b>Barcellona<\/b>, all&#8217;interno della rassegna &#8220;Aria di Primavera&#8221; dedicata al teatro italiano. Durante l&#8217;estate 2017 il recital ha conquistato anche gli spettatori dell&#8217;<b>Estate Fiesolana\u00a0<\/b>e del Teatro Grande\u00a0<b>La Versiliana<\/b>\u00a0e dall&#8217;inverno 2017 \u00e8 in un tour teatrale che toccher\u00e0 varie citt\u00e0.<\/p>\n<p class=\"x_MsoNormal\">\n","protected":false},"excerpt":{"rendered":"<p>Best Sound presenta DRUSILLA FOER in &#8220;ELEGANZISSIMA&#8221; il recital L&#8217;icona di stile, cantante e attrice,\u00a0attualmente protagonista in TV come giudice di STRAFACTOR, dal 29 novembre \u00e8 in tour con il suo recital ELEGANZISSIMA, per la direzione artistica di Franco Godi MILANO, Teatro dal Verme (29.11), TORINO, Teatro Colosseo (6.12), BOLOGNA, Teatro Il Celebrazioni (13.12), ROMA, &hellip; <a href=\"https:\/\/www.gdapress.it\/it\/index.php\/64909\/spettacoli\/drusilla-foer-eleganzissima.html\" class=\"more-link\">Read more <span class=\"screen-reader-text\">DRUSILLA FOER in &#8220;ELEGANZISSIMA&#8221;<\/span><\/a><\/p>\n","protected":false},"author":3,"featured_media":64910,"comment_status":"closed","ping_status":"open","sticky":false,"template":"","format":"standard","meta":{"footnotes":""},"categories":[8],"tags":[21101,21100,17,235],"class_list":["post-64909","post","type-post","status-publish","format-standard","has-post-thumbnail","hentry","category-spettacoli","tag-eleganzissima","tag-drusilla-foer","tag-milano","tag-teatro-dal-verme"],"_links":{"self":[{"href":"https:\/\/www.gdapress.it\/it\/index.php\/wp-json\/wp\/v2\/posts\/64909","targetHints":{"allow":["GET"]}}],"collection":[{"href":"https:\/\/www.gdapress.it\/it\/index.php\/wp-json\/wp\/v2\/posts"}],"about":[{"href":"https:\/\/www.gdapress.it\/it\/index.php\/wp-json\/wp\/v2\/types\/post"}],"author":[{"embeddable":true,"href":"https:\/\/www.gdapress.it\/it\/index.php\/wp-json\/wp\/v2\/users\/3"}],"replies":[{"embeddable":true,"href":"https:\/\/www.gdapress.it\/it\/index.php\/wp-json\/wp\/v2\/comments?post=64909"}],"version-history":[{"count":1,"href":"https:\/\/www.gdapress.it\/it\/index.php\/wp-json\/wp\/v2\/posts\/64909\/revisions"}],"predecessor-version":[{"id":64911,"href":"https:\/\/www.gdapress.it\/it\/index.php\/wp-json\/wp\/v2\/posts\/64909\/revisions\/64911"}],"wp:featuredmedia":[{"embeddable":true,"href":"https:\/\/www.gdapress.it\/it\/index.php\/wp-json\/wp\/v2\/media\/64910"}],"wp:attachment":[{"href":"https:\/\/www.gdapress.it\/it\/index.php\/wp-json\/wp\/v2\/media?parent=64909"}],"wp:term":[{"taxonomy":"category","embeddable":true,"href":"https:\/\/www.gdapress.it\/it\/index.php\/wp-json\/wp\/v2\/categories?post=64909"},{"taxonomy":"post_tag","embeddable":true,"href":"https:\/\/www.gdapress.it\/it\/index.php\/wp-json\/wp\/v2\/tags?post=64909"}],"curies":[{"name":"wp","href":"https:\/\/api.w.org\/{rel}","templated":true}]}}