
{"id":64665,"date":"2017-06-21T01:40:11","date_gmt":"2017-06-20T23:40:11","guid":{"rendered":"http:\/\/www.gdapress.it\/it\/?p=64665"},"modified":"2017-10-28T11:43:12","modified_gmt":"2017-10-28T09:43:12","slug":"la-torre-branca-milano","status":"publish","type":"post","link":"https:\/\/www.gdapress.it\/it\/index.php\/64665\/architettura\/la-torre-branca-milano.html","title":{"rendered":"La \u201cTorre Branca\u201d a Milano"},"content":{"rendered":"<p><img loading=\"lazy\" decoding=\"async\" class=\"alignnone size-medium wp-image-64666\" src=\"http:\/\/www.gdapress.it\/it\/..\/public\/it\/2017\/10\/Torre-Branca-Notturna_-128x300.jpg\" alt=\"\" width=\"128\" height=\"300\" srcset=\"https:\/\/www.gdapress.it\/it\/..\/public\/it\/2017\/10\/Torre-Branca-Notturna_-128x300.jpg 128w, https:\/\/www.gdapress.it\/it\/..\/public\/it\/2017\/10\/Torre-Branca-Notturna_-171x400.jpg 171w, https:\/\/www.gdapress.it\/it\/..\/public\/it\/2017\/10\/Torre-Branca-Notturna_.jpg 683w\" sizes=\"auto, (max-width: 128px) 100vw, 128px\" \/><\/p>\n<p><strong>La \u201cTorre Branca\u201d a Milano<\/strong><\/p>\n<p><strong>Una giornata di festa in occasione dei suoi 15 anni di riapertura alla citt\u00e0<\/strong>\u00a0Per il <strong>15\u00b0 anniversario<\/strong> dalla riapertura al pubblico della Torre voluto dalla storica azienda <strong>Fratelli Branca Distillerie<\/strong>, \u00e8 in programma una <strong>tavola rotonda<\/strong> dedicata a Gio Ponti. Il 21 giugno 2017 Branca celebra il 15\u00b0 anno di riapertura alla citt\u00e0 di quella straordinaria struttura che tutti conoscono ormai con il nome <strong>\u201cTorre Branca<\/strong>\u201d, uno dei fiori all\u2019occhiello del design architettonico di Milano. Un\u2019occasione unica per toccare con mano l&#8217;evoluzione tecnologica delle pi\u00f9 moderne architetture adottate nella ristrutturazione e per godere di una vista unica della citt\u00e0.<\/p>\n<p>Alle ore 17.00 presso lo <strong>Spazio Branca<\/strong> di <strong>via Broletto 35<\/strong> si terr\u00e0 una <strong>tavola rotonda dedicata a Gio Ponti<\/strong> e ai suoi progetti con esperti di Architettura e Design tra cui Donatella Bollani, vice direttore di Domus, la prestigiosa rivista di Architettura fondata da Gio Ponti; Niccol\u00f2 Branca, Presidente e AD di Fratelli Branca Distillerie; Emilio Faroldi, Pro-Rettore del Politecnico di Milano; Maria Vittoria Capitanucci, storica dell&#8217;Architettura e Vanni Pasca, critico e storico del Design. La tavola rotonda, moderata da Ingrid Paoletti, docente del Politecnico di Architettura ed esperta di Ingegneria costruttiva, intende raccontare un pezzo di Architettura milanese, attraverso i diversi punti di vista di chi l&#8217;ha riportata in luce, studiata e discussa con attenzione. Un&#8217;occasione per ribadire la centralit\u00e0 di Milano in un periodo di fervore industriale e architettonico che lancia un&#8217;eredit\u00e0 da raccogliere.<\/p>\n<p>La Torre Branca, collocata accanto alla Triennale nel centro del Parco Sempione di Milano, con i suoi <strong>108,60 metri<\/strong> di altezza, \u00e8 dotata di un modernissimo impianto ascensore che conduce in poco meno di un minuto al locale belvedere dove si apre uno scenario mozzafiato sulla citt\u00e0. Costruita nel 1933 su progetto di Gio Ponti in occasione della V Triennale di Milano e chiusa dal 1972 al 1985, \u00e8 stata completamente ristrutturata grazie alla volont\u00e0 della famiglia Branca. Dal 2002 la Torre \u00e8 stata restituita ai milanesi e ai turisti provenienti da ogni parte del mondo per visitarla.<\/p>\n<p><em>\u201cMilano \u00e8 profondamente affine allo spirito che ci muove\u201d<\/em> afferma <strong>Niccol\u00f2 Branca, Presidente e Amministratore Delegato di Fratelli Branca Distillerie<\/strong> <em>\u201cAmiamo questa citt\u00e0 che ha affrontato periodi di crisi e di rinascita senza perdere l\u2019opportunit\u00e0 di rinnovarsi, mantenendo sempre la propria identit\u00e0. Come il nostro stabilimento storico: in via Resegone da ben pi\u00f9 di un secolo, \u00e8 oggi parte fondante del tessuto urbano. Siamo davvero molto grati alla citt\u00e0 che ci ospita: il restauro della Torre Branca, uno dei simboli del capoluogo lombardo, il Museo Collezione Branca trasformato in uno spazio aperto al pubblico, il restyling con un\u2019opera di street art della ciminiera della fabbrica, sono alcune delle iniziative con cui continuiamo a manifestare questa gratitudine\u201d<\/em>.<\/p>\n<p><strong><u>INFORMAZION<\/u><\/strong><strong>I<\/strong><\/p>\n<p><strong>Tavola rotonda<\/strong><\/p>\n<p><em>Gio Ponti e la Torre Branca: Milano e la sua architettura <\/em><\/p>\n<p>Spazio Branca<\/p>\n<p>Via Broletto 35, Milano<\/p>\n<p>21 giugno dalle ore 17.00 alle ore 18.30<\/p>\n<p>L\u2019evento \u00e8 aperto al pubblico, fino ad esaurimento posti.<\/p>\n<p><strong>\u00a0<\/strong><\/p>\n<p><strong>Maggiori informazioni su Branca<\/strong><\/p>\n<p>La Fratelli Branca Distillerie \u00e8 un\u2019affermata realt\u00e0 imprenditoriale italiana operante nel settore spirits. Fondata 172 anni fa a Milano, l\u2019azienda \u00e8 da sempre controllata e guidata dalla famiglia Branca, oggi giunta alla quinta generazione sotto la guida del Presidente e Ad Niccol\u00f2 Branca. L\u2019evoluzione dell\u2019azienda ha inizio con la creazione nel 1845, da parte di Bernardino Branca, dell\u2019amaro diventato famoso in tutto il mondo: il Fernet-Branca, la cui formula unica e segreta \u00e8 rimasta immutata nel tempo. Qualit\u00e0 e innovazione nel rispetto della tradizione hanno contraddistinto da sempre la crescita aziendale, che da Fernet-Branca \u00e8 passata attraverso altri prodotti \u201cstorici\u201d dell\u2019azienda come Stravecchio Branca e Brancamenta, sino all\u2019ampliamento del portafoglio prodotti, che ora vede tra i principali brand: Fernet-Branca, Brancamenta, Stravecchio Branca, Caff\u00e8 Borghetti, Grappa Candolini, Grappa Sens\u00e8a, Punt e Mes, Carpano Classico, Bianco e Dry, Antica Formula, Sambuca Borghetti, il distillato premium Magnamater, la vodka Sernova, i vini Chianti Classici Villa Branca e spumante Bellarco. Fratelli Branca Distillerie distribuisce in Italia anche i prestigiosi brand del gruppo francese R\u00e9my-Cointreau, la Tequila Sierra del gruppo tedesco Borco, lo champagne Tsarine, di Chanoine Fr\u00e8res e il liquore Southern Comfort del Gruppo Sazerac.<\/p>\n<p><a href=\"http:\/\/www.branca.it\">www.branca.it<\/a><\/p>\n<p><strong>\u00a0<\/strong><\/p>\n","protected":false},"excerpt":{"rendered":"<p>La \u201cTorre Branca\u201d a Milano Una giornata di festa in occasione dei suoi 15 anni di riapertura alla citt\u00e0\u00a0Per il 15\u00b0 anniversario dalla riapertura al pubblico della Torre voluto dalla storica azienda Fratelli Branca Distillerie, \u00e8 in programma una tavola rotonda dedicata a Gio Ponti. Il 21 giugno 2017 Branca celebra il 15\u00b0 anno di &hellip; <a href=\"https:\/\/www.gdapress.it\/it\/index.php\/64665\/architettura\/la-torre-branca-milano.html\" class=\"more-link\">Read more <span class=\"screen-reader-text\">La \u201cTorre Branca\u201d a Milano<\/span><\/a><\/p>\n","protected":false},"author":3,"featured_media":64666,"comment_status":"closed","ping_status":"open","sticky":false,"template":"","format":"standard","meta":{"footnotes":""},"categories":[3],"tags":[17,20942],"class_list":["post-64665","post","type-post","status-publish","format-standard","has-post-thumbnail","hentry","category-architettura","tag-milano","tag-torre-branca"],"_links":{"self":[{"href":"https:\/\/www.gdapress.it\/it\/index.php\/wp-json\/wp\/v2\/posts\/64665","targetHints":{"allow":["GET"]}}],"collection":[{"href":"https:\/\/www.gdapress.it\/it\/index.php\/wp-json\/wp\/v2\/posts"}],"about":[{"href":"https:\/\/www.gdapress.it\/it\/index.php\/wp-json\/wp\/v2\/types\/post"}],"author":[{"embeddable":true,"href":"https:\/\/www.gdapress.it\/it\/index.php\/wp-json\/wp\/v2\/users\/3"}],"replies":[{"embeddable":true,"href":"https:\/\/www.gdapress.it\/it\/index.php\/wp-json\/wp\/v2\/comments?post=64665"}],"version-history":[{"count":1,"href":"https:\/\/www.gdapress.it\/it\/index.php\/wp-json\/wp\/v2\/posts\/64665\/revisions"}],"predecessor-version":[{"id":64667,"href":"https:\/\/www.gdapress.it\/it\/index.php\/wp-json\/wp\/v2\/posts\/64665\/revisions\/64667"}],"wp:featuredmedia":[{"embeddable":true,"href":"https:\/\/www.gdapress.it\/it\/index.php\/wp-json\/wp\/v2\/media\/64666"}],"wp:attachment":[{"href":"https:\/\/www.gdapress.it\/it\/index.php\/wp-json\/wp\/v2\/media?parent=64665"}],"wp:term":[{"taxonomy":"category","embeddable":true,"href":"https:\/\/www.gdapress.it\/it\/index.php\/wp-json\/wp\/v2\/categories?post=64665"},{"taxonomy":"post_tag","embeddable":true,"href":"https:\/\/www.gdapress.it\/it\/index.php\/wp-json\/wp\/v2\/tags?post=64665"}],"curies":[{"name":"wp","href":"https:\/\/api.w.org\/{rel}","templated":true}]}}