
{"id":64490,"date":"2017-10-18T23:08:49","date_gmt":"2017-10-18T21:08:49","guid":{"rendered":"http:\/\/www.gdapress.it\/it\/?p=64490"},"modified":"2017-10-19T00:13:28","modified_gmt":"2017-10-18T22:13:28","slug":"talenti-la-nuova-collezione-domino-firmata-dal-designer-marco-acerbis","status":"publish","type":"post","link":"https:\/\/www.gdapress.it\/it\/index.php\/64490\/design\/talenti-la-nuova-collezione-domino-firmata-dal-designer-marco-acerbis.html","title":{"rendered":"TALENTI, ECCO LA NUOVA COLLEZIONE DOMINO FIRMATA DAL DESIGNER MARCO ACERBIS"},"content":{"rendered":"<p><img loading=\"lazy\" decoding=\"async\" class=\"alignnone size-medium wp-image-64491\" src=\"http:\/\/www.gdapress.it\/it\/..\/public\/it\/2017\/10\/dominocollection-6-copia-300x173.jpg\" alt=\"\" width=\"300\" height=\"173\" srcset=\"https:\/\/www.gdapress.it\/it\/..\/public\/it\/2017\/10\/dominocollection-6-copia-300x173.jpg 300w, https:\/\/www.gdapress.it\/it\/..\/public\/it\/2017\/10\/dominocollection-6-copia-768x443.jpg 768w, https:\/\/www.gdapress.it\/it\/..\/public\/it\/2017\/10\/dominocollection-6-copia-500x288.jpg 500w, https:\/\/www.gdapress.it\/it\/..\/public\/it\/2017\/10\/dominocollection-6-copia.jpg 900w\" sizes=\"auto, (max-width: 300px) 100vw, 300px\" \/><\/p>\n<p>TALENTI, ECCO LA NUOVA COLLEZIONE DOMINO FIRMATA DAL DESIGNER<br \/>\nMARCO ACERBIS<br \/>\nCreata dal geniale Marco Acerbis, un nome che si \u00e8 ormai ritagliato un ruolo di rilievo<br \/>\nnel panorama dei designer mondiale con le collezioni Eden e Cleo, Domino si compone<br \/>\ndi sof\u00e0, poltrone, sedie e diverse tipologie di tavoli adatti ad ogni situazione e capaci di<br \/>\ntrasformare lo spazio esterno in un piacere estetico.<br \/>\nLa collezione, come del resto tutti i prodotti di Talenti, \u00e8 rigorosamente Made in Italy e<br \/>\nrealizzata con materiali di ultima generazione perfettamente resistenti alle intemperie e<br \/>\nal calore, facili da lavare e comode da utilizzare (pi\u00f9 dettagli nelle schede tecniche).<br \/>\nDomino<br \/>\nDesigner: Marco Acerbis<br \/>\nAnno di produzione: 2017<br \/>\nTutti gli articoli sono caratterizzati da una struttura in alluminio verniciato a polvere<br \/>\ndisponibile in due diverse varianti di colore: bianco (A12) e grafite (A14).<br \/>\nTessuto disponibile in due varianti: beige m\u00e9lange (C38) per la versione bianca, grigio<br \/>\nscuro (C40) per quella grafite.<br \/>\nCuscineria sfoderabile, facile da lavare e resistente agli agenti atmosferici. Imbottitura in<br \/>\nquick dry foam.<br \/>\nElementi di finitura in teak naturale (L9).<br \/>\nTavolo caff\u00e8 tondo con top in marmo Santa fiora (S12) per la versione bianca, in marmo<br \/>\nBasaltina (S13) per quella grafite.<br \/>\nTavolo caff\u00e8 rettangolare con piano in teak naturale (L9).<br \/>\nTavoli pranzo allungabili con struttura in alluminio e piano in teak naturale (L9) disponibili<br \/>\nin due dimensioni.<br \/>\nAllunga opzionale di 60cm in alluminio bianco o grafite applicabile solo per il tavolo da<br \/>\n200&#215;100.<\/p>\n<p>Talenti, outdoor living<br \/>\nTalenti \u00e8 un\u2019azienda umbra specializzata nella progettazione e realizzazione di arredi outdoor che<br \/>\nconiuga eleganza, funzionalit\u00e0 e qualit\u00e0. Le collezioni Talenti, firmate da designer internazionali,<br \/>\ncome Karim Rashid, Marco Acerbis e Ram\u00f3n Esteve, offrono prodotti per il dining e per il living<br \/>\ncaratterizzati da un forte rimando al mondo indoor, adatti sia per i progetti contract sia per quelli<br \/>\nresidenziali. L\u2019azienda ha dimostrato negli anni un\u2019attenzione sempre maggiore nei confronti del<br \/>\nmondo del design e oggi propone con le sue collezioni prodotti in grado di soddisfare non solo i<br \/>\ngusti pi\u00f9 classici, ma anche quelli pi\u00f9 contemporanei. Nel consolidare la propria identit\u00e0 Talenti si \u00e8<br \/>\ndimostrata nel tempo fortemente attenta al mercato globale ed attualmente \u00e8 presente in circa 40<br \/>\npaesi con una rete di vendita qualificata ed articolata. Ogni anno l\u2019azienda partecipa inoltre alle<br \/>\nprincipali fiere del settore e i suoi prodotti vengono scelti per realizzazioni internazionali.<br \/>\nwww.talentisrl.com<br \/>\nMarco Acerbis<br \/>\nNato nel 1973, Marco Acerbis si laurea in architettura al Politecnico di Milano. Dal 1997 al 2004<br \/>\nvive a Londra dove lavora da Foster &amp; Partners. In questi anni collabora alla realizzazione<br \/>\ndell&#8217;edificio per la ricerca scientifica presso il campus dell\u2019Imperial College di Londra, e diventa<br \/>\ncapo progetto di Capital City Academy a Londra. Acerbis fonda il suo studio a Bergamo nel 2004.<br \/>\nAffascinato dalla progettazione su scale diverse, si muove dall\u2019architettura al design. La lampada<br \/>\nVertigo, disegnata per Fontana Arte, diventa rapidamente sia un best seller sia un\u2019icona senza<br \/>\ntempo, ed \u00e8 inclusa nella collezione permanente del Vitra Design Museum. La maniglia Prius<br \/>\ndisegnata per Colombo Design vince la Menzione d\u2019Onore al XXI Compasso d&#8217;Oro ADI 2008. La<br \/>\npoltrona Kloe disegnata per Desalto vince il Red Dot Design Award 2009 e il rubinetto Wave<br \/>\ndisegnato per IB Rubinetterie vince il Red Dot Design Award 2015. L&#8217;interesse per le tematiche del<br \/>\nvivere contemporaneo lo porta a cimentarsi attivamente nel mondo dell\u2019architettura ecosostenibile<br \/>\ncon la costruzione di Polins &#8211; Polo di Innovazione Strategica (Portogruaro, VE) edificio certificato.<\/p>\n","protected":false},"excerpt":{"rendered":"<p>TALENTI, ECCO LA NUOVA COLLEZIONE DOMINO FIRMATA DAL DESIGNER MARCO ACERBIS Creata dal geniale Marco Acerbis, un nome che si \u00e8 ormai ritagliato un ruolo di rilievo nel panorama dei designer mondiale con le collezioni Eden e Cleo, Domino si compone di sof\u00e0, poltrone, sedie e diverse tipologie di tavoli adatti ad ogni situazione e &hellip; <a href=\"https:\/\/www.gdapress.it\/it\/index.php\/64490\/design\/talenti-la-nuova-collezione-domino-firmata-dal-designer-marco-acerbis.html\" class=\"more-link\">Read more <span class=\"screen-reader-text\">TALENTI, ECCO LA NUOVA COLLEZIONE DOMINO FIRMATA DAL DESIGNER MARCO ACERBIS<\/span><\/a><\/p>\n","protected":false},"author":3,"featured_media":64491,"comment_status":"closed","ping_status":"open","sticky":false,"template":"","format":"standard","meta":{"footnotes":""},"categories":[32],"tags":[20836,20837,3098],"class_list":["post-64490","post","type-post","status-publish","format-standard","has-post-thumbnail","hentry","category-design","tag-collezione-domino","tag-marco-acerbis","tag-talenti"],"_links":{"self":[{"href":"https:\/\/www.gdapress.it\/it\/index.php\/wp-json\/wp\/v2\/posts\/64490","targetHints":{"allow":["GET"]}}],"collection":[{"href":"https:\/\/www.gdapress.it\/it\/index.php\/wp-json\/wp\/v2\/posts"}],"about":[{"href":"https:\/\/www.gdapress.it\/it\/index.php\/wp-json\/wp\/v2\/types\/post"}],"author":[{"embeddable":true,"href":"https:\/\/www.gdapress.it\/it\/index.php\/wp-json\/wp\/v2\/users\/3"}],"replies":[{"embeddable":true,"href":"https:\/\/www.gdapress.it\/it\/index.php\/wp-json\/wp\/v2\/comments?post=64490"}],"version-history":[{"count":1,"href":"https:\/\/www.gdapress.it\/it\/index.php\/wp-json\/wp\/v2\/posts\/64490\/revisions"}],"predecessor-version":[{"id":64492,"href":"https:\/\/www.gdapress.it\/it\/index.php\/wp-json\/wp\/v2\/posts\/64490\/revisions\/64492"}],"wp:featuredmedia":[{"embeddable":true,"href":"https:\/\/www.gdapress.it\/it\/index.php\/wp-json\/wp\/v2\/media\/64491"}],"wp:attachment":[{"href":"https:\/\/www.gdapress.it\/it\/index.php\/wp-json\/wp\/v2\/media?parent=64490"}],"wp:term":[{"taxonomy":"category","embeddable":true,"href":"https:\/\/www.gdapress.it\/it\/index.php\/wp-json\/wp\/v2\/categories?post=64490"},{"taxonomy":"post_tag","embeddable":true,"href":"https:\/\/www.gdapress.it\/it\/index.php\/wp-json\/wp\/v2\/tags?post=64490"}],"curies":[{"name":"wp","href":"https:\/\/api.w.org\/{rel}","templated":true}]}}