
{"id":64213,"date":"2017-10-02T10:58:44","date_gmt":"2017-10-02T08:58:44","guid":{"rendered":"http:\/\/www.gdapress.it\/it\/?p=64213"},"modified":"2017-10-02T10:58:45","modified_gmt":"2017-10-02T08:58:45","slug":"manzoni-cultura-davide-van-de-sfroos","status":"publish","type":"post","link":"https:\/\/www.gdapress.it\/it\/index.php\/64213\/teatro\/manzoni-cultura-davide-van-de-sfroos.html","title":{"rendered":"MANZONI CULTURA DAVIDE VAN DE SFROOS"},"content":{"rendered":"<p><img loading=\"lazy\" decoding=\"async\" class=\"alignnone size-medium wp-image-64214\" src=\"http:\/\/www.gdapress.it\/it\/..\/public\/it\/2017\/10\/Davide-Van-De-Sfroos-300x200.jpg\" alt=\"\" width=\"300\" height=\"200\" srcset=\"https:\/\/www.gdapress.it\/it\/..\/public\/it\/2017\/10\/Davide-Van-De-Sfroos-300x200.jpg 300w, https:\/\/www.gdapress.it\/it\/..\/public\/it\/2017\/10\/Davide-Van-De-Sfroos-768x512.jpg 768w, https:\/\/www.gdapress.it\/it\/..\/public\/it\/2017\/10\/Davide-Van-De-Sfroos-500x333.jpg 500w, https:\/\/www.gdapress.it\/it\/..\/public\/it\/2017\/10\/Davide-Van-De-Sfroos-720x480.jpg 720w, https:\/\/www.gdapress.it\/it\/..\/public\/it\/2017\/10\/Davide-Van-De-Sfroos-272x182.jpg 272w\" sizes=\"auto, (max-width: 300px) 100vw, 300px\" \/><\/p>\n<p><strong>Luned\u00ec 2 ottobre, ore 20.45<\/strong><\/p>\n<p>ospite della serata<strong> DAVIDE VAN DE SFROOS<\/strong><\/p>\n<p>conduce l&#8217;intervista\u00a0<strong><em>Edoardo Sylos Labini<\/em><\/strong><br \/>\ncon la partecipazione di\u00a0<em>Giovanni Terzi<\/em><br \/>\ndj set\u00a0<em>Alice Viglioglia<\/em><\/p>\n<p><strong>DAVIDE VAN DE SFROOS, UNA DELLE VOCI PI\u00d9 ORIGINALI DELLA SCENA MUSICAL-LETTERARIA ITALIANA, APRE LA RASSEGNA <em>MANZONI CULTURA<\/em>, LUNED\u00cc 2 OTTOBRE AL TEATRO MANZONI<\/strong><\/p>\n<p><strong><em>Celebre per i testi in dialetto comasco, il \u201ccantastorie\u201d Davide Bernasconi, in arte Van De Sfroos, \u00e8 il primo grande ospite della nuova stagione di Manzoni Cultura. Ad intervistarlo ci penser\u00e0 l\u2019eclettico artista Edoardo Sylos Labini, ideatore della rassegna<\/em><\/strong><\/p>\n<p>Dopo il successo delle passate edizioni, ritorna per il quarto anno consecutivo la rassegna <strong>Manzoni Cultura, ideata da Edoardo Sylos Labini,<\/strong>con un <strong>cartellone inedito capace di appassionare un pubblico in costante crescita, curioso ed eterogeneo<\/strong>. Ad aprire il ciclo di interviste con personaggi noti del mondo della cultura sar\u00e0 <strong>Davide Van De Sfroos<\/strong>, <strong>luned\u00ec 2 ottobre<\/strong>, che incontrer\u00e0 il pubblico al <strong>Teatro Manzoni di Milano<\/strong>.<\/p>\n<p>Ospite d\u2019eccezione,<strong> reduce dal grande successo al Meazza che ha entusiasmato oltre 20mila fan accorsi per ascoltare le ballate blues in dialetto comasco<\/strong>, Davide Bernasconi, in arte Van De Sfroos, \u00e8 una delle voci pi\u00f9 originali della scena musical-letteraria italiana. \u201cCantastorie\u201d, chitarrista e scrittore con forti radici culturali ha vinto due Premi Tenco e si \u00e8 classificato quarto a Sanremo 2011. Tra gli album che hanno ottenuto pi\u00f9 successo si ricordano: <em>Br\u00e8va e Tiv\u00e0n<\/em>, <em>E s\u00e9mmpart\u00eci<\/em>, <em>Akuaduulza<\/em>e<em> Yanez<\/em>; tra i libri: <em>Le parole sognate dai pesci<\/em> e <em>Il mio nome \u00e8 Herbert Fanucci.<\/em><\/p>\n<p>Incalzato dalle domande dell\u2019artista <strong>Edoardo Sylos Labini<\/strong>, Davide Van De Sfroos si racconter\u00e0 al pubblico in <strong>un avvincente faccia a faccia accompagnato da immagini<\/strong>, video inediti e musiche live di <strong>Alice Viglioglia. <\/strong>Non mancheranno le incursioni OFF del direttore de <strong>IlGiornaleOFF.it<\/strong> Giovanni Terzi, <strong>media partner<\/strong> della rassegna, e la <strong>partecipazione attiva del pubblico chiamato ad interfacciarsi con il cantante<\/strong>.<\/p>\n<p>\u00c8 solo il primo dei quattro appuntamenti che si terranno al <strong>Teatro Manzoni di Milano<\/strong>, ai quali si aggiungeranno altri quattro incontri al terzo piano del <strong>Mondadori Megastore di Piazza Duomo<\/strong>, grazie alla nuova partnership del format <strong>Manzoni Cultura<\/strong> con <strong>Mondadori Store<\/strong>. Oltre al network di librerie del Gruppo Mondadori, main sponsor, partner ufficiali della rassegna sono <strong>Elior<\/strong>,per il quarto anno consecutivo e, da quest\u2019anno, <strong>Unibell<\/strong>.<\/p>\n<p><strong>BIGLIETTO<\/strong>:\u00a0\u00a0 posto unico \u20ac 10,00<\/p>\n","protected":false},"excerpt":{"rendered":"<p>Luned\u00ec 2 ottobre, ore 20.45 ospite della serata DAVIDE VAN DE SFROOS conduce l&#8217;intervista\u00a0Edoardo Sylos Labini con la partecipazione di\u00a0Giovanni Terzi dj set\u00a0Alice Viglioglia DAVIDE VAN DE SFROOS, UNA DELLE VOCI PI\u00d9 ORIGINALI DELLA SCENA MUSICAL-LETTERARIA ITALIANA, APRE LA RASSEGNA MANZONI CULTURA, LUNED\u00cc 2 OTTOBRE AL TEATRO MANZONI Celebre per i testi in dialetto comasco, &hellip; <a href=\"https:\/\/www.gdapress.it\/it\/index.php\/64213\/teatro\/manzoni-cultura-davide-van-de-sfroos.html\" class=\"more-link\">Read more <span class=\"screen-reader-text\">MANZONI CULTURA DAVIDE VAN DE SFROOS<\/span><\/a><\/p>\n","protected":false},"author":3,"featured_media":64214,"comment_status":"closed","ping_status":"open","sticky":false,"template":"","format":"standard","meta":{"footnotes":""},"categories":[1],"tags":[20633,20631,17345,20632,13978,846],"class_list":["post-64213","post","type-post","status-publish","format-standard","has-post-thumbnail","hentry","category-teatro","tag-alice-viglioglia","tag-davide-van-de-sfroos","tag-edoardo-sylos-labini","tag-giovanni-terzi","tag-manzoni-cultura","tag-teatro-manzoni-milano"],"_links":{"self":[{"href":"https:\/\/www.gdapress.it\/it\/index.php\/wp-json\/wp\/v2\/posts\/64213","targetHints":{"allow":["GET"]}}],"collection":[{"href":"https:\/\/www.gdapress.it\/it\/index.php\/wp-json\/wp\/v2\/posts"}],"about":[{"href":"https:\/\/www.gdapress.it\/it\/index.php\/wp-json\/wp\/v2\/types\/post"}],"author":[{"embeddable":true,"href":"https:\/\/www.gdapress.it\/it\/index.php\/wp-json\/wp\/v2\/users\/3"}],"replies":[{"embeddable":true,"href":"https:\/\/www.gdapress.it\/it\/index.php\/wp-json\/wp\/v2\/comments?post=64213"}],"version-history":[{"count":1,"href":"https:\/\/www.gdapress.it\/it\/index.php\/wp-json\/wp\/v2\/posts\/64213\/revisions"}],"predecessor-version":[{"id":64215,"href":"https:\/\/www.gdapress.it\/it\/index.php\/wp-json\/wp\/v2\/posts\/64213\/revisions\/64215"}],"wp:featuredmedia":[{"embeddable":true,"href":"https:\/\/www.gdapress.it\/it\/index.php\/wp-json\/wp\/v2\/media\/64214"}],"wp:attachment":[{"href":"https:\/\/www.gdapress.it\/it\/index.php\/wp-json\/wp\/v2\/media?parent=64213"}],"wp:term":[{"taxonomy":"category","embeddable":true,"href":"https:\/\/www.gdapress.it\/it\/index.php\/wp-json\/wp\/v2\/categories?post=64213"},{"taxonomy":"post_tag","embeddable":true,"href":"https:\/\/www.gdapress.it\/it\/index.php\/wp-json\/wp\/v2\/tags?post=64213"}],"curies":[{"name":"wp","href":"https:\/\/api.w.org\/{rel}","templated":true}]}}