
{"id":64017,"date":"2017-09-25T07:44:16","date_gmt":"2017-09-25T05:44:16","guid":{"rendered":"http:\/\/www.gdapress.it\/it\/?p=64017"},"modified":"2017-09-25T07:44:48","modified_gmt":"2017-09-25T05:44:48","slug":"colazione-dautore-unoccasione-conoscere-territorio","status":"publish","type":"post","link":"https:\/\/www.gdapress.it\/it\/index.php\/64017\/enogastronomia\/colazione-dautore-unoccasione-conoscere-territorio.html","title":{"rendered":"Prima Colazione d\u2019Autore: un\u2019occasione per conoscere il territorio"},"content":{"rendered":"<p><img loading=\"lazy\" decoding=\"async\" class=\"alignnone size-medium wp-image-64018\" src=\"http:\/\/www.gdapress.it\/it\/..\/public\/it\/2017\/09\/SET_3983-copia-300x176.jpg\" alt=\"\" width=\"300\" height=\"176\" srcset=\"https:\/\/www.gdapress.it\/it\/..\/public\/it\/2017\/09\/SET_3983-copia-300x176.jpg 300w, https:\/\/www.gdapress.it\/it\/..\/public\/it\/2017\/09\/SET_3983-copia-768x451.jpg 768w, https:\/\/www.gdapress.it\/it\/..\/public\/it\/2017\/09\/SET_3983-copia-500x294.jpg 500w, https:\/\/www.gdapress.it\/it\/..\/public\/it\/2017\/09\/SET_3983-copia.jpg 1614w\" sizes=\"auto, (max-width: 300px) 100vw, 300px\" \/>\u00a0<img loading=\"lazy\" decoding=\"async\" class=\"alignnone size-medium wp-image-64019\" src=\"http:\/\/www.gdapress.it\/it\/..\/public\/it\/2017\/09\/Vittorio-Fusari2c-Iginio-Massari2c-Enrico-Cerea-300x205.jpg\" alt=\"\" width=\"300\" height=\"205\" srcset=\"https:\/\/www.gdapress.it\/it\/..\/public\/it\/2017\/09\/Vittorio-Fusari2c-Iginio-Massari2c-Enrico-Cerea-300x205.jpg 300w, https:\/\/www.gdapress.it\/it\/..\/public\/it\/2017\/09\/Vittorio-Fusari2c-Iginio-Massari2c-Enrico-Cerea-768x526.jpg 768w, https:\/\/www.gdapress.it\/it\/..\/public\/it\/2017\/09\/Vittorio-Fusari2c-Iginio-Massari2c-Enrico-Cerea-500x342.jpg 500w, https:\/\/www.gdapress.it\/it\/..\/public\/it\/2017\/09\/Vittorio-Fusari2c-Iginio-Massari2c-Enrico-Cerea.jpg 1725w\" sizes=\"auto, (max-width: 300px) 100vw, 300px\" \/><\/p>\n<p><img loading=\"lazy\" decoding=\"async\" class=\"alignnone size-medium wp-image-64021\" src=\"http:\/\/www.gdapress.it\/it\/..\/public\/it\/2017\/09\/Polenta-e-Osei_La-Marianna-300x218.jpg\" alt=\"\" width=\"300\" height=\"218\" srcset=\"https:\/\/www.gdapress.it\/it\/..\/public\/it\/2017\/09\/Polenta-e-Osei_La-Marianna-300x218.jpg 300w, https:\/\/www.gdapress.it\/it\/..\/public\/it\/2017\/09\/Polenta-e-Osei_La-Marianna-768x558.jpg 768w, https:\/\/www.gdapress.it\/it\/..\/public\/it\/2017\/09\/Polenta-e-Osei_La-Marianna-500x363.jpg 500w, https:\/\/www.gdapress.it\/it\/..\/public\/it\/2017\/09\/Polenta-e-Osei_La-Marianna.jpg 1625w\" sizes=\"auto, (max-width: 300px) 100vw, 300px\" \/>\u00a0<img loading=\"lazy\" decoding=\"async\" class=\"alignnone size-medium wp-image-64020\" src=\"http:\/\/www.gdapress.it\/it\/..\/public\/it\/2017\/09\/Crostata-di-lamponi_Da-Vittorio-300x182.jpg\" alt=\"\" width=\"300\" height=\"182\" srcset=\"https:\/\/www.gdapress.it\/it\/..\/public\/it\/2017\/09\/Crostata-di-lamponi_Da-Vittorio-300x182.jpg 300w, https:\/\/www.gdapress.it\/it\/..\/public\/it\/2017\/09\/Crostata-di-lamponi_Da-Vittorio-768x466.jpg 768w, https:\/\/www.gdapress.it\/it\/..\/public\/it\/2017\/09\/Crostata-di-lamponi_Da-Vittorio-500x303.jpg 500w, https:\/\/www.gdapress.it\/it\/..\/public\/it\/2017\/09\/Crostata-di-lamponi_Da-Vittorio.jpg 1947w\" sizes=\"auto, (max-width: 300px) 100vw, 300px\" \/><\/p>\n<p><strong>Prima Colazione d\u2019Autore: un\u2019occasione per conoscere il territorio<\/strong><\/p>\n<p>Presentato all\u2019Aeroporto di Milano Bergamo il primo progetto italiano ideato da East Lombardy<\/p>\n<p>dedicato alla valorizzazione della prima colazione come elemento di promozione turistica<\/p>\n<p>L\u2019<strong>Aeroporto di Milano Bergamo<\/strong> ha tenuto a battesimo il progetto di East Lombardy \u201c<strong>Prima colazione: un\u2019occasione per conoscere il territorio<\/strong>\u201d, il primo in Italia che valorizza il breakfast come elemento competitivo per il successo di una destinazione turistica.<\/p>\n<p>Il focus sulla prima colazione si inserisce nel pi\u00f9 ampio contesto di <strong>East Lombardy &#8211; Regione Europea della Gastronomia 2017<\/strong>, progetto internazionale dedicato alla promozione e alla valorizzazione della cultura gastronomica e dell\u2019identit\u00e0 del territorio compreso fra <strong>Bergamo, Brescia, Cremona <\/strong>e<strong> Mantova<\/strong>.<\/p>\n<p>L\u2019<strong>Aeroporto di Milano Bergamo<\/strong>, terzo scalo italiano per numero di passeggeri e primo per indice di puntualit\u00e0 con oltre 110 destinazioni in 36 Paesi, punto di arrivo ideale per tutti coloro che desiderano visitare la\u00a0<strong>Lombardia Orientale,\u00a0<\/strong>ha scelto di sostenere e promuovere l\u2019iniziativa nella convinzione che il momento dedicato alla prima colazione rappresenti un\u2019occasione di comunicazione importante che coinvolge tutti i viaggiatori in transito (sono stati oltre 11 milioni nel 2016).<\/p>\n<p><strong>\u201c<\/strong><em>Il progetto Prima Colazione di East Lombardy rappresenta un\u2019assoluta novit\u00e0 nel settore retail&amp;food aeroportuale a livello mondiale e un ulteriore salto di qualit\u00e0 in chiave di accoglienza che il nostro aeroporto riserva a passeggeri e accompagnatori<\/em> \u2013 ha sottolineato<strong> Matteo Ba\u00f9<\/strong>, direttore commerciale non aviation di SACBO \u2013 <em>Il nostro obiettivo \u00e8 fare in modo che coloro i quali si recano o transitano in aerostazione possano sentirsi a casa, riservando loro il piacere del gusto che l\u2019eccellenza gastronomica del territorio \u00e8 in grado di interpretare. Per questo abbiamo scelto partner di assoluto rilievo internazionale, che trasmettono la cultura del cibo in ogni momento della giornata, facendo in modo che i passeggeri stessi ne diventino ambasciatori\u201d. <\/em><\/p>\n<p>L\u2019iniziativa \u00e8 un progetto originale, ideato dal gruppo di lavoro che coordina East Lombardy ed \u00e8 stata sviluppata per coinvolgere ad ampio raggio numerose realt\u00e0 fra cui <strong>pasticcerie, bar, alberghi, B&amp;B <\/strong>e <strong>agriturismi <\/strong>di qualit\u00e0 diffuse sul territorio della Lombardia Orientale. Saranno loro per prime a testimoniare come il primo pasto del mattino, oltre ad essere un\u2019occasione di consumo importante per la salute e il benessere di ognuno di noi, \u00e8 un momento assai rilevante nell\u2019esperienza turistica.<\/p>\n<p>\u201c<em>Ecco che il breakfast \u2013<\/em>\u00a0ha evidenziato <strong>Roberta Garibaldi<\/strong> direttore scientifico di East Lombardy \u2013<em>\u00a0si tramuta in opportunit\u00e0 per presentare e fare conoscere il territorio attraverso un&#8217;offerta articolata che privilegi il consumo di materie prime locali e specialit\u00e0 tradizionali. Tutto questo assume maggiore rilevanza se consideriamo che oggi In Italia il 92% dei viaggiatori ricerca esperienze eno-gastronomiche memorabili durante la vacanza e il 52% afferma di prestare attenzione alla presenza di prodotti agroalimentari con certificazioni di qualit\u00e0. Su TripAdvisor sono oltre 1 milione le recensioni sul tema colazione, a dimostrazione dell\u2019interesse del turista a questo momento della giornata. I dati nazionali sono confermati anche per la Lombardia Orientale, dove la ricerca di produzioni DOP e IGP \u00e8 un elemento fortemente apprezzato: il 66% dei residenti, l&#8217;80% dei visitatori italiani e il 54% di quelli stranieri considera questi elementi nella scelta turistica. Abbiamo cos\u00ec preparato un progetto integrato e coinvolto, come primo step, alcune delle numerose realt\u00e0 eccellenti del territorio.\u201d<\/em><\/p>\n<p>Il ricco paniere di prodotti della\u00a0<strong>Lombardia Orientale <\/strong>\u00e8 ideale per rinnovare e rendere indimenticabile ogni genere di colazione che pu\u00f2 essere incredibilmente ricca e varia cos\u00ec come lo \u00e8 la natura del territorio in cui hanno avuto origine produzioni dalle caratteristiche uniche.<\/p>\n<p>Sulla base di questa unicit\u00e0, sono stati selezionati i primi protagonisti dell\u2019iniziativa fra maestri pasticceri, chef e professionisti dell\u2019ospitalit\u00e0 che hanno scelto di promuovere la prima colazione firmando menu originali che propongono una selezione di prelibatezze e prodotti del territorio in un\u2019ampia gamma che va dal dolce al salato.<\/p>\n<p><strong>Iginio Massari<\/strong>, Maestro Pasticciere e patron della <strong>Pasticceria Veneto<\/strong> a Brescia ed<strong> Enrico Cerea<\/strong>, Chef del ristorante tristellato <strong>Da Vittorio<\/strong> a Brusaporto, entrambi Ambasciatori di East Lombardy, sono fra i prestigiosi testimonial del progetto Prima Colazione.<\/p>\n<p>Entrambi aderiscono all\u2019iniziativa proponendo una sontuosa colazione \u201cdi territorio\u201d che combina <strong>freschezza, qualit\u00e0 delle materie prime <\/strong>e<strong> variet\u00e0<\/strong>. L\u2019elegante menu-colazione firmato da Iginio Massari contempla fra l\u2019altro Bussol\u00e0, Torta Paradiso, Plum Cake all\u2019olio extravergine di oliva Garda DOP.<\/p>\n<p>Di grande impatto scenografico \u00e8 la prima colazione che accoglie al risveglio gli ospiti del Relais&amp;Chateaux <strong>Da Vittorio<\/strong> che possono spaziare fra proposte dolci e salate fra cui la Gioconda, la sfoglia di mele della Val Brembana, la crostata morbida ai lamponi del Parco dei Colli di Bergamo e poi ancora formaggi caprini bergamaschi, pan brioches, focacce ripiene e pani di vari formati preparati con olio di oliva extravergine DOP Sebino.<\/p>\n<p>East Lombardy \u00e8 un invito alla scoperta di ciambelle dai nomi simili,\u00a0che per\u00f2 presentano consistenze e ingredienti diversi come il\u00a0<strong>Bussolano<\/strong><strong>\u00a0<\/strong>mantovano, il bresciano<strong>\u00a0<\/strong><strong>Bussol\u00e0<\/strong>\u00a0e il\u00a0<strong>Bussolano di Soresina<\/strong>, cremonese. Tra i pi\u00f9 apprezzati dolci tradizionali \u00e8 possibile assaporare la bergamasca\u00a0<strong>Torta Donizetti,<\/strong><strong>\u00a0<\/strong>l\u2019<strong>Anello di Monaco<\/strong><strong>\u00a0<\/strong>e la\u00a0<strong>Sbrisolona <\/strong>mantovani, la tipica\u00a0<strong>Polenta e Osei<\/strong><strong>\u00a0<\/strong>bergamasca, i\u00a0<strong>Bunbun\u00e8en<\/strong><strong>\u00a0<\/strong>e i\u00a0<strong>baci di Cremona<\/strong>\u00a0e la\u00a0<strong>Spongada<\/strong>\u00a0bresciana. E per chi predilige una colazione salata, ecco le numerose focacce e i formaggi oppure stuzzicanti piatti come la sapida\u00a0<strong>Salacca<\/strong>\u00a0nel mantovano e nel cremonese o la\u00a0<strong>Sardina tradizionale essiccata del lago d\u2019Iseo\u00a0<\/strong>&#8211; pesce conservato sotto sale &#8211; nel bergamasco e nel bresciano, da gustare con la\u00a0<strong>polenta<\/strong>.<\/p>\n<p>Un autentico viaggio nel gusto e nella memoria, pi\u00f9 che mai attuale a cui partecipano <strong>25 realt\u00e0 diffuse sul territorio della Lombardia Orientale<\/strong> coinvolte in un\u2019esperienza che porta una ventata di novit\u00e0 in tema di promozione turistica. A partire da oggi tutte proporranno un menu dedicato alla prima colazione \u201cdi territorio\u201d.<\/p>\n<p>In provincia di <strong>Bergamo,<\/strong> aderiscono all\u2019iniziativa: <strong>Da Vittorio, <\/strong><strong>Pasticceria La Marianna, Hotel Petronilla, <\/strong><strong>Agriturismo Polisena<\/strong> (Pontida).<\/p>\n<p>Per il territorio di Brescia, oltre alla <strong>Pasticceria Veneto,<\/strong> partecipano <strong>Profumo di Lievito<\/strong> e la <strong>Pasticceria Di Novo<\/strong> a Manerba sul Garda.<\/p>\n<p><strong>Cremona<\/strong> \u00e8 rappresentata da <strong>Al Carrobbio<\/strong><strong>, <\/strong><strong>Locanda Torriani, Lounge Bar Chiave di Bacco <\/strong>e<strong> Pasticceria Dondeo<\/strong> tutte in citt\u00e0. Il territorio di <strong>Mantova<\/strong> partecipa, infine, con i due locali considerati autentico punto di riferimento in citt\u00e0 &#8211; <strong>Pasticceria Antoniazzi <\/strong>e<strong> Caff\u00e8 Borsa<\/strong> &#8211; mentre sul territorio troviamo la <strong>Locanda Majestic 2<\/strong> a Campitello di Marcaria e gli otto B&amp;B dell\u2019associazione <strong>Colline del Garda Ospitalit\u00e0<\/strong> con sede a Monzambano. All\u2019interno dell\u2019Aeroporto Milano Bergamo, inoltre,<strong> Winegate11 <\/strong>e<strong> La Marianna<\/strong>.<\/p>\n<p><strong>La filosofia dell\u2019iniziativa, i profili dei locali aderenti, menu <\/strong>e<strong> ricette<\/strong> sono ampiamente illustrati nella sezione dedicata alla prima colazione sul sito <strong>eastlombardy.it.<\/strong><\/p>\n","protected":false},"excerpt":{"rendered":"<p>\u00a0 \u00a0 Prima Colazione d\u2019Autore: un\u2019occasione per conoscere il territorio Presentato all\u2019Aeroporto di Milano Bergamo il primo progetto italiano ideato da East Lombardy dedicato alla valorizzazione della prima colazione come elemento di promozione turistica L\u2019Aeroporto di Milano Bergamo ha tenuto a battesimo il progetto di East Lombardy \u201cPrima colazione: un\u2019occasione per conoscere il territorio\u201d, il &hellip; <a href=\"https:\/\/www.gdapress.it\/it\/index.php\/64017\/enogastronomia\/colazione-dautore-unoccasione-conoscere-territorio.html\" class=\"more-link\">Read more <span class=\"screen-reader-text\">Prima Colazione d\u2019Autore: un\u2019occasione per conoscere il territorio<\/span><\/a><\/p>\n","protected":false},"author":3,"featured_media":64018,"comment_status":"closed","ping_status":"open","sticky":false,"template":"","format":"standard","meta":{"footnotes":""},"categories":[20],"tags":[20544,904,1469,1686,20547,20545,20548,20546,1216,20543],"class_list":["post-64017","post","type-post","status-publish","format-standard","has-post-thumbnail","hentry","category-enogastronomia","tag-aeroporto-di-milano-bergamo","tag-bergamo","tag-brescia","tag-cremona","tag-da-vittorio","tag-east-lombardy","tag-enrico-cerea","tag-iginio-massari","tag-mantova","tag-prima-colazione-dautore"],"_links":{"self":[{"href":"https:\/\/www.gdapress.it\/it\/index.php\/wp-json\/wp\/v2\/posts\/64017","targetHints":{"allow":["GET"]}}],"collection":[{"href":"https:\/\/www.gdapress.it\/it\/index.php\/wp-json\/wp\/v2\/posts"}],"about":[{"href":"https:\/\/www.gdapress.it\/it\/index.php\/wp-json\/wp\/v2\/types\/post"}],"author":[{"embeddable":true,"href":"https:\/\/www.gdapress.it\/it\/index.php\/wp-json\/wp\/v2\/users\/3"}],"replies":[{"embeddable":true,"href":"https:\/\/www.gdapress.it\/it\/index.php\/wp-json\/wp\/v2\/comments?post=64017"}],"version-history":[{"count":1,"href":"https:\/\/www.gdapress.it\/it\/index.php\/wp-json\/wp\/v2\/posts\/64017\/revisions"}],"predecessor-version":[{"id":64022,"href":"https:\/\/www.gdapress.it\/it\/index.php\/wp-json\/wp\/v2\/posts\/64017\/revisions\/64022"}],"wp:featuredmedia":[{"embeddable":true,"href":"https:\/\/www.gdapress.it\/it\/index.php\/wp-json\/wp\/v2\/media\/64018"}],"wp:attachment":[{"href":"https:\/\/www.gdapress.it\/it\/index.php\/wp-json\/wp\/v2\/media?parent=64017"}],"wp:term":[{"taxonomy":"category","embeddable":true,"href":"https:\/\/www.gdapress.it\/it\/index.php\/wp-json\/wp\/v2\/categories?post=64017"},{"taxonomy":"post_tag","embeddable":true,"href":"https:\/\/www.gdapress.it\/it\/index.php\/wp-json\/wp\/v2\/tags?post=64017"}],"curies":[{"name":"wp","href":"https:\/\/api.w.org\/{rel}","templated":true}]}}