
{"id":63941,"date":"2017-09-14T09:56:20","date_gmt":"2017-09-14T07:56:20","guid":{"rendered":"http:\/\/www.gdapress.it\/it\/?p=63941"},"modified":"2017-09-14T09:56:20","modified_gmt":"2017-09-14T07:56:20","slug":"terrazza-alfresco-lounge-rito-dellaperitivo-milano","status":"publish","type":"post","link":"https:\/\/www.gdapress.it\/it\/index.php\/63941\/enogastronomia\/terrazza-alfresco-lounge-rito-dellaperitivo-milano.html","title":{"rendered":"Terrazza\u00a0alfresco\u00a0lounge  per il rito  dell&#8217;aperitivo a Milano"},"content":{"rendered":"<div><img loading=\"lazy\" decoding=\"async\" class=\"alignnone size-medium wp-image-63942\" src=\"http:\/\/www.gdapress.it\/it\/..\/public\/it\/2017\/09\/21741283_901394133349071_649253005564408476_o-300x200.jpg\" alt=\"\" width=\"300\" height=\"200\" srcset=\"https:\/\/www.gdapress.it\/it\/..\/public\/it\/2017\/09\/21741283_901394133349071_649253005564408476_o-300x200.jpg 300w, https:\/\/www.gdapress.it\/it\/..\/public\/it\/2017\/09\/21741283_901394133349071_649253005564408476_o-768x512.jpg 768w, https:\/\/www.gdapress.it\/it\/..\/public\/it\/2017\/09\/21741283_901394133349071_649253005564408476_o-500x333.jpg 500w, https:\/\/www.gdapress.it\/it\/..\/public\/it\/2017\/09\/21741283_901394133349071_649253005564408476_o-720x480.jpg 720w, https:\/\/www.gdapress.it\/it\/..\/public\/it\/2017\/09\/21741283_901394133349071_649253005564408476_o-272x182.jpg 272w, https:\/\/www.gdapress.it\/it\/..\/public\/it\/2017\/09\/21741283_901394133349071_649253005564408476_o.jpg 2048w\" sizes=\"auto, (max-width: 300px) 100vw, 300px\" \/><\/div>\n<div>Ha riaperto la nuova terrazza\u00a0<strong><em>alfresco<\/em><\/strong>\u00a0lounge,\u00a0un nuovo spazio da scoprire e curiosare, tutto dedicato al rito dell\u2019 aperitivo.<\/p>\n<p>Il ristorante di grande successo guidato sapientemente dallo chef Nicola Delfino, rinomato per avere uno dei giardini pi\u00f9 accoglienti ed affascinante della metropoli milanese, si arricchisce e completa l\u2019offerta, aggiungendo una nuova location ed un nuovo format.<\/p>\n<p>Una preziosa e curata selezione di bollicine di montagna marchiate Ferrari Trento, accompagnate da ostriche, crudi di pesce e coquillages firmati \u201cI Love Ostrica\u201d, il pregiato caviale di Italian Caviar, Ars Italica Da Vinci e Ars Italica Oscietra Classic. Ingredienti per brindare a un momento di classe in un affascinante contesto, con l\u2019intento e la volont\u00e0 di non lasciare che sia un lusso per pochi ma un desiderio accessibile a tanti.<\/p>\n<p>La scelta degli arredi outdoor dallo stile sofisticato e cosmopolita di RODA testimoniamo il buongusto nell\u2019offrire qualcosa di ricercato ma non chiassoso, allo stesso modo, la preferenza di avere solamente 40 posti per ogni sera va nella direzione di offrire un servizio curato e di qualit\u00e0.<\/p>\n<p>Terrazza\u00a0<strong><em>alfresco\u00a0<\/em><\/strong>lounge<br \/>\nvia Savona, 50 &#8211; Milano<br \/>\nPrenotazioni: 02 49533630 \/ reservations@alfrescomilano.it<br \/>\nGiorni e orari di Apertura: dal gioved\u00ec al sabato dalle 19:0<\/div>\n<p><strong>alfresco \u2013 il ristorante<\/strong><\/p>\n<p>Un angolo di pace in una citt\u00e0 dai ritmi frenetici, un&#8217;oasi verde dove dimenticarsi di essere a Milano per qualche attimo.<\/p>\n<p><strong>alfresco<\/strong>, termine italiano con il quale gli anglosassoni definiscono il mangiare all\u2019aperto, \u00e8 un vero luogo di incontro con cucina.<\/p>\n<p>Pranzi, cene, colazioni, feste ed eventi: che siate in compagnia, in coppia, in famiglia, con i colleghi o, perch\u00e9 no, anche soli, alfresco \u00e8 quel tocco magico capace di trasformare i vostri momenti. Il tutto\u00a0coniugato ad un mangiare naturale, nostrano, attento al gusto e alla freschezza delle materie prime.<\/p>\n<p>Questo vogliamo essere: un luogo dove la migliore cucina incontra il piacere dello stare insieme.<\/p>\n<p><strong>\u00a0<\/strong><strong>alfresco \u2013 la storia<\/strong><\/p>\n<p>In piena zona Tortona, un vecchio magazzino di un\u2019industria dismessa viene trasformato e caratterizzato con la presenza del verde che prima era del tutto assente grazie all\u2019esperienza di Emanuele Bortolotti, agronomo e paesaggista, e di Ferdinando Ferdinandi, l\u2019amico pubblicitario, con cui tutto prende forma.<\/p>\n<p>Gli spazi di via Savona sono il contenitore ideale per un ristorante atipico, non solo dedicato alle gioie del palato\u00a0ma soprattutto allo stare bene, un rifugio urbano dove soffermarsi anche oltre o prima\u00a0del pasto, dove incontrarsi e fare due chiacchiere tra piante fiori, erbe aromatiche\u00a0con un buon bicchiere o una torta fatta in casa.<\/p>\n<p>L\u2019inizio di una nuova era corrisponde con l&#8217;arrivo, a inizio 2017, dello chef\u00a0Nicola Delfino, che\u00a0aggiunge al quadro il suo tocco di &#8220;eleganza informale&#8221; e la sua cucina di sostanza e tradizione.<\/p>\n<p><strong>alfresco \u2013 lo chef<\/strong><\/p>\n<p>Nicola Delfino: da Roma con furore, spinto da un colpo di fulmine con alfresco, che lo ha portato alla decisione di cambiare\u00a0ristorante, citt\u00e0 e vita.<\/p>\n<p>Porta a Milano la sua Roma: il sorriso di chi mangia, quello di chi serve, il tempo che si ferma quando ci si siede a tavola. Porta la mia cucina. Porta la sua moto, la passione per il mare, le barche, la pesca.<\/p>\n<p>Porta i piatti della tradizione della sua terra, la musica dei suoi sapori, la concretezza dei suoi ingredienti. Porta la giovialit\u00e0 e l\u2019irriverenza, la schiettezza e la sincerit\u00e0. Porta una ventata di aria nuova in un posto di cui mi sono innamorato. \u00a0E quando si \u00e8 innamorati, la cosa pi\u00f9 bella \u00e8 farlo \u201calfresco\u201d<\/p>\n<p>Nicola, alfresco, fa la sua cucina di tradizione, di sostanza e di tecnica.<\/p>\n<p>alfresco fa lo stinchetto di maialino perch\u00e9 c&#8217;\u00e8 dentro tutto: le origini, la terra arsa dal sole, l\u2019aria di mare ma faccio anche la carbonara, perch\u00e9 Roma \u00e8 nel cuore. Mai provata col franciacorta? Nel piatto intendo!<\/p>\n<p>alfresco \u00e8 la sua nuova casa e vuole che gli ospiti vivano quel luogo magico di incontro che i suoi soci, Ferdinando ed Emanuele, hanno creato e sviluppato qualche anno fa con tanta passione e cura.<\/p>\n<p>&nbsp;<\/p>\n","protected":false},"excerpt":{"rendered":"<p>Ha riaperto la nuova terrazza\u00a0alfresco\u00a0lounge,\u00a0un nuovo spazio da scoprire e curiosare, tutto dedicato al rito dell\u2019 aperitivo. Il ristorante di grande successo guidato sapientemente dallo chef Nicola Delfino, rinomato per avere uno dei giardini pi\u00f9 accoglienti ed affascinante della metropoli milanese, si arricchisce e completa l\u2019offerta, aggiungendo una nuova location ed un nuovo format. Una &hellip; <a href=\"https:\/\/www.gdapress.it\/it\/index.php\/63941\/enogastronomia\/terrazza-alfresco-lounge-rito-dellaperitivo-milano.html\" class=\"more-link\">Read more <span class=\"screen-reader-text\">Terrazza\u00a0alfresco\u00a0lounge  per il rito  dell&#8217;aperitivo a Milano<\/span><\/a><\/p>\n","protected":false},"author":3,"featured_media":63942,"comment_status":"closed","ping_status":"open","sticky":false,"template":"","format":"standard","meta":{"footnotes":""},"categories":[20],"tags":[20470,63,17],"class_list":["post-63941","post","type-post","status-publish","format-standard","has-post-thumbnail","hentry","category-enogastronomia","tag-alfresco-lounge","tag-aperitivo","tag-milano"],"_links":{"self":[{"href":"https:\/\/www.gdapress.it\/it\/index.php\/wp-json\/wp\/v2\/posts\/63941","targetHints":{"allow":["GET"]}}],"collection":[{"href":"https:\/\/www.gdapress.it\/it\/index.php\/wp-json\/wp\/v2\/posts"}],"about":[{"href":"https:\/\/www.gdapress.it\/it\/index.php\/wp-json\/wp\/v2\/types\/post"}],"author":[{"embeddable":true,"href":"https:\/\/www.gdapress.it\/it\/index.php\/wp-json\/wp\/v2\/users\/3"}],"replies":[{"embeddable":true,"href":"https:\/\/www.gdapress.it\/it\/index.php\/wp-json\/wp\/v2\/comments?post=63941"}],"version-history":[{"count":1,"href":"https:\/\/www.gdapress.it\/it\/index.php\/wp-json\/wp\/v2\/posts\/63941\/revisions"}],"predecessor-version":[{"id":63943,"href":"https:\/\/www.gdapress.it\/it\/index.php\/wp-json\/wp\/v2\/posts\/63941\/revisions\/63943"}],"wp:featuredmedia":[{"embeddable":true,"href":"https:\/\/www.gdapress.it\/it\/index.php\/wp-json\/wp\/v2\/media\/63942"}],"wp:attachment":[{"href":"https:\/\/www.gdapress.it\/it\/index.php\/wp-json\/wp\/v2\/media?parent=63941"}],"wp:term":[{"taxonomy":"category","embeddable":true,"href":"https:\/\/www.gdapress.it\/it\/index.php\/wp-json\/wp\/v2\/categories?post=63941"},{"taxonomy":"post_tag","embeddable":true,"href":"https:\/\/www.gdapress.it\/it\/index.php\/wp-json\/wp\/v2\/tags?post=63941"}],"curies":[{"name":"wp","href":"https:\/\/api.w.org\/{rel}","templated":true}]}}