
{"id":63909,"date":"2017-07-30T07:51:31","date_gmt":"2017-07-30T05:51:31","guid":{"rendered":"http:\/\/www.gdapress.it\/it\/?p=63909"},"modified":"2017-09-12T08:00:50","modified_gmt":"2017-09-12T06:00:50","slug":"klimt-experience-al-mudec","status":"publish","type":"post","link":"https:\/\/www.gdapress.it\/it\/index.php\/63909\/arte\/klimt-experience-al-mudec.html","title":{"rendered":"KLIMT EXPERIENCE AL MUDEC"},"content":{"rendered":"<p align=\"center\"><img loading=\"lazy\" decoding=\"async\" class=\"alignnone size-large wp-image-63910\" src=\"http:\/\/www.gdapress.it\/it\/..\/public\/it\/2017\/09\/Klimt_interna_1140x490px-500x215.jpg\" alt=\"\" width=\"500\" height=\"215\" srcset=\"https:\/\/www.gdapress.it\/it\/..\/public\/it\/2017\/09\/Klimt_interna_1140x490px-500x215.jpg 500w, https:\/\/www.gdapress.it\/it\/..\/public\/it\/2017\/09\/Klimt_interna_1140x490px-300x129.jpg 300w, https:\/\/www.gdapress.it\/it\/..\/public\/it\/2017\/09\/Klimt_interna_1140x490px-768x330.jpg 768w, https:\/\/www.gdapress.it\/it\/..\/public\/it\/2017\/09\/Klimt_interna_1140x490px.jpg 1140w\" sizes=\"auto, (max-width: 500px) 100vw, 500px\" \/><\/p>\n<p class=\"x_MsoNormal\" align=\"center\">Agosto 2017: a Milano la cultura non va mai in vacanza.<\/p>\n<p class=\"x_MsoNormal\" align=\"center\">Il MUDEC apre un palinsesto culturale tutto estivo all\u2019insegna dell\u2019emozione e dell\u2019intrattenimento con<\/p>\n<h1 class=\"x_MsoNormal\" align=\"center\"><b>KLIMT EXPERIENCE<\/b><\/h1>\n<p class=\"x_MsoNormal\" align=\"center\"><i>MUDEC &#8211; Museo delle Culture di Milano<\/i><\/p>\n<p class=\"x_MsoNormal\" align=\"center\"><b><i>26 luglio 2017 \u2013 7 gennaio 2018<\/i><\/b><\/p>\n<p align=\"center\"><img loading=\"lazy\" decoding=\"async\" class=\"alignnone size-large wp-image-63911\" src=\"http:\/\/www.gdapress.it\/it\/..\/public\/it\/2017\/09\/24-500x334.png\" alt=\"\" width=\"500\" height=\"334\" srcset=\"https:\/\/www.gdapress.it\/it\/..\/public\/it\/2017\/09\/24-500x334.png 500w, https:\/\/www.gdapress.it\/it\/..\/public\/it\/2017\/09\/24-300x200.png 300w, https:\/\/www.gdapress.it\/it\/..\/public\/it\/2017\/09\/24-768x512.png 768w, https:\/\/www.gdapress.it\/it\/..\/public\/it\/2017\/09\/24-720x480.png 720w, https:\/\/www.gdapress.it\/it\/..\/public\/it\/2017\/09\/24-272x182.png 272w, https:\/\/www.gdapress.it\/it\/..\/public\/it\/2017\/09\/24.png 1000w\" sizes=\"auto, (max-width: 500px) 100vw, 500px\" \/><\/p>\n<p class=\"x_MsoNormal\">La\u00a0<b>vita, le figure e i paesaggi<\/b>\u00a0di Gustav\u00a0<b>Klimt<\/b>, ma anche la pittura e\u00a0<b>l\u2019architettura<\/b>, le\u00a0<b>arti applicate<\/b>, il\u00a0<b>design<\/b>\u00a0e la\u00a0<b>moda<\/b>\u00a0della Vienna secessionista di fine \u2018800-inizi \u2018900: ecco i protagonisti assoluti di quest\u2019estate 2017 al MUDEC \u2013 Museo delle Culture di Milano, che da<b>mercoled\u00ec 26 luglio\u00a0<\/b>aprir\u00e0 il proprio palinsesto estivo con l\u2019evento espositivo\u00a0<b><i>Klimt Experience<\/i><\/b>, una rappresentazione multimediale totalmente immersiva dedicata al padre fondatore della Secessione Viennese ideata da Crossmedia Group. Con la consulenza scientifica di<b>Sergio Risaliti<\/b>, il progetto ospitato al MUDEC intende anticipare le celebrazioni per il centenario della morte dell\u2019artista, che sar\u00e0 festeggiato a Vienna nel 2018 dai principali musei della citt\u00e0.<\/p>\n<p class=\"x_MsoNormal\"><b>Prodotta da 24 ORE Cultura,<\/b>\u00a0<i>Klimt Experience<\/i>\u00a0accompagner\u00e0 i visitatori del<b>\u00a0Museo delle Culture fino al 7 gennaio 2018<\/b>, e si propone come un vero e proprio\u00a0<b>excursus multisensoriale<\/b>\u00a0che racconta attraverso immagini, suoni, musiche, evocazioni l\u2019universo pittorico, culturale e sociale in cui visse e oper\u00f2 Klimt e in cui il pittore austriaco fu assoluto protagonista.<\/p>\n<p class=\"x_MsoNormal\">\u201c<i>L\u2019impiego delle tecnologie multimediali al servizio dell\u2019arte e della cultura rappresenta una caratteristica costante delle mostre organizzate finora al Mudec ma con \u2018KLIMT Experience\u2019 diventa per la prima volta protagonista assoluto<\/i>\u00a0\u2013 sottolinea l\u2019amministratore delegato del Gruppo 24 ORE Franco Moscetti \u2013\u00a0<i>Siamo infatti convinti che le nuove frontiere della fruizione della cultura e dell\u2019arte passino necessariamente anche da questi strumenti, capaci di avvicinare anche un pubblico pi\u00f9 giovane, e normalmente pi\u00f9 rest\u00eco, al mondo dell\u2019arte<\/i>.\u201d<\/p>\n<p class=\"x_MsoNormal\">Gustav Klimt (Vienna 1862 &#8211; 1918) coltiv\u00f2 assieme ad altri artisti secessionisti viennesi\u00a0<b>il mito dell\u2019opera d\u2019arte totale<\/b>, un\u2019aspirazione che per Klimt passava attraverso\u00a0<u>pittura<\/u>\u00a0e\u00a0<u>architettura<\/u>\u00a0fino alle\u00a0<u>arti applicate<\/u>\u00a0(i\u00a0<u>gioielli<\/u>\u00a0di Hoffmann a lui ispirati) e alla moda (i\u00a0<u>vestiti<\/u>\u00a0disegnati con la compagna Emilie Fl\u00f6ge). Vienna tra la fine dell\u2019Ottocento e i primi del Novecento era un crogiolo di spinte innovatrici in un contesto di grande fermento nel campo delle scienze, della filosofia, della psicanalisi, dell\u2019arte, dell\u2019architettura, del proto-design, della musica e della cultura in generale.<\/p>\n<p class=\"x_MsoNormal\">Conosciamo spesso molto dell\u2019opera pittorica di Klimt; ma quanto si sa del poliedrico contesto storico-artistico in cui egli visse e oper\u00f2, in modo cos\u00ec totalizzante?<\/p>\n<p class=\"x_MsoNormal\">Opere come\u00a0<i>Il Bacio, L\u2019Albero della vita, Giuditta<\/i>, sono entrate a far parte della cultura popolare. Eppure\u00a0<b>Klimt resta un artista da scoprire<\/b>\u00a0e soprattutto da raccontare, anche negli aspetti meno noti come la\u00a0<b>moda, l\u2019architettura o il proto-design.<\/b><\/p>\n<p class=\"x_MsoNormal\">L<b>\u2019obiettivo di questo percorso espositivo multimediale\u00a0<\/b>\u00e8 quello di proporre al visitatore un nuovo modello di fruizione dell\u2019opera d\u2019arte attraverso le potenzialit\u00e0 sempre pi\u00f9 \u201callargate\u201d delle nuove tecnologie.\u00a0<b>Entusiasmare, affascinare, emozionare e meravigliare il pubblico<\/b>di giovani e adulti invitandoli ad approfondire la conoscenza del maestro, la comprensione dei suoi lavori e del contesto, la tecnica pittorica e la lettura stilistica attraverso macro-ingrandimenti dei dettagli delle opere.<\/p>\n<p class=\"x_MsoNormal\">L\u2019ESPERIENZA IMMERSIVA.<\/p>\n<p class=\"x_MsoNormal\">In un\u2019unica \u201c<b>experience-room<\/b>\u201d il visitatore potr\u00e0 vivere un\u2019esperienza immersiva a 360\u00b0 che coinvolger\u00e0 lo spazio senza soluzione di continuit\u00e0;\u00a0<b>dalle pareti al pavimento<\/b>\u00a0le immagini delle opere\u00a0diventeranno\u00a0un unico flusso di sogno, di forme fluide e smaterializzate in motivi evocativi dell\u2019arte di Klimt,\u00a0dagli esordi agli ultimi dipinti.\u00a0<b>700 immagini selezionate<\/b>, per una visione completa dell\u2019opera del pittore altrimenti impossibile da ammirare in un unico evento espositivo.\u00a0Un mondo simbolico, enigmatico e sensuale\u00a0riprodotto con eccezionale impatto visivo grazie al\u00a0<b>sistema Matrix X-Dimension<\/b>,\u00a0progettato in esclusiva per questa video installazione, e che si avvale di un imponente apparato di proiettori\u00a0laser, in grado di trasmettere sulle superfici dell\u2019installazione oltre 40 milioni di pixel, garantendo una definizione maggiore del Full Hd.<\/p>\n<p class=\"x_MsoNormal\">Accanto all\u2019arte di Klimt sar\u00e0 possibile ammirare anche le fotografie d\u2019epoca sulla vita dell\u2019artista e le\u00a0<b>ricostruzioni 3D della Vienna dei primi del \u2018900<\/b>, con i suoi luoghi simbolo, i costumi, la moda di una capitale europea in assoluto fermento, comprese le sue innovative architetture come Palazzo della Secessione a Vienna, con il magnifico fregio di Beethoven. Questo il contesto socioculturale in cui si form\u00f2, visse e oper\u00f2 Klimt, una chiave di volta imprescindibile per capire al meglio la poetica dell\u2019autore.<\/p>\n<p class=\"x_MsoNormal\">Strauss, Mozart, Wagner, Leh\u00e1r, Beethoven, Bach, Orff\u00a0e Webern, accompagneranno il visitatore con una coinvolgente\u00a0<b>colonna sonora<\/b>\u00a0a testimoniare quanto la musica influenz\u00f2 l\u2019opera di questo grande artista.<\/p>\n<p class=\"x_MsoNormal\">Infine l\u2019esperienza culturale si completer\u00e0 con\u00a0<b>l\u2019apparato informativo e didattico<\/b>\u00a0dell\u2019area d\u2019introduzione alla mostra.<\/p>\n<p class=\"x_MsoNormal\">Un\u2019immersione totale per il visitatore dunque,\u00a0<b>un\u2019esperienza emozionante e ludica<\/b>\u00a0di un\u2019ora, che non tralascia per\u00f2 il\u00a0<b>rigore documentale<\/b>tipico delle esposizioni firmate MUDEC \u2013 Museo delle Culture e conferma l\u2019attenzione sempre maggiore che il \u201cmuseo multidisciplinare\u201d di via Tortona 56 riserva ai progetti innovativi, che sanno valorizzare al meglio i beni culturali sfruttando le potenzialit\u00e0 delle nuove tecnologie, un universo in continuo progresso.<\/p>\n<p class=\"x_MsoNormal\">LA REGIA<\/p>\n<p class=\"x_MsoNormal\">\u201c<i>La riproduzione digitale di tutto il corpus artistico del pittore austriaco consente una disposizione panottica degli oggetti visuali. Ci\u00f2 permette un approccio esaustivo alle tematiche di Klimt, pur non rinunciando al primo obiettivo di questo progetto:\u00a0<b>colpire il visitatore e suscitare in lui la meraviglia e lo stupore<\/b>. Un\u2019opera d\u2019arte totale in formato digitale, che si fa forza dei saperi specifici propri della nostra era e li fonde insieme, per celebrare il trionfo della bellezza sopra ogni altra cosa<\/i>.\u201d<\/p>\n<p class=\"x_MsoNormal\" align=\"right\">Fake Factory<\/p>\n<p class=\"x_MsoNormal\" align=\"right\">THE Fake Factory \u00e8 uno studio pluripremiato, specializzato in video design, fondato a Firenze nel 2001 dall&#8217;artista e video designer Stefano Fake, insieme ad un gruppo di talentuosi videomaker digitali, animatori, fotografi, progettisti e visualmakers.<\/p>\n<p class=\"x_MsoNormal\">THE Fake Factory affronta da anni con successo temi di sperimentazione linguistica legati ai nuovi media ed \u00e8 ora un punto di riferimento italiano e internazionale della ricerca contemporanea sul video design.<\/p>\n<p class=\"x_MsoNormal\">LA DIREZIONE ARTISTICA<\/p>\n<p class=\"x_MsoNormal\"><b>Sergio Risaliti<\/b>\u00a0\u00e8 storico e critico d\u2019arte, ideatore, curatore di mostre e di eventi interdisciplinari, scrittore e giornalista. Dal 2015 \u00e8 membro onorario dell\u2019Accademia dell\u2019Arti del disegno di Firenze ed \u00e8 consulente alla direzione artistica e coordinamento scientifico dell\u2019Associazione Mus.e.\u00a0 Ha fondato e diretto sedi espositive pubbliche e private tra cui Palazzo delle Papesse a Siena e Quarter Centro per l\u2019Arte Contemporanea a Firenze.<\/p>\n<p class=\"x_MsoNormal\">Nel 2016 ha collaborato, in qualit\u00e0 di direttore artistico, ai progetti espositivi multimediali Incredibile Florence e Klimt Experience, prodotti da Crossmedia Group.<\/p>\n<p class=\"x_MsoNormal\">LA PROGETTAZIONE E LA PRODUZIONE TECNICA<\/p>\n<p class=\"x_MsoNormal\">Grazie alla conoscenza approfondita del sistema museale europeo, agli aggiornamenti costanti e alla lunga esperienza operativa nel settore multimediale, audiovisivo, in quello delle piattaforme mobili e del mercato digitale, Crossmedia Group, fondata nel 2008, riveste un ruolo di primo piano a livello internazionale come fornitore di prodotti innovativi e strategie per mostre multimediali, applicazioni, prodotti educativi ed editoriali.<\/p>\n<p class=\"x_MsoNormal\">Assecondando la propria mission, ossia il saper sempre creare strumenti connessi alla fruizione innovativa degli eventi espositivi, Crossmedia Group ha oggi focalizzato il proprio interesse nella realizzazione di progetti internazionali incentrati sulla progettazione, produzione, distribuzione e allestimento di mostre multimediali immersive, permanenti o temporanee, caratterizzate da grande appeal, originalit\u00e0 e spettacolarit\u00e0.<b>\u00a0<\/b><\/p>\n<p class=\"x_MsoNormal\"><b><u>INFO UTILI:<\/u><\/b><\/p>\n<p class=\"x_MsoNormal\">SEDE ESPOSITIVA e DATE<b>\u00a0\u00a0\u00a0\u00a0\u00a0\u00a0\u00a0\u00a0\u00a0\u00a0\u00a0\u00a0\u00a0\u00a0\u00a0\u00a0\u00a0<\/b>MUDEC \u2013 Museo delle Culture di Milano (Via Tortona, 56)<b><\/b><\/p>\n<p class=\"x_MsoNormal\">Dal 26 luglio 2017 al 7 gennaio 2018.<\/p>\n<p class=\"x_MsoNormal\">ORARI<b>\u00a0\u00a0\u00a0\u00a0\u00a0\u00a0\u00a0\u00a0\u00a0\u00a0\u00a0\u00a0\u00a0\u00a0\u00a0\u00a0\u00a0\u00a0\u00a0\u00a0\u00a0\u00a0\u00a0\u00a0\u00a0\u00a0\u00a0\u00a0\u00a0\u00a0\u00a0\u00a0\u00a0\u00a0\u00a0\u00a0\u00a0\u00a0\u00a0\u00a0\u00a0\u00a0\u00a0\u00a0\u00a0\u00a0\u00a0\u00a0\u00a0\u00a0\u00a0\u00a0\u00a0\u00a0\u00a0\u00a0\u00a0\u00a0\u00a0\u00a0<\/b>Lun 14.30 \u201019.30 | Mar, Mer, Ven, Dom 09.30 \u2010 19.30 | Gio, Sab 9.30\u201022.30<\/p>\n<p class=\"x_MsoNormal\">Il servizio di biglietteria termina un\u2019ora prima della chiusura<\/p>\n<p class=\"x_MsoNormal\">BIGLIETTI<b>\u00a0\u00a0\u00a0\u00a0\u00a0\u00a0\u00a0\u00a0\u00a0\u00a0\u00a0\u00a0\u00a0\u00a0\u00a0\u00a0\u00a0\u00a0\u00a0\u00a0\u00a0\u00a0\u00a0\u00a0\u00a0\u00a0\u00a0\u00a0\u00a0\u00a0\u00a0\u00a0\u00a0\u00a0\u00a0\u00a0\u00a0\u00a0\u00a0\u00a0\u00a0\u00a0\u00a0\u00a0\u00a0\u00a0\u00a0\u00a0\u00a0\u00a0\u00a0<\/b>Intero \u20ac 12,00 | Ridotto \u20ac 10,00<\/p>\n<p class=\"x_MsoNormal\">INFORMAZIONI E PRENOTAZIONI<b>\u00a0<\/b><a href=\"http:\/\/www.ticket24ore.it\/\" target=\"_blank\" rel=\"noopener noreferrer\">www.ticket24ore.it<\/a>\u00a0| Tel. +39 0254917<\/p>\n<p class=\"x_MsoNormal\"><b>\u00a0<\/b><\/p>\n","protected":false},"excerpt":{"rendered":"<p>Agosto 2017: a Milano la cultura non va mai in vacanza. Il MUDEC apre un palinsesto culturale tutto estivo all\u2019insegna dell\u2019emozione e dell\u2019intrattenimento con KLIMT EXPERIENCE MUDEC &#8211; Museo delle Culture di Milano 26 luglio 2017 \u2013 7 gennaio 2018 La\u00a0vita, le figure e i paesaggi\u00a0di Gustav\u00a0Klimt, ma anche la pittura e\u00a0l\u2019architettura, le\u00a0arti applicate, il\u00a0design\u00a0e &hellip; <a href=\"https:\/\/www.gdapress.it\/it\/index.php\/63909\/arte\/klimt-experience-al-mudec.html\" class=\"more-link\">Read more <span class=\"screen-reader-text\">KLIMT EXPERIENCE AL MUDEC<\/span><\/a><\/p>\n","protected":false},"author":3,"featured_media":63910,"comment_status":"closed","ping_status":"open","sticky":false,"template":"","format":"standard","meta":{"footnotes":""},"categories":[4],"tags":[20453,17,17932],"class_list":["post-63909","post","type-post","status-publish","format-standard","has-post-thumbnail","hentry","category-arte","tag-klimt-experience","tag-milano","tag-mudec"],"_links":{"self":[{"href":"https:\/\/www.gdapress.it\/it\/index.php\/wp-json\/wp\/v2\/posts\/63909","targetHints":{"allow":["GET"]}}],"collection":[{"href":"https:\/\/www.gdapress.it\/it\/index.php\/wp-json\/wp\/v2\/posts"}],"about":[{"href":"https:\/\/www.gdapress.it\/it\/index.php\/wp-json\/wp\/v2\/types\/post"}],"author":[{"embeddable":true,"href":"https:\/\/www.gdapress.it\/it\/index.php\/wp-json\/wp\/v2\/users\/3"}],"replies":[{"embeddable":true,"href":"https:\/\/www.gdapress.it\/it\/index.php\/wp-json\/wp\/v2\/comments?post=63909"}],"version-history":[{"count":1,"href":"https:\/\/www.gdapress.it\/it\/index.php\/wp-json\/wp\/v2\/posts\/63909\/revisions"}],"predecessor-version":[{"id":63912,"href":"https:\/\/www.gdapress.it\/it\/index.php\/wp-json\/wp\/v2\/posts\/63909\/revisions\/63912"}],"wp:featuredmedia":[{"embeddable":true,"href":"https:\/\/www.gdapress.it\/it\/index.php\/wp-json\/wp\/v2\/media\/63910"}],"wp:attachment":[{"href":"https:\/\/www.gdapress.it\/it\/index.php\/wp-json\/wp\/v2\/media?parent=63909"}],"wp:term":[{"taxonomy":"category","embeddable":true,"href":"https:\/\/www.gdapress.it\/it\/index.php\/wp-json\/wp\/v2\/categories?post=63909"},{"taxonomy":"post_tag","embeddable":true,"href":"https:\/\/www.gdapress.it\/it\/index.php\/wp-json\/wp\/v2\/tags?post=63909"}],"curies":[{"name":"wp","href":"https:\/\/api.w.org\/{rel}","templated":true}]}}