
{"id":63822,"date":"2017-09-06T11:56:27","date_gmt":"2017-09-06T09:56:27","guid":{"rendered":"http:\/\/www.gdapress.it\/it\/?p=63822"},"modified":"2017-09-08T10:59:49","modified_gmt":"2017-09-08T08:59:49","slug":"iofrullotutto-lhashtag-filippo-la-mantia-xx-cous-cous-fest-san-vito-lo-capo","status":"publish","type":"post","link":"https:\/\/www.gdapress.it\/it\/index.php\/63822\/enogastronomia\/iofrullotutto-lhashtag-filippo-la-mantia-xx-cous-cous-fest-san-vito-lo-capo.html","title":{"rendered":"#IOFRULLOTUTTO l&#8217;hashtag di Filippo La Mantia per il XX\u00b0 Cous Cous Fest di San Vito Lo Capo,"},"content":{"rendered":"<p><img loading=\"lazy\" decoding=\"async\" class=\"alignnone size-medium wp-image-63826\" src=\"http:\/\/www.gdapress.it\/it\/..\/public\/it\/2017\/09\/iofrullotutto-640x324-300x152.jpg\" alt=\"\" width=\"300\" height=\"152\" srcset=\"https:\/\/www.gdapress.it\/it\/..\/public\/it\/2017\/09\/iofrullotutto-640x324-300x152.jpg 300w, https:\/\/www.gdapress.it\/it\/..\/public\/it\/2017\/09\/iofrullotutto-640x324-500x253.jpg 500w, https:\/\/www.gdapress.it\/it\/..\/public\/it\/2017\/09\/iofrullotutto-640x324.jpg 640w\" sizes=\"auto, (max-width: 300px) 100vw, 300px\" \/><\/p>\n<p><strong>#IOFRULLOTUTTO\u00a0<\/strong><\/p>\n<p><strong>\u00a0Filippo La Mantia celebra i 20 anni del Cous Cous Fest con il pesto di agrumi 2.0<\/strong><\/p>\n<p>Filippo La Mantia, in occasione del XX\u00b0 Cous Cous Fest di San Vito Lo Capo, lancia il nuovo tormentone di fine estate <strong>#iofrullotutto,<\/strong> un hashtag che richiama la cucina che da sempre caratterizza le ricette di Filippo che \u00e8 infatti noto come il \u201c<strong>cuoco che frulla tutto<\/strong>\u201d. Lui \u00a0ci scherza su questa definizione, ma di certo \u00e8 il suo leitmotiv in cucina da quando nel suo Filo Continuo a San Vito Lo Capo deliziava a qualsiasi ora i suoi \u00a0ospiti.<\/p>\n<p><img loading=\"lazy\" decoding=\"async\" class=\"alignnone size-medium wp-image-63828\" src=\"http:\/\/www.gdapress.it\/it\/..\/public\/it\/2017\/09\/21317926_10214050578407617_1753352067153886157_n-225x300.jpg\" alt=\"\" width=\"225\" height=\"300\" srcset=\"https:\/\/www.gdapress.it\/it\/..\/public\/it\/2017\/09\/21317926_10214050578407617_1753352067153886157_n-225x300.jpg 225w, https:\/\/www.gdapress.it\/it\/..\/public\/it\/2017\/09\/21317926_10214050578407617_1753352067153886157_n-300x400.jpg 300w, https:\/\/www.gdapress.it\/it\/..\/public\/it\/2017\/09\/21317926_10214050578407617_1753352067153886157_n.jpg 720w\" sizes=\"auto, (max-width: 225px) 100vw, 225px\" \/>\u00a01 \u00a0\u00a0<img loading=\"lazy\" decoding=\"async\" class=\"alignnone size-medium wp-image-63827\" src=\"http:\/\/www.gdapress.it\/it\/..\/public\/it\/2017\/09\/21317463_10214050577607597_8217183448047086598_n-225x300.jpg\" alt=\"\" width=\"225\" height=\"300\" srcset=\"https:\/\/www.gdapress.it\/it\/..\/public\/it\/2017\/09\/21317463_10214050577607597_8217183448047086598_n-225x300.jpg 225w, https:\/\/www.gdapress.it\/it\/..\/public\/it\/2017\/09\/21317463_10214050577607597_8217183448047086598_n-300x400.jpg 300w, https:\/\/www.gdapress.it\/it\/..\/public\/it\/2017\/09\/21317463_10214050577607597_8217183448047086598_n.jpg 720w\" sizes=\"auto, (max-width: 225px) 100vw, 225px\" \/>\u00a02<\/p>\n<p>Proprio da San Vito Lo Capo parte, nel 1997, la sua storia: 20 anni fa come quella del Cous Cous Fest.<\/p>\n<p>Filippo apre, infatti, a San Vito Lo Capo nei primi anni novanta, un \u201ccous cous bar\u201d , Filo Continuo,dove inventa il pesto di agrumi che rimarr\u00e0, negli anni, una costante di tutta la sua cucina. \u00a0Il successo di questa ricetta \u00e8 in gran parte dovuto all\u2019incontro casuale di Filippo con il <strong>Minipimer Braun<\/strong>, uno strumento che, per la sua praticit\u00e0 e versatilit\u00e0, rende possibile la realizzazione di piatti originali e gustosi. Il Minipimer \u00e8 dunque l\u2019arma segreta che, da 20 anni, sta dietro alle ricercate preparazioni del cuoco siciliano.<\/p>\n<p>Per l\u2019occasione Filippo dedica al Festival una rivisitazione della sua celebre ricetta del 1997, abbinandola alle sarde fritte con aggiunta di zenzero e lime, che diventer\u00e0 un altro must della cucina mediterranea targata Filippo La Mantia: \u201c<em>a San Vito Lo Capo ho fatto la prima frullata della mia vita: il pesto agli agrumi, che porta con s\u00e9 i sapori della terra di Sicilia e le atmosfere della mia giovinezza. Un mix di ingredienti semplici, che lavorati con il Minipimer Braun, danno vita a condimenti che non stancano mai e si rinnovano continuamente<\/em>\u201d.<\/p>\n<p>Oggi nel suo ristorante &#8220;Oste&amp;Cuoco&#8221; in piazza Risorgimento a Milano, Filippo La Mantia continua a &#8220;frullare&#8221;, come dice lui, per i suoi ospiti sempre pi\u00f9 numerosi.<\/p>\n<p><img loading=\"lazy\" decoding=\"async\" class=\"alignnone size-medium wp-image-63823\" src=\"http:\/\/www.gdapress.it\/it\/..\/public\/it\/2017\/09\/Unknown-e1504689869876-225x300.jpeg\" alt=\"\" width=\"225\" height=\"300\" srcset=\"https:\/\/www.gdapress.it\/it\/..\/public\/it\/2017\/09\/Unknown-e1504689869876-225x300.jpeg 225w, https:\/\/www.gdapress.it\/it\/..\/public\/it\/2017\/09\/Unknown-e1504689869876-768x1024.jpeg 768w, https:\/\/www.gdapress.it\/it\/..\/public\/it\/2017\/09\/Unknown-e1504689869876-300x400.jpeg 300w, https:\/\/www.gdapress.it\/it\/..\/public\/it\/2017\/09\/Unknown-e1504689869876.jpeg 1512w\" sizes=\"auto, (max-width: 225px) 100vw, 225px\" \/><\/p>\n<p>Durante la ventesima edizione del Cous Cous Fest!, il festival internazionale dell\u2019integrazione culturale, che si terr\u00e0 dal 15 al 24 settembre a San Vito Lo Capo, protagonista indiscusso sar\u00e0 Filippo La Mantia: il 23 e il 24 settembre due cooking show targati\u00a0 <strong>#iofrullotutto Braun<\/strong> animeranno il PalaBia.<\/p>\n<p>Tutti i cuochi e gli appassionati che parteciperanno alla manifestazione avranno a loro disposizione un <strong>Braun Multiquick 9<\/strong>, un concentrato di potenza e tecnologia per performance eccellenti.<\/p>\n<p>\u201c<em>Siamo orgogliosi di affiancare anche in questa avventura Filippo La Mantia, un\u2019occasione che permette di evidenziare il potenziale di un piccolo elettrodomestico che permette di esprimere al meglio la propria creativit\u00e0 in cucina\u201d \u2013 <\/em>dichiara <strong>Marco Cavallaro<\/strong>, Direttore Marketing Italia gruppo De\u2019Longhi.<\/p>\n<p>Il progetto #iofrullotutto \u00a0si sposter\u00e0 <strong>dal 27 settembre a Milano<\/strong> con una serie di appuntamenti aperti gratuitamente al pubblico nello Store De\u2019Longhi di Via Borgogna.<\/p>\n<p><strong>RICETTA<\/strong><\/p>\n<p><strong>Pesto agli agrumi <\/strong>:<\/p>\n<ul>\n<li>50 g di mandorle pelate<\/li>\n<li>20 g di capperi sotto sale<\/li>\n<li>tre cucchiai di olio extra vergine di oliva<\/li>\n<li>1 arancia<\/li>\n<li>un p\u00f2 di basilico<\/li>\n<\/ul>\n<p>Sbucciate le arance, mondate e lavate il basilico.<\/p>\n<p>Mettete nel vaso del mixer la polpa delle arance, le foglie di basilico, le mandorle, i capperi dissalati e l&#8217;olio extra vergine d&#8217;oliva.<\/p>\n<p>Frullate con un Minipimer per 2 minuti circa, fin quando non otterrete un pesto dall&#8217;aspetto omogeneo.<\/p>\n<p><img loading=\"lazy\" decoding=\"async\" class=\"alignnone size-medium wp-image-63825\" src=\"http:\/\/www.gdapress.it\/it\/..\/public\/it\/2017\/09\/MQ9045X_Setup_onWhite-270x300.jpg\" alt=\"\" width=\"270\" height=\"300\" srcset=\"https:\/\/www.gdapress.it\/it\/..\/public\/it\/2017\/09\/MQ9045X_Setup_onWhite-270x300.jpg 270w, https:\/\/www.gdapress.it\/it\/..\/public\/it\/2017\/09\/MQ9045X_Setup_onWhite-768x853.jpg 768w, https:\/\/www.gdapress.it\/it\/..\/public\/it\/2017\/09\/MQ9045X_Setup_onWhite-360x400.jpg 360w, https:\/\/www.gdapress.it\/it\/..\/public\/it\/2017\/09\/MQ9045X_Setup_onWhite.jpg 1999w\" sizes=\"auto, (max-width: 270px) 100vw, 270px\" \/><\/p>\n<p><strong>MINIPIMER BRAUN: UNA STORIA DI SUCCESSO E CREATIVITA\u2019<\/strong><\/p>\n<p>Nel 1921 Max Braun fonda l\u2019omonima Azienda, da subito apprezzata per il design innovativo e la funzionalit\u00e0 dei suoi prodotti. Dalle radio alle calcolatrici, dai rasoi elettrici agli spremiagrumi: piccoli elettrodomestici che hanno conquistato i consumatori di tutto il mondo, grazie a qualit\u00e0 eccellente e linee accattivanti. Il design fu affidato a Dieter Rams che ha saputo realizzare delle icone, grazie all\u2019influenza del Bauhaus, la corrente d\u2019avanguardia tedesca del \u2018900.<\/p>\n<p>L\u2019elettrodomestico per la casa che ha maggiormente segnato la storia di BRAUN \u00e8 il Minipimer, nato nel 1959 dall\u2019intuizione del designer spagnolo Gabriel Lluelles che, osservando sua moglie alle prese con le ricette in cucina, decide di creare un elettrodomestico in grado di far risparmiare tempo, facile da lavare ed estremamente performante.<\/p>\n<p>Nel 2012 il Gruppo De\u2019Longhi acquista la divisione homecare di BRAUN e oggi grazie a De\u2019Longhi il brand \u00e8 leader nel segmento dei mixer a immersione.<\/p>\n<p>Piccoli elettrodomestici leggeri e maneggevoli, accessori comodi e indispensabili per una cucina semplice, sana e creativa.<\/p>\n<p>In occasione della XX\u00b0 edizione del Cous Cous Fest, tutti gli chef avranno a disposizione uno tra gli ultimi nati della famiglia BRAUN: Multiquick 9 il pi\u00f9 potente e all\u2019avanguardia tra i Minipimer di ultima generazione.<\/p>\n<p>\u201c<em>Il miglior Minipimer per i lavori pi\u00f9 creativi<\/em>\u201d \u2013 Filippo La Mantia<\/p>\n<p>&nbsp;<\/p>\n<p>Foto 1 e 2 \u00a0by courtesy<\/p>\n<h5 id=\"js_ngs\" class=\"_5pbw _5vra\" data-ft=\"{&quot;tn&quot;:&quot;C&quot;}\"><span class=\"fwn fcg\"><span class=\"fcg\"><span class=\"fwb\"><a id=\"js_sid\" class=\"profileLink\" href=\"https:\/\/www.facebook.com\/dotucci?hc_ref=ARTt0aobTE6X6P-TlR72E8LmhDTRo0QvLkF4RWNdZvRH1Au91ryFCdKrHoBVLT-gi-8\" data-ft=\"{&quot;tn&quot;:&quot;l&quot;}\" data-hovercard=\"\/ajax\/hovercard\/user.php?id=1506379815&amp;extragetparams=%7B%22hc_ref%22%3A%22ARTt0aobTE6X6P-TlR72E8LmhDTRo0QvLkF4RWNdZvRH1Au91ryFCdKrHoBVLT-gi-8%22%7D\" data-hovercard-prefer-more-content-show=\"1\" data-hovercard-referer=\"ARTt0aobTE6X6P-TlR72E8LmhDTRo0QvLkF4RWNdZvRH1Au91ryFCdKrHoBVLT-gi-8\" aria-controls=\"js_sib\" aria-haspopup=\"true\" aria-describedby=\"js_sic\">Doriana Tucci<\/a><\/span>\u00a0<\/span><\/span>&#8211;<a id=\"js_rff\" class=\"profileLink\" href=\"https:\/\/www.facebook.com\/LaSignoraDeiFornelli\/?ref=br_rs\" data-hovercard=\"\/ajax\/hovercard\/page.php?id=47128695204\" data-hovercard-prefer-more-content-show=\"1\" aria-controls=\"js_rfd\" aria-haspopup=\"true\" aria-describedby=\"js_rfe\">La Signora dei Fornelli<\/a><\/h5>\n","protected":false},"excerpt":{"rendered":"<p>#IOFRULLOTUTTO\u00a0 \u00a0Filippo La Mantia celebra i 20 anni del Cous Cous Fest con il pesto di agrumi 2.0 Filippo La Mantia, in occasione del XX\u00b0 Cous Cous Fest di San Vito Lo Capo, lancia il nuovo tormentone di fine estate #iofrullotutto, un hashtag che richiama la cucina che da sempre caratterizza le ricette di Filippo &hellip; <a href=\"https:\/\/www.gdapress.it\/it\/index.php\/63822\/enogastronomia\/iofrullotutto-lhashtag-filippo-la-mantia-xx-cous-cous-fest-san-vito-lo-capo.html\" class=\"more-link\">Read more <span class=\"screen-reader-text\">#IOFRULLOTUTTO l&#8217;hashtag di Filippo La Mantia per il XX\u00b0 Cous Cous Fest di San Vito Lo Capo,<\/span><\/a><\/p>\n","protected":false},"author":3,"featured_media":63823,"comment_status":"closed","ping_status":"open","sticky":false,"template":"","format":"standard","meta":{"footnotes":""},"categories":[32,20],"tags":[20357,20352,20354,20355,17916,20353,20356],"class_list":["post-63822","post","type-post","status-publish","format-standard","has-post-thumbnail","hentry","category-design","category-enogastronomia","tag-ostecuoco","tag-iofrullotutto","tag-braun","tag-cous-cous-fest","tag-filippo-la-mantia","tag-minipimer","tag-san-vito-lo-capo"],"_links":{"self":[{"href":"https:\/\/www.gdapress.it\/it\/index.php\/wp-json\/wp\/v2\/posts\/63822","targetHints":{"allow":["GET"]}}],"collection":[{"href":"https:\/\/www.gdapress.it\/it\/index.php\/wp-json\/wp\/v2\/posts"}],"about":[{"href":"https:\/\/www.gdapress.it\/it\/index.php\/wp-json\/wp\/v2\/types\/post"}],"author":[{"embeddable":true,"href":"https:\/\/www.gdapress.it\/it\/index.php\/wp-json\/wp\/v2\/users\/3"}],"replies":[{"embeddable":true,"href":"https:\/\/www.gdapress.it\/it\/index.php\/wp-json\/wp\/v2\/comments?post=63822"}],"version-history":[{"count":3,"href":"https:\/\/www.gdapress.it\/it\/index.php\/wp-json\/wp\/v2\/posts\/63822\/revisions"}],"predecessor-version":[{"id":63886,"href":"https:\/\/www.gdapress.it\/it\/index.php\/wp-json\/wp\/v2\/posts\/63822\/revisions\/63886"}],"wp:featuredmedia":[{"embeddable":true,"href":"https:\/\/www.gdapress.it\/it\/index.php\/wp-json\/wp\/v2\/media\/63823"}],"wp:attachment":[{"href":"https:\/\/www.gdapress.it\/it\/index.php\/wp-json\/wp\/v2\/media?parent=63822"}],"wp:term":[{"taxonomy":"category","embeddable":true,"href":"https:\/\/www.gdapress.it\/it\/index.php\/wp-json\/wp\/v2\/categories?post=63822"},{"taxonomy":"post_tag","embeddable":true,"href":"https:\/\/www.gdapress.it\/it\/index.php\/wp-json\/wp\/v2\/tags?post=63822"}],"curies":[{"name":"wp","href":"https:\/\/api.w.org\/{rel}","templated":true}]}}