
{"id":63793,"date":"2017-09-03T08:22:56","date_gmt":"2017-09-03T06:22:56","guid":{"rendered":"http:\/\/www.gdapress.it\/it\/?p=63793"},"modified":"2017-09-03T08:22:56","modified_gmt":"2017-09-03T06:22:56","slug":"mito-settembremusica-2017","status":"publish","type":"post","link":"https:\/\/www.gdapress.it\/it\/index.php\/63793\/musica\/mito-settembremusica-2017.html","title":{"rendered":"MITO SETTEMBREMUSICA 2017"},"content":{"rendered":"<h1><img loading=\"lazy\" decoding=\"async\" class=\"alignnone size-large wp-image-63794\" src=\"http:\/\/www.gdapress.it\/it\/..\/public\/it\/2017\/09\/95ee6f38-22c2-410a-bf1c-b34ff60c6947-500x190.jpg\" alt=\"\" width=\"500\" height=\"190\" srcset=\"https:\/\/www.gdapress.it\/it\/..\/public\/it\/2017\/09\/95ee6f38-22c2-410a-bf1c-b34ff60c6947-500x190.jpg 500w, https:\/\/www.gdapress.it\/it\/..\/public\/it\/2017\/09\/95ee6f38-22c2-410a-bf1c-b34ff60c6947-300x114.jpg 300w, https:\/\/www.gdapress.it\/it\/..\/public\/it\/2017\/09\/95ee6f38-22c2-410a-bf1c-b34ff60c6947.jpg 600w\" sizes=\"auto, (max-width: 500px) 100vw, 500px\" \/><\/h1>\n<h3>domenica 3 settembre a Milano e luned\u00ec 4 settembre a Torino<\/h3>\n<div><strong>Inaugurazione con la Gustav Mahler Jugendorchester diretta da<br \/>\nIngo Metzmacher nel segno del tema \u201cNatura\u201d<\/strong><\/div>\n<div><em>In prima italiana This Midnight Hour di Anna Clyne ispirato ai profumi della sera, cui seguono<br \/>\nla notte newyorkese del Concerto per pianoforte di Gershwin affidato a Jean-Yves Thibaudet,<br \/>\ni paesaggi slavi dell\u2019ouverture Nel regno della natura di Dvo\u0159\u00e1k e<br \/>\nl\u2019alba della Grecia classica immaginata da Ravel nella Suite n. 2 da Daphnis et Chlo\u00e9<\/em><\/div>\n<p><strong>Milano \/ Teatro alla Scala &#8211; Torino \/ Teatro Regio \u2013 3 e 4 settembre, ore 21<\/strong><\/p>\n<p>L\u2019undicesima edizione del festival MITO SettembreMusica si apre domenica 3<br \/>\nsettembre a Milano (Teatro alla Scala, ore 21) e luned\u00ec 4 settembre a Torino<br \/>\n(Teatro Regio, ore 21) con il concerto della Gustav Mahler Jugendorchester,<br \/>\nconsiderata la pi\u00f9 prestigiosa orchestra giovanile del mondo, protagonista in<br \/>\nqueste settimane di un ennesimo tour presso le principali manifestazioni e sale da<br \/>\nconcerto europee fra cui il Festival di Salisburgo, il Concertgebouw di Amsterdam,<br \/>\nla Elbphilharmonie di Amburgo, la Konzerthhaus di Berlino, la Semperoper di<br \/>\nDresda. Sul podio Ingo Metzmacher, interprete di riferimento del repertorio del XX<br \/>\ne XXI secolo che, nella sua carriera internazionale ha sempre promosso<br \/>\nprogrammi innovativi e talvolta provocatori ma sempre di grande successo.<br \/>\n\u00abL&#8217;attesa per l&#8217;inaugurazione di MITO 2017 \u2013 commenta il presidente Anna Gastel<br \/>\n\u2013 \u00e8 altissima sia a Milano che a Torino, sia alla Scala che al Regio: il tema della<br \/>\nNatura, fil rouge di questa edizione, permette una programmazione di particolare<br \/>\nampiezza e suggestione. I percorsi, dalla musica antica alle nuove commissioni,<br \/>\nsaranno molteplici e dal loro avvicendarsi e incrociarsi, proprio come accade in<br \/>\nnatura, si produrranno emozioni sempre nuove\u00bb.<br \/>\nIl programma del concerto inaugurale di MITO SettembreMusica 2017, intitolato<br \/>\nQuattro paesaggi (identico per entrambe le serate del 3 e 4 settembre), \u00e8 stato \u2013<br \/>\ncome da tradizione \u2013 appositamente creato per l\u2019occasione e introduce al tema del<br \/>\nfestival scelto dal direttore artistico Nicola Campogrande, proponendo quattro<br \/>\ndifferenti modalit\u00e0 musicali di relazionarsi alla \u201cNatura\u201d. In apertura, la prima<br \/>\nesecuzione in Italia di This Midnight Hour di Anna Clyne \u2013 compositrice inglese<br \/>\ntrentasettenne, \u201cin residence\u201d alla Chicago Symphony Orchestra dal 2010 al 2015,<br \/>\nvincitrice di numerosi premi e nominata ai Grammy Award \u2013 affascinata dal<br \/>\nregistro basso dei legni e ispirata da versi poetici di Juan Ram\u00f3n Jim\u00e9nez e da<br \/>\nCharles Baudelaire, cui seguir\u00e0 il celebre Concerto per pianoforte di Gershwin<br \/>\n(1925) affidato a uno dei suoi pi\u00f9 acclamati interpreti di oggi, il pianista francese<br \/>\nJean-Yves Thibaudet in cui i ritmi e le luci di Broadway, la vitalit\u00e0 del jazz e della<br \/>\nmusical, lasciano emergere nel poetico Adagio centrale una irripetibile e languida<br \/>\nmalinconia serale.<br \/>\nLa seconda parte prevede invece l&#8217;ouverture di Dvo\u0159\u00e1k Nel regno della natura op.<br \/>\n91 (1891) che invita l\u2019ascoltatore alla meraviglia per la vastit\u00e0 e profondit\u00e0 del<br \/>\nmondo paesaggistico slavo, quindi la Suite n. 2 da Daphnis et Chlo\u00e9 di Ravel, in<br \/>\ncui il compositore francese evoca con straordinaria fantasia timbrica e colori<br \/>\norchestrali lussureggianti l\u2019alba di una Grecia immaginaria che sfocia in un<br \/>\nsontuoso baccanale conclusivo.<br \/>\nConsiderato il gradimento dello scorso anno, tornano nel festival 2017 le<br \/>\nbrevissime introduzioni all\u2019ascolto dei concerti, con l\u2019obiettivo di offrire<br \/>\nun\u2019esperienza musicale inedita, curiosa, capace di coinvolgere il pubblico offrendo<br \/>\nil piacere di una comprensione pi\u00f9 profonda. Saranno quindi Gaia Varon e Mattia<br \/>\nPalma a Milano, Stefano Catucci e Carlo Pavese a Torino, a presentare i concerti<br \/>\nalternandosi fra loro.<br \/>\nI 140 appuntamenti di MITO SettembreMusica proseguiranno sino al 21<br \/>\nsettembre, delineando un festival che unisce nel segno della musica le due pi\u00f9<br \/>\ngrandi citt\u00e0 dell\u2019Italia settentrionale, riconfermando il desiderio delle<br \/>\namministrazioni di considerare lo sviluppo della cultura musicale un\u2019imprescindibile<br \/>\nforma d&#8217;impegno a favore del bene comune.<br \/>\nIl Festival, con il patrocinio del Ministero dei beni e delle attivit\u00e0 culturali e del<br \/>\nturismo, \u00e8 presieduto da Anna Gastel e realizzato da I Pomeriggi Musicali di<br \/>\nMilano e Fondazione per la Cultura di Torino grazie all\u2019impegno economico delle<br \/>\ndue Citt\u00e0, e al prezioso contributo del partner Intesa Sanpaolo, che ha creduto<br \/>\nal progetto sin dalla prima edizione, con il sostegno di Compagnia di San Paolo, e<br \/>\ndegli sponsor Pirelli e Fondazione Fiera di Milano.<br \/>\nI biglietti per i concerti inaugurali della Gustav Mahler Jugendorchester diretta da Ingo<br \/>\nMetzmacher hanno un costo di euro 25 ed euro 30 (per i nati dal 2003, biglietti per tutti i concerti a<br \/>\neuro 5). Se ancora disponibili, i biglietti saranno posti in vendita 45 minuti prima dell\u2019inizio dei<br \/>\nconcerti presso le biglietterie delle relative sedi.<br \/>\n<a href=\"http:\/\/mitosettembremusica.us8.list-manage1.com\/track\/click?u=bf4291960c27780f5cd119c5f&amp;id=a0d1a52024&amp;e=3a028624b9\" target=\"_blank\" rel=\"noopener noreferrer\"><strong>www.mitosettembremusica.it<\/strong><\/a><\/p>\n<p><strong>Informazioni e biglietteria<\/strong><br \/>\nI biglietti si possono acquistare online sul sito www.mitosettembremusica.it, o direttamente presso<br \/>\nle due biglietterie del Festival, rispettivamente in via San Francesco da Paola 6 a Torino e presso il<br \/>\nTeatro Dal Verme in via San Giovanni sul Muro 2 a Milano.<br \/>\nLa biglietteria torinese \u00e8 aperta tutti i giorni dalle 10.30 alle 18.30. Informazioni: +39.011.01124777<br \/>\n\u2013 smtickets@comune.torino.it<br \/>\nLa biglietteria milanese \u00e8 aperta da marted\u00ec a sabato con orario 11-19. Informazioni:<br \/>\n+39.02.87905201 \u2013 biglietteriamito@ipomeriggi.it<\/p>\n<p>Anna Clyne (Londra, 1980)<br \/>\n<em>This Midnight Hour per orchestra<\/em><br \/>\nGeorge Gershwin<br \/>\n(Brooklyn, New York 1898 &#8211; Beverly Hills, Hollywood 1937)<br \/>\n<em>Concerto in fa per pianoforte e orchestra<br \/>\nAllegro<br \/>\nAdagio &#8211; Andante con moto<br \/>\nAllegro agitato<\/em><br \/>\n****<br \/>\nAnton\u00edn Dvo\u0159\u00e1k<br \/>\n(Nelahozeves 1841 \u2013 Praga 1904)<br \/>\n<em>Nel regno della natura ouverture da concerto op. 91<\/em><br \/>\nMaurice Ravel<br \/>\n(Ciboure 1875 \u2013 Parigi 1937)<br \/>\n<em>Daphnis et Chlo\u00e9 suite per orchestra n. 2<br \/>\nLever du jour<br \/>\nPantomime<br \/>\nDanse g\u00e9n\u00e9rale<\/em><\/p>\n<p>Il lavoro di\u00a0<strong>Ingo Metzmacher<\/strong>\u00a0\u00e8 caratterizzato dalla profonda conoscenza del repertorio del XX e<br \/>\nXXI secolo e dalla proposta di programmi innovativi. Ha studiato pianoforte, teoria musicale e<br \/>\ndirezione d\u2019orchestra ad Hannover, sua citt\u00e0 natale, Salisburgo e Colonia. Ha iniziato la carriera a<br \/>\nFrancoforte con l\u2019Ensemble Modern e il Teatro dell\u2019Opera della citt\u00e0, al tempo della direzione<br \/>\nartistica di Michael Gielen. La sua carriera internazionale inizia nel 1988, quando Gerard Mortier,<br \/>\ndirettore artistico del Teatro de La Monnaie di Bruxelles, lo invita a dirigere Der ferne Klang di<br \/>\nSchrecker. Nel 1997 viene nominato direttore artistico e stabile del Teatro dell\u2019Opera di Amburgo<br \/>\nche porta a livelli di fama internazionale. Segue la direzione stabile all\u2019Opera di Amsterdam e, fra il<br \/>\n2007 ed il 2010, la direzione musicale della Deutsches Symphonie Orchester di Berlino. Nel<br \/>\nfebbraio 2015 \u00e8 stato nominato Sovrintendente e Direttore artistico del Festival delle Arti di<br \/>\nHerrenhausen. Ha diretto e dirige regolarmente nei pi\u00f9 importanti Teatri d\u2019opera e con le maggiori<br \/>\norchestre e festival europei. Come pianista ha collaborato con Christine Sch\u00e4fer, Matthias Goerne<br \/>\ne Christian Gerhaher. Fra gli impegni della stagione 2016-2017 Il naso di \u0160ostakovi\u010d alla Royal<br \/>\nOpera House di Londra, Die Gezeichneten di Schrecker all\u2019Opera di Stato Bavarese e numerosi<br \/>\nconcerti con i Wiener Philharmoniker e le Orchestre Sinfoniche di Bamberg, Stoccarda, Berlino,<br \/>\nVienna, Bologna e Roma. Nel suo libro Vorhang auf! Oper entdecken und erleben pubblicato nel<br \/>\n2009, presenta e spiega la realizzazione di opere di quattro secoli. \u00c8 anche l\u2019autore di Keine Angst<br \/>\nvor neuen T\u00f6nen appassionato saggio sulla musica.<\/p>\n<p>Per pi\u00f9 di trent\u2019anni\u00a0<strong>Jean-Yves Thibaudet<\/strong>\u00a0si \u00e8 esibito in tutto il mondo, ha registrato pi\u00f9 di 50<br \/>\nalbum e si \u00e8 costruito una solida reputazione. Suona repertori solistici, da camera e con orchestra,<br \/>\nda Beethoven, Liszt, Grieg e Saint-Sa\u00ebns a Ravel, Khachaturian e Gershwin, fino a compositori<br \/>\ncontemporanei come Qigang Chen e James MacMillan. Nel 2016\/2017 Thibaudet \u00e8 stato Artista in<br \/>\nResidenza con l\u2019Orchestre National de France, i Wiener Symphoniker e la Colburn School di Los<br \/>\nAngeles. Ha inoltre curato una speciale performance per Radio France con alcuni selezionati<br \/>\nstudenti. La residenza a Vienna lo vede impegnato in programmi da camera, esecuzioni della<br \/>\nFantasia Corale di Beethoven dirette da Philippe Jordan e concerti di Grieg e Gershwin, questi<br \/>\nultimi trasmessi dall\u2019emittente austriaca ORF. Alla Colburn inizia il suo terzo anno di residenza, con<br \/>\nlezioni individuali, corsi di perfezionamento e concerti con gli studenti. Tra i momenti salienti della<br \/>\nstagione citiamo l\u2019esecuzione della Sinfonia Turangal\u00eela di Messiaen con Gustavo Dudamel e<br \/>\nl\u2019Orquesta Sinf\u00f3nica Sim\u00f3n Bol\u00edvar del Venezuela, parte dei concerti di apertura della stagione<br \/>\ndella Carnegie Hall e un tour europeo. Le oltre 50 registrazioni di Thibaudet hanno ricevuto due<br \/>\nnomination ai Grammy, il Preis der Deutschen Schallplattenkritik, il Diapason d\u2019Or, il premio Choc<br \/>\ndi Le Monde de la Musique fra parentesi caporali, l\u2019Edison Prize e i premi Gramophone ed Echo. \u00c8<br \/>\nstato il solista dei pluripremiati e acclamati film Espiazione, Orgoglio e pregiudizio e Molto forte,<br \/>\nincredibilmente vicino. Cavaliere dell\u2019Ordine delle Arti e delle Lettere, nel 2012 Thibaudet \u00e8 stato<br \/>\ninsignito del titolo di Ufficiale dal Ministero della Cultura Francese.<\/p>\n<p>La\u00a0<strong>Gustav Mahler Jugendorchester<\/strong>\u00a0(GMJO) \u00e8 stata fondata a Vienna nel 1986\/87 per iniziativa<br \/>\ndel suo Direttore d\u2019orchestra Claudio Abbado. Oggi \u00e8 considerata l\u2019orchestra giovanile pi\u00f9<br \/>\nimportante del mondo ed \u00e8 stata premiata dalla Fondazione Culturale Europea nel 2007. Oltre a<br \/>\nsupportare i giovani musicisti e il loro lavoro, Abbado \u00e8 stato desideroso di incoraggiare la pratica<br \/>\nmusicale di giovani musicisti austriaci insieme a colleghi delle allora Repubbliche Socialiste di<br \/>\nCecoslovacchia e Ungheria. Di conseguenza la GMJO \u00e8 divenuta la prima orchestra giovanile<br \/>\ninternazionale a tenere audizioni aperte nei Paesi dell\u2019ex blocco orientale. Nel 1992 la GMJO si \u00e8<br \/>\naperta a musicisti fino ai 26 anni d\u2019et\u00e0 provenienti da tutta Europa. Come orchestra giovanile<br \/>\ndell\u2019intera Europa, la GMJO \u00e8 sotto il patrocinio del Consiglio d\u2019Europa. Alle audizioni che hanno<br \/>\nluogo ogni anno in circa venticinque citt\u00e0 europee, una giuria autorizzata da Claudio Abbado<br \/>\nseleziona i candidati fra una media di 2000 facenti richiesta. Illustri musicisti d\u2019orchestra sono<br \/>\nmembri di questa giuria e sono anche responsabili della preparazione del repertorio nelle sezioni<br \/>\nindividuali durante i periodi di prova dell\u2019orchestra. Il repertorio del tour della GMJO spazia dalla<br \/>\nmusica classica a quella contemporanea con un\u2019enfasi sulle grandi opere sinfoniche dei periodi<br \/>\nromantico e tardo-romantico. Il suo alto livello artistico e il suo successo internazionale hanno<br \/>\nindotto molti importanti Direttori d\u2019orchestra e solisti a esibirsi con la GMJO come ad esempio<br \/>\nClaudio Abbado, David Afkham, Herbert Blomstedt, Pierre Boulez, Myung-Whun Chung, Sir Colin<br \/>\nDavis, Peter E\u00f6tv\u00f6s, Iv\u00e1n Fischer, Daniele Gatti, Bernard Haitink, Mariss Jansons, Philippe Jordan,<br \/>\nIngo Metzmacher, Kent Nagano, V\u00e1clav Neumann, Jonathan Nott, Seiji Ozawa, Sir Antonio<br \/>\nPappano, e Franz Welser-M\u00f6st. Fra i musicisti rinomati che hanno lavorato con la GMJO si<br \/>\nannoverano Leif Ove Andsnes, Martha Argerich, Yuri Bashmet, Lisa Batiashvili, Renaud and<br \/>\nGautier Capu\u00e7on, Christian Gerhaher, Matthias Goerne, Susan Graham, Thomas Hampson,<br \/>\nLeonidas Kavakos, Evgenij Kissin, Christa Ludwig, Radu Lupu, Yo-Yo Ma, Anne-Sophie Mutter,<br \/>\nAnne Sofie von Otter, Jean-Yves Thibaudet, Maxim Vengerov, e Frank Peter Zimmermann. La<br \/>\nGMJO \u00e8 ospite regolare delle pi\u00f9 prestigiose sale concerti e festival da molti anni, come ad<br \/>\nesempio la Gesellschaft der Musikfreunde a Vienna, il Concertgebouw Amsterdam, la Suntory Hall<br \/>\na Tokyo, il Mozarteum Argentino a Buenos Aires, il Salzburg Festival e il Salzburg Easter Festival,<br \/>\nl\u2019Edinburgh International Festival, i BBC Proms, il Semperoper Dresden, e il Festival di Lucerna.<br \/>\nMolti ex-membri della GMJO sono ora nelle principali orchestre europee. Pi\u00f9 recentemente \u00e8 stata<br \/>\nannunciata un collaborazione intensiva con la rinomata S\u00e4chsische Staatskapelle Dresden che<br \/>\ninclude concerti e progetti che coinvolgono membri di entrambe le orchestre. La prima iniziativa<br \/>\ncomune ha avuto luogo nella Frauenkirche a Dresden, nel novembre 2012, con il Direttore Vladimir<br \/>\nJurowski e H\u00e5kan Hardenberger alla tromba. La Gustav Mahler Jugendorchester \u00e8 stata nominata<br \/>\n\u201cAmbassador UNICEF Austria\u201d in occasione del suo venticinquesimo anniversario. Erste Bank\u00a0e<br \/>\nVienna Insurance Group sono i principali partner della Gustav Mahler Jugendorchester.<\/p>\n","protected":false},"excerpt":{"rendered":"<p>domenica 3 settembre a Milano e luned\u00ec 4 settembre a Torino Inaugurazione con la Gustav Mahler Jugendorchester diretta da Ingo Metzmacher nel segno del tema \u201cNatura\u201d In prima italiana This Midnight Hour di Anna Clyne ispirato ai profumi della sera, cui seguono la notte newyorkese del Concerto per pianoforte di Gershwin affidato a Jean-Yves Thibaudet, &hellip; <a href=\"https:\/\/www.gdapress.it\/it\/index.php\/63793\/musica\/mito-settembremusica-2017.html\" class=\"more-link\">Read more <span class=\"screen-reader-text\">MITO SETTEMBREMUSICA 2017<\/span><\/a><\/p>\n","protected":false},"author":3,"featured_media":63794,"comment_status":"closed","ping_status":"open","sticky":false,"template":"","format":"standard","meta":{"footnotes":""},"categories":[19],"tags":[20322,20323,17,2266,3853,11376,29],"class_list":["post-63793","post","type-post","status-publish","format-standard","has-post-thumbnail","hentry","category-musica","tag-gustav-mahler-jugendorchester","tag-ingo-metzmacher","tag-milano","tag-mito-settembremusica","tag-teatro-alla-scala","tag-teatro-regio","tag-torino"],"_links":{"self":[{"href":"https:\/\/www.gdapress.it\/it\/index.php\/wp-json\/wp\/v2\/posts\/63793","targetHints":{"allow":["GET"]}}],"collection":[{"href":"https:\/\/www.gdapress.it\/it\/index.php\/wp-json\/wp\/v2\/posts"}],"about":[{"href":"https:\/\/www.gdapress.it\/it\/index.php\/wp-json\/wp\/v2\/types\/post"}],"author":[{"embeddable":true,"href":"https:\/\/www.gdapress.it\/it\/index.php\/wp-json\/wp\/v2\/users\/3"}],"replies":[{"embeddable":true,"href":"https:\/\/www.gdapress.it\/it\/index.php\/wp-json\/wp\/v2\/comments?post=63793"}],"version-history":[{"count":1,"href":"https:\/\/www.gdapress.it\/it\/index.php\/wp-json\/wp\/v2\/posts\/63793\/revisions"}],"predecessor-version":[{"id":63795,"href":"https:\/\/www.gdapress.it\/it\/index.php\/wp-json\/wp\/v2\/posts\/63793\/revisions\/63795"}],"wp:featuredmedia":[{"embeddable":true,"href":"https:\/\/www.gdapress.it\/it\/index.php\/wp-json\/wp\/v2\/media\/63794"}],"wp:attachment":[{"href":"https:\/\/www.gdapress.it\/it\/index.php\/wp-json\/wp\/v2\/media?parent=63793"}],"wp:term":[{"taxonomy":"category","embeddable":true,"href":"https:\/\/www.gdapress.it\/it\/index.php\/wp-json\/wp\/v2\/categories?post=63793"},{"taxonomy":"post_tag","embeddable":true,"href":"https:\/\/www.gdapress.it\/it\/index.php\/wp-json\/wp\/v2\/tags?post=63793"}],"curies":[{"name":"wp","href":"https:\/\/api.w.org\/{rel}","templated":true}]}}