
{"id":63695,"date":"2017-05-28T14:28:24","date_gmt":"2017-05-28T12:28:24","guid":{"rendered":"http:\/\/www.gdapress.it\/it\/?p=63695"},"modified":"2017-07-28T14:31:57","modified_gmt":"2017-07-28T12:31:57","slug":"al-via-la-edizione-della-milano-photoweek","status":"publish","type":"post","link":"https:\/\/www.gdapress.it\/it\/index.php\/63695\/arte\/al-via-la-edizione-della-milano-photoweek.html","title":{"rendered":"Al via la prima edizione della Milano PhotoWeek"},"content":{"rendered":"<p><img loading=\"lazy\" decoding=\"async\" class=\"alignnone size-medium wp-image-63696\" src=\"http:\/\/www.gdapress.it\/it\/..\/public\/it\/2017\/07\/BASE-Milano_CommonThinking-C-Andy-Rocch-elli_Cesura-Russian-Interiors-L...-300x214.jpeg\" alt=\"\" width=\"300\" height=\"214\" srcset=\"https:\/\/www.gdapress.it\/it\/..\/public\/it\/2017\/07\/BASE-Milano_CommonThinking-C-Andy-Rocch-elli_Cesura-Russian-Interiors-L...-300x214.jpeg 300w, https:\/\/www.gdapress.it\/it\/..\/public\/it\/2017\/07\/BASE-Milano_CommonThinking-C-Andy-Rocch-elli_Cesura-Russian-Interiors-L...-500x357.jpeg 500w, https:\/\/www.gdapress.it\/it\/..\/public\/it\/2017\/07\/BASE-Milano_CommonThinking-C-Andy-Rocch-elli_Cesura-Russian-Interiors-L....jpeg 640w\" sizes=\"auto, (max-width: 300px) 100vw, 300px\" \/><\/p>\n<p>Al via la prima edizione della Milano PhotoWeek<br \/>\ndal 5 all\u201911 giugno 2017<br \/>\nUn palinsesto diffuso con oltre 150 iniziative in citt\u00e0: ogni giorno un appuntamento speciale<br \/>\nin primo piano, appositamente ideato per la Milano PhotoWeek, oltre a un fitto programma<br \/>\ndi mostre, incontri, visite guidate, laboratori, progetti editoriali, opening e finissage,<br \/>\nproiezioni urbane per una settimana tutta dedicata alla fotografia.<br \/>\nInformazioni e programma completo su: photoweekmilano.it<br \/>\nDal 5 all\u201911 giugno Milano si arricchisce di una nuova iniziativa interamente<br \/>\ndedicata alla fotografia, con la prima edizione della Milano PhotoWeek, promossa e coordinata<br \/>\ndal Comune di Milano, Assessorato alla Cultura, realizzata in collaborazione con ArtsFor, con<br \/>\nil supporto di Fondation Carmignac e Leica.<br \/>\nUn palinsesto diffuso che coinvolger\u00e0 pi\u00f9 di cento sedi e circa 150 iniziative in citt\u00e0, con un<br \/>\ncalendario di appuntamenti speciali in primo piano appositamente ideati per la Milano<br \/>\nPhotoWeek, cui si aggiunger\u00e0 un\u2019intensa programmazione di mostre, incontri di approfondimento,<br \/>\nvisite guidate, laboratori, progetti editoriali, opening, finissage, proiezioni, film e molto altro ancora.<br \/>\nObiettivo della Milano PhotoWeek \u00e8 valorizzare e promuovere la fotografia in tutte le sue possibili<br \/>\nespressioni e forme per offrire ai cittadini, appassionati e non, una proposta diversificata e di<br \/>\nqualit\u00e0. Una manifestazione che vuole avvicinare il pubblico alla fotografia e ai luoghi della<br \/>\ncitt\u00e0 che la trattano professionalmente, quindi musei, archivi, gallerie, laboratori, scuole, agenzie,<br \/>\ncollettivi, case editrici. La PhotoWeek \u00e8 nata grazie alla collaborazione attiva di tutti i professionisti<br \/>\ndel settore che, chiamati a partecipare, hanno confermato l\u2019importanza e la ricchezza del<br \/>\npanorama culturale ed economico legato alla produzione fotografica milanese.<br \/>\nIl programma cartaceo della Milano PhotoWeek sar\u00e0 inserito in un fotoromanzo che verr\u00e0<br \/>\ndistribuito in 20.000 copie. Milano ti guardo \u00e8 il titolo del fotoromanzo, ideato e realizzato<br \/>\nappositamente per raccontare una prima storia dedicata alla citt\u00e0, sdrammatizzando l\u2019uso della<br \/>\nfotografia, per affrontare con ironia ma estrema seriet\u00e0 un primo argomento: quello dei giovani e il<br \/>\nlavoro.<br \/>\nTra gli appuntamenti in primo piano:<br \/>\n\u2022 Luned\u00ec 5 giugno apertura con il progetto 365+1 Ritratti a Milano ideato da Leica Camera<br \/>\nItalia per Milano PhotoWeek: il progetto vedr\u00e0 30 fotografi professionisti milanesi alternarsi<br \/>\nper l\u2019intera settimana su un set fotografico a cielo aperto nello spazio antistante il Leica Store<br \/>\nMilano.<br \/>\nQui, a turno, realizzeranno 365+1 ritratti a coppie di persone che vivono e abitano Milano<br \/>\ne persone che la visitano, vi studiano, lavorano o vi passano parte del proprio tempo,<br \/>\ncon l\u2019intento di sottolineare i valori di identit\u00e0, multiculturalit\u00e0, attrattivit\u00e0 e accoglienza<br \/>\nche appartengono alla citt\u00e0.<br \/>\n\u2022 Sempre luned\u00ec 5 a partire dalle ore 21.00, opening serale a BASE Milano per una serata<br \/>\ninteramente dedicata ai collettivi fotografici dal mondo. Common Thinking sar\u00e0 una<br \/>\nlunga proiezione, protagonisti i gruppi di giovani fotografi rappresentanti dei progetti e dei<br \/>\nlinguaggi pi\u00f9 significativi e contemporanei nel mondo. I collettivi sono l\u2019alternativa alle agenzie,<br \/>\nnuove forme di associazione che permettono ai fotografi di produrre idee e progetti, distribuirli,<br \/>\ntrovare finanziamenti. Common Thinking \u00e8 curata da Cesura (collettivo italiano) per Milano<br \/>\nPhotoWeek e ci permetter\u00e0 di conoscere i francesi Fractures, i portoghesi Colectivo Photo, i<br \/>\nperuviani Versus Photo, i serbi Kamerades, gli americani MJR. A seguire Transizioni, una<br \/>\ndelle pi\u00f9 interessanti rassegne internazionali del film fotografico.<br \/>\n\u2022 Marted\u00ec 6 giugno, a partire dalle ore 18.30, ai Frigoriferi Milanesi, una serata dedicata alla<br \/>\nfotografia africana. In contemporanea al finissage della mostra Il cacciatore bianco che<br \/>\ninclude opere di Seydou Keita, Malik Sidib\u00e9 e Guy Tillim, la PhotoWeek presenta, in<br \/>\ncollaborazione con il Lagos Photo Festival, la proiezione Snapshots, dedicata ai lavori dei<br \/>\npi\u00f9 rappresentativi autori della fotografia africana contemporanea e realizzata appositamente<br \/>\nper l\u2019occasione. Saranno racconti e linguaggi di grande forza che aprono a un mondo e a<br \/>\nun\u2019iconografia per noi ancora sconosciuti.<br \/>\n\u2022 Mercoled\u00ec 7 giugno alle ore 21.00, nel chiostro di Fondazione Stelline, anteprima del<br \/>\ndocumentario \u201cRobert Doisneau: Through the Lens\u201d, di Cl\u00e9mentine Deroudille. Introduce<br \/>\nla proiezione la regista. In collaborazione con CineWanted, che in occasione della Milano<br \/>\nPhotoWeek propone una piccola rassegna cinematografica e due maratone per omaggiare<br \/>\nalcuni tra i pi\u00f9 grandi e conosciuti fotografi della storia.<br \/>\n\u2022 Gioved\u00ec 8 giugno dalle ore 16.00 in Triennale, un pomeriggio a cura di MiBACT per la<br \/>\nfotografia: nuove strategie e nuovi sguardi sul territorio. Si inizia alle 16.00 con una visita<br \/>\nguidata alla mostra \u201cLa Terra Inquieta\u201d per approdare a una conferenza dedicata al tema<br \/>\nFotografia e societ\u00e0: documento o espressione artistica?. Il MiBACT, dopo la prima tappa a<br \/>\nPalermo dedicata alla fotografia, arriva a Milano in occasione della Milano PhotoWeek per<br \/>\nattivare un incontro aperto a tutti. La sera, dalle 21.00 ancora in Fondazione Stelline per il film<br \/>\nsu Bill Cunningham e un\u2019introduzione al prossimo PhotoVogue Festival che si terr\u00e0 a<br \/>\nnovembre a Milano.<br \/>\n\u2022 Da venerd\u00ec pomeriggio a domenica Piazza Gae Aulenti ospiter\u00e0 WIDE PHOTO FEST 17,<br \/>\npromosso da AIF &#8211; Associazione Italiana Foto &amp; Digital, con un palinsesto di eventi e contest,<br \/>\ndedicati a tutti, dai professionisti agli appassionati, per vedere ma soprattutto sperimentare le<br \/>\nnuove tecnologie messe a disposizione dai principali marchi del settore.<br \/>\n\u2022 Durante l\u2019intera settimana si segnala la rassegna Archivi Aperti di Rete Fotografia, 17<br \/>\narchivi cittadini eccezionalmente aperti a tutti.<br \/>\n\u2022 Sabato 10 giugno si terr\u00e0 il laboratorio per bambini organizzato dal fotografo Paolo Ventura<br \/>\nin collaborazione con MUBA, mentre da CineWanted in Via Tertulliano parte una maratona di<br \/>\ndue giorni di film dedicati ai grandi fotografi contemporanei. In Fondazione Stelline alle<br \/>\n18.00 i talk a cura di Sky Arte HD in occasione del lancio della seconda edizione di Master of<br \/>\nPhotography.<br \/>\n\u2022 Infine, domenica 11 giugno, nell\u2019area di Porta Nuova, il progetto \u2018ponte\u2019 tra la Milano<br \/>\nPhotoWeek e la Milano ArchWeek dal titolo Milano Open Portrait, promosso dalla<br \/>\nFondazione Riccardo Catella nell\u2019ambito della Porta Nuova Smart Community e curato dal<br \/>\nfotografo e artista Antonio Ottomanelli: installazione \u201ca sorpresa\u201d che coniuga fotografia e<br \/>\narchitettura.<br \/>\nSempre domenica 11 alle ore 19.00 alla Fondazione Riccardo Catella Magazine a<br \/>\nconfronto: dialogo sulla Fotografia Narrativa. Il senso dell\u2019immagine secondo Icon, un<br \/>\nincontro dedicato all\u2019uso della fotografia nei magazine contemporanei.<br \/>\nMilano PhotoWeek<br \/>\n5-11 giugno 2017<br \/>\nInformazioni, programma completo su:<br \/>\nwww.photoweekmilano.it<br \/>\n(gli orari ed eventuali costi di ingresso, consultabili sul sito della manifestazione, possono variare a<br \/>\nseconda delle sedi)<br \/>\nFacebook www.facebook.com\/milanophotoweek<br \/>\nInstagram @milanophotoweek<br \/>\nHashtag #MILANOPHOTOWEEK<\/p>\n","protected":false},"excerpt":{"rendered":"<p>Al via la prima edizione della Milano PhotoWeek dal 5 all\u201911 giugno 2017 Un palinsesto diffuso con oltre 150 iniziative in citt\u00e0: ogni giorno un appuntamento speciale in primo piano, appositamente ideato per la Milano PhotoWeek, oltre a un fitto programma di mostre, incontri, visite guidate, laboratori, progetti editoriali, opening e finissage, proiezioni urbane per &hellip; <a href=\"https:\/\/www.gdapress.it\/it\/index.php\/63695\/arte\/al-via-la-edizione-della-milano-photoweek.html\" class=\"more-link\">Read more <span class=\"screen-reader-text\">Al via la prima edizione della Milano PhotoWeek<\/span><\/a><\/p>\n","protected":false},"author":3,"featured_media":63696,"comment_status":"closed","ping_status":"open","sticky":false,"template":"","format":"standard","meta":{"footnotes":""},"categories":[4],"tags":[20275],"class_list":["post-63695","post","type-post","status-publish","format-standard","has-post-thumbnail","hentry","category-arte","tag-milano-photoweek"],"_links":{"self":[{"href":"https:\/\/www.gdapress.it\/it\/index.php\/wp-json\/wp\/v2\/posts\/63695","targetHints":{"allow":["GET"]}}],"collection":[{"href":"https:\/\/www.gdapress.it\/it\/index.php\/wp-json\/wp\/v2\/posts"}],"about":[{"href":"https:\/\/www.gdapress.it\/it\/index.php\/wp-json\/wp\/v2\/types\/post"}],"author":[{"embeddable":true,"href":"https:\/\/www.gdapress.it\/it\/index.php\/wp-json\/wp\/v2\/users\/3"}],"replies":[{"embeddable":true,"href":"https:\/\/www.gdapress.it\/it\/index.php\/wp-json\/wp\/v2\/comments?post=63695"}],"version-history":[{"count":1,"href":"https:\/\/www.gdapress.it\/it\/index.php\/wp-json\/wp\/v2\/posts\/63695\/revisions"}],"predecessor-version":[{"id":63697,"href":"https:\/\/www.gdapress.it\/it\/index.php\/wp-json\/wp\/v2\/posts\/63695\/revisions\/63697"}],"wp:featuredmedia":[{"embeddable":true,"href":"https:\/\/www.gdapress.it\/it\/index.php\/wp-json\/wp\/v2\/media\/63696"}],"wp:attachment":[{"href":"https:\/\/www.gdapress.it\/it\/index.php\/wp-json\/wp\/v2\/media?parent=63695"}],"wp:term":[{"taxonomy":"category","embeddable":true,"href":"https:\/\/www.gdapress.it\/it\/index.php\/wp-json\/wp\/v2\/categories?post=63695"},{"taxonomy":"post_tag","embeddable":true,"href":"https:\/\/www.gdapress.it\/it\/index.php\/wp-json\/wp\/v2\/tags?post=63695"}],"curies":[{"name":"wp","href":"https:\/\/api.w.org\/{rel}","templated":true}]}}