
{"id":63675,"date":"2017-03-15T12:09:24","date_gmt":"2017-03-15T10:09:24","guid":{"rendered":"http:\/\/www.gdapress.it\/it\/?p=63675"},"modified":"2017-07-28T12:23:31","modified_gmt":"2017-07-28T10:23:31","slug":"base-milano-italica","status":"publish","type":"post","link":"https:\/\/www.gdapress.it\/it\/index.php\/63675\/musica\/base-milano-italica.html","title":{"rendered":"\u00a0BASE Milano ITALICA"},"content":{"rendered":"<blockquote><p><img loading=\"lazy\" decoding=\"async\" class=\"alignnone size-large wp-image-63676\" src=\"http:\/\/www.gdapress.it\/it\/..\/public\/it\/2017\/07\/ATT00003-500x249.png\" alt=\"\" width=\"500\" height=\"249\" srcset=\"https:\/\/www.gdapress.it\/it\/..\/public\/it\/2017\/07\/ATT00003-500x249.png 500w, https:\/\/www.gdapress.it\/it\/..\/public\/it\/2017\/07\/ATT00003-300x149.png 300w, https:\/\/www.gdapress.it\/it\/..\/public\/it\/2017\/07\/ATT00003.png 522w\" sizes=\"auto, (max-width: 500px) 100vw, 500px\" \/><\/p>\n<p class=\"x_MsoNormalCxSpMiddle\">A partire dal\u00a0<b>16 marzo<\/b>, una volta al mese, di gioved\u00ec alle 21.30, sul palco di\u00a0<b>BASE Milano<\/b>\u00a0va in scena il nuovo suono italiano. Atmosfera raccolta, pubblico per lo pi\u00f9 seduto, divanetti e tavolini, sala semibuia, dal semibuio all\u2019elettronico passando per il folk ed il rock:\u00a0<b>ITALICA\u00a0<\/b>\u00e8 la nuova rassegna di sola musica cantata in italiano prodotta da\u00a0<b>BASE Milano\u00a0<\/b>e curata da\u00a0<b>Barnaba Ponchielli<\/b>.<\/p>\n<p class=\"x_MsoNormalCxSpMiddle\">Ogni sera due formazioni, una di apertura e un headliner. La rassegna risponde alla missione di\u00a0<b>BASE Milano:<\/b>\u00a0luogo di sperimentazione artistica e imprenditoriale, con\u00a0<b>ITALICA BASE Milano<\/b>intende allevare nuove scene musicali, far crescere nuovi talenti, rivalutare la grande tradizione del cantato italiano, far emergere e consolidare un mercato per la nuova musica italiana.\u00a0\u00a0Gli artisti\u00a0<b>ITALICA<\/b>\u00a0hanno a disposizione la residenza d\u2019artista di\u00a0<b>casaBASE<\/b>: un nuovo concetto di ospitalit\u00e0, disegnato da h+, tra i soci fondatori di\u00a0<b>BASE Milano<\/b>, per accogliere gli artisti coinvolti in progetti culturali all&#8217;interno dei propri spazi<\/p>\n<p class=\"x_TestopreformattatoCxSpFirst\" style=\"text-align: left;\" align=\"center\"><strong><span lang=\"EN-US\"><span class=\"x_Apple-style-span\" style=\"font-family: 'Tw Cen MT';\">ITALICA<\/span><\/span><\/strong><\/p>\n<p class=\"x_TestopreformattatoCxSpLast\" style=\"text-align: left;\" align=\"center\"><b><span lang=\"EN-US\">cartellone primavera 2017<\/span><\/b><\/p>\n<p class=\"x_MsoNormalCxSpMiddle\" style=\"text-align: left;\" align=\"center\"><span class=\"x_4n-jfsl\"><b>MILANO, BASE<\/b><\/span><\/p>\n<p class=\"x_MsoNormalCxSpLast\" style=\"text-align: left;\" align=\"center\"><span class=\"x_4n-jfsl\"><b>4 appuntamenti live dal 16 marzo all\u20198 giugno 2017**<\/b><\/span><\/p>\n<p class=\"x_Testopreformattato\" style=\"text-align: left;\" align=\"center\"><span class=\"x_4n-jfsl\"><b>** date estate\/autunno 2017 in corso di definizione<\/b><\/span><b><\/b><\/p>\n<p class=\"x_MsoNormalCxSpFirst\" style=\"text-align: left;\" align=\"center\"><span class=\"x_4n-jfsl\"><b>Milano, Via Bergognone, 34<\/b><\/span><\/p>\n<p class=\"x_MsoNormalCxSpMiddle\" style=\"text-align: left;\" align=\"center\"><span class=\"x_4n-jfsl\"><b><span class=\"x_Apple-style-span\">inizio concerti ore 21.30 \u2013 prezzo del biglietto: 7 Euro a serata<\/span><\/b><\/span><\/p>\n<p class=\"x_MsoNormalCxSpMiddle\" style=\"text-align: left;\" align=\"center\"><span class=\"x_4n-jfsl\"><b>gioved\u00ec 16 marzo<\/b><\/span><\/p>\n<p class=\"x_MsoNormalCxSpMiddle\" style=\"text-align: left;\" align=\"center\"><span class=\"x_4n-jfsl\"><b>MASSARONI PIANOFORTI<\/b><\/span><\/p>\n<p class=\"x_MsoNormalCxSpMiddle\" style=\"text-align: left;\" align=\"center\"><span class=\"x_4n-jfsl\"><b>opening act: KAMA<\/b><\/span><\/p>\n<p class=\"x_MsoNormalCxSpMiddle\" style=\"text-align: left;\" align=\"center\"><span class=\"x_4n-jfsl\"><b>gioved\u00ec 20 aprile<\/b><\/span><\/p>\n<p class=\"x_MsoNormalCxSpMiddle\" style=\"text-align: left;\" align=\"center\"><span class=\"x_4n-jfsl\"><b>GIOVANNI TRUPPI<\/b><\/span><\/p>\n<p class=\"x_MsoNormalCxSpMiddle\" style=\"text-align: left;\" align=\"center\"><span class=\"x_4n-jfsl\"><b>opening act: ARCANE OF SOULS<\/b><\/span><\/p>\n<p class=\"x_MsoNormalCxSpMiddle\" style=\"text-align: left;\" align=\"center\"><span class=\"x_4n-jfsl\"><b>gioved\u00ec 11 maggio<\/b><\/span><\/p>\n<p class=\"x_MsoNormalCxSpMiddle\" style=\"text-align: left;\" align=\"center\"><span class=\"x_4n-jfsl\"><b>PIETRO BERSELLI<\/b><\/span><\/p>\n<p class=\"x_MsoNormalCxSpMiddle\" style=\"text-align: left;\" align=\"center\"><span class=\"x_4n-jfsl\"><b>opening act: PIERALBERTO VALLI<\/b><\/span><\/p>\n<p class=\"x_MsoNormalCxSpMiddle\" style=\"text-align: left;\" align=\"center\"><span class=\"x_4n-jfsl\"><b>gioved\u00ec 8 giugno<\/b><\/span><\/p>\n<p class=\"x_MsoNormalCxSpMiddle\" style=\"text-align: left;\" align=\"center\"><span class=\"x_4n-jfsl\"><b>CAMILLAS<\/b><\/span><\/p>\n<p class=\"x_MsoNormalCxSpMiddle\" style=\"text-align: left;\" align=\"center\"><span class=\"x_4n-jfsl\"><b>opening act: ITACA<\/b><\/span><\/p>\n<p class=\"x_TestopreformattatoCxSpMiddle\" style=\"text-align: left;\">\n<p class=\"x_TestopreformattatoCxSpMiddle\" style=\"text-align: left;\"><b><span lang=\"EN-US\"><span class=\"x_Apple-style-span\" style=\"font-family: Calibri;\">GIOVED\u00cc 16 MARZO<\/span><\/span><\/b><\/p>\n<p class=\"x_TestopreformattatoCxSpMiddle\" style=\"text-align: left;\"><b><span lang=\"EN-US\"><span class=\"x_Apple-style-span\" style=\"font-family: Calibri;\">Massaroni Pianoforti<\/span><\/span><\/b><\/p>\n<p class=\"x_TestopreformattatoCxSpMiddle\" style=\"text-align: left;\"><b><span lang=\"EN-US\"><span class=\"x_Apple-style-span\" style=\"font-family: Calibri;\">opening act: Kama<\/span><\/span><\/b><\/p>\n<p class=\"x_TestopreformattatoCxSpMiddle\" style=\"text-align: left;\"><span lang=\"EN-US\"><span class=\"x_Apple-style-span\" style=\"font-family: Calibri;\">L&#8217;italiano e l&#8217;arte di raccontare storie e emozioni quotidiane.<\/span><\/span><\/p>\n<p class=\"x_TestopreformattatoCxSpMiddle\" style=\"text-align: left;\"><span class=\"x_Apple-style-span\" style=\"font-family: Calibri;\"><span class=\"x_Apple-style-span\"><b><span lang=\"EN-US\">Giancarlo Massaroni<\/span><\/b><span lang=\"EN-US\">\u00a0e\u00a0<b>Alessandro Camattini<\/b>, in arte\u00a0<b>Kama<\/b>, sono due ottimi esempi di come possano esistere in Italia musicisti capaci di scrivere belle canzoni e saperle suonare come si deve. Canzoni come si componevano una volta, con delle belle melodie, toccanti quanto serve e pi\u00f9 pop quando \u00e8 necessario (e viceversa), canzoni spontanee ma non certo punk, emotive, esuberanti ma ragionate.<\/span>\u00a0<\/span><\/span><\/p>\n<p class=\"x_MsoBodyText\" style=\"text-align: left;\"><b><span class=\"x_Apple-style-span\" style=\"font-family: Calibri;\">Massaroni Pianoforti<\/span><\/b><\/p>\n<p class=\"x_TestopreformattatoCxSpFirst\" style=\"text-align: left;\"><span class=\"x_Apple-style-span\" style=\"font-family: Calibri;\"><span class=\"x_Apple-style-span\"><i><span lang=\"EN-US\">Con i live dei\u00a0<b>Massaroni Pianoforti<\/b>\u00a0non si viene tanto per &#8220;staccare&#8221; ma per affrontare tutto cio&#8217; che d&#8217;incompiuto ci \u00e8 rimasto a galla e so che non \u00e8 facile ma so anche che \u00e8 l &#8216;unico modo che abbiamo per sentirci pi\u00f9 vicini a tutti voi, per cercare di sfancularli e riscoprirci meno soli e forse si, anche pi\u00f9 forti e leggeri<\/span><\/i><span lang=\"EN-US\">&#8220;.<\/span><\/span><\/span><\/p>\n<p class=\"x_TestopreformattatoCxSpMiddle\" style=\"text-align: left;\"><span lang=\"EN-US\"><a href=\"http:\/\/www.massaronipianoforti.com\/\" target=\"_blank\" rel=\"noopener noreferrer\"><span class=\"x_Apple-style-span\" style=\"font-family: Calibri;\">http:\/\/www.massaronipianoforti.com<\/span><\/a><\/span><\/p>\n<p class=\"x_TestopreformattatoCxSpMiddle\" style=\"text-align: left;\"><span class=\"x_Apple-style-span\" style=\"font-family: Calibri;\"><span class=\"x_Apple-style-span\"><b><span lang=\"EN-US\">Kama<\/span><\/b><b><\/b><\/span><\/span><\/p>\n<p class=\"x_TestopreformattatoCxSpMiddle\" style=\"text-align: left;\"><span lang=\"EN-US\"><span class=\"x_Apple-style-span\" style=\"font-family: Calibri;\">&#8220;<i>Sono Kama. Mio pap\u00e0 era un cantante, negli anni 60. Quando ero piccolo ogni tanto se ne tornava a casa con un vinile. Era un evento. Una volta &#8220;Titanic&#8221; di De Gregori&#8230; una volta &#8220;Album&#8221; di Bertoli. Li consumavamo. Ora faccio il cantautore. In italiano. Mi immagino la casalinga di Voghera che mentre gira il rag\u00f9 canta una mia canzone&#8230; Ecco, quello voglio. Entrare nelle case. Quelle di tutti i giorni, quelle di tutti.<\/i><\/span><\/span><\/p>\n<p class=\"x_TestopreformattatoCxSpMiddle\" style=\"text-align: left;\"><span class=\"x_Apple-style-span\" style=\"font-family: Calibri;\"><span class=\"x_Apple-style-span\"><i><span lang=\"EN-US\">Ci sono momenti che ti ripagano di tutta la fatica, delle ore di sonno perdute, delle energie dedicate a scrivere &#8220;stupide canzoni&#8221;. Io invento le canzoni, non le scrivo. Le invento come inventavo le storie della buonanotte per i miei figli. E come con loro vi offro carezze che pesano come schiaffi. Risate che sanno di pugni nello stomaco. Questo devono fare i cantautori, dirvi le cose che nemmeno voi avete il coraggio di raccontarvi, sul filo dell&#8217;apparente leggerezza\u00a0<\/span><\/i><span lang=\"EN-US\">&#8211; Alessandro Camattini<i><\/i><\/span><\/span><\/span><\/p>\n<p class=\"x_TestopreformattatoCxSpLast\" style=\"text-align: left;\"><span lang=\"EN-US\"><span class=\"x_Apple-style-span\" style=\"font-family: Calibri;\"><a href=\"http:\/\/www.alekama.it\/\" target=\"_blank\" rel=\"noopener noreferrer\">http:\/\/www.alekama.it<\/a><\/span><\/span><\/p>\n<p class=\"x_MsoBodyText\" style=\"text-align: left;\"><span class=\"x_Apple-style-span\" style=\"font-family: Calibri;\">\u00a0<\/span><\/p>\n<p class=\"x_TestopreformattatoCxSpFirst\" style=\"text-align: left;\"><b><span lang=\"EN-US\"><span class=\"x_Apple-style-span\" style=\"font-family: Calibri;\">GIOVED\u00cc 20 APRILE<\/span><\/span><\/b><\/p>\n<p class=\"x_TestopreformattatoCxSpMiddle\" style=\"text-align: left;\"><b><span lang=\"EN-US\"><span class=\"x_Apple-style-span\" style=\"font-family: Calibri;\">Giovanni Truppi<\/span><\/span><\/b><\/p>\n<p class=\"x_TestopreformattatoCxSpMiddle\" style=\"text-align: left;\"><b><span lang=\"EN-US\"><span class=\"x_Apple-style-span\" style=\"font-family: Calibri;\">opening act: Arcane Of Souls<\/span><\/span><\/b><\/p>\n<p class=\"x_TestopreformattatoCxSpMiddle\" style=\"text-align: left;\"><span class=\"x_Apple-style-span\" style=\"font-family: Calibri;\"><span class=\"x_Apple-style-span\"><span lang=\"EN-US\">Canzoni come urli rock, come necessit\u00e0 espressive che mettano assieme l&#8217;irruenza e l&#8217;energia con l&#8217;ispirazione e la capacit\u00e0 strumentali necessarie anche per sperimentare e andare oltre: due voci, quella di<b>Giovanni Truppi<\/b>\u00a0e quella di\u00a0<b>Alfonso Surace\/Arcane Of Souls<\/b>, che dal sud se ne sono andati per cercare altrove il terreno fertile per le loro canzoni e le loro storie.<\/span>\u00a0<\/span><\/span><\/p>\n<p class=\"x_TestopreformattatoCxSpMiddle\" style=\"text-align: left;\"><b><span lang=\"EN-US\"><span class=\"x_Apple-style-span\" style=\"font-family: Calibri;\">Giovanni Truppi<\/span><\/span><\/b><\/p>\n<p class=\"x_TestopreformattatoCxSpMiddle\" style=\"text-align: left;\"><span lang=\"EN-US\"><span class=\"x_Apple-style-span\" style=\"font-family: Calibri;\">\u00a0&#8220;<i>Nel maggio 2013 ho acquistato un pianoforte verticale. Mentre lavoravo al mio terzo disco disco gli ho segato le estremit\u00e0 destra e sinistra (legno e ghisa) per ridurne l&#8217;estensione e renderlo trasportabile e ho creato \u2013 con l&#8217;aiuto dell&#8217;artigiano romano Daniele Pintaldi che si \u00e8 innamorato della mia idea &#8211; un sistema di pick-up magnetici per poter collegare il piano ad un amplificatore e suonarlo come una chitarra elettrica. Il piano che si sente nel disco (fatta eccezione per Eva) e che &#8211; schiena permettendo &#8211; porter\u00f2 in tour \u00e8 questo<\/i>.\u201d &#8211;\u00a0<b>Giovanni Truppi<\/b><\/span><\/span><\/p>\n<p class=\"x_TestopreformattatoCxSpMiddle\" style=\"text-align: left;\"><span lang=\"EN-US\"><a href=\"http:\/\/www.giovannitruppi.com\/\" target=\"_blank\" rel=\"noopener noreferrer\"><span class=\"x_Apple-style-span\" style=\"font-family: Calibri;\">http:\/\/www.giovannitruppi.com<\/span><\/a><\/span><\/p>\n<p class=\"x_TestopreformattatoCxSpMiddle\" style=\"text-align: left;\"><b><span lang=\"EN-US\"><span class=\"x_Apple-style-span\" style=\"font-family: Calibri;\">Alfonso Surace\/Arcane Of Souls<\/span><\/span><\/b><\/p>\n<p class=\"x_TestopreformattatoCxSpMiddle\" style=\"text-align: left;\"><span lang=\"EN-US\"><span class=\"x_Apple-style-span\" style=\"font-family: Calibri;\">&#8220;<i>Arcane of Souls \u00e8 l\u2019anagramma del mio nome e cognome, quindi sono sempre io. L\u2019idea di usare un anagramma per intraprendere la mia esperienza \u201csolista\u201d \u00e8 nata semplicemente dal concetto di cambiamento costante che convive (in)consciamente con ognuno di noi. Sono sempre rimasto affascinato da una frase di Bob Dylan: \u201cThere\u2019s nothing so stable as change\u201d, letteralmente \u201cNon c\u2019\u00e8 niente di cos\u00ec stabile come il cambiamento. Non adoro i testi troppo ermetici, preferisco esprimere le sensazioni con parole semplici e, perch\u00e9 no, popolari<\/i>.&#8221; &#8211;\u00a0<b>Alfonso Surace<\/b><i><\/i><\/span><\/span><\/p>\n<p class=\"x_TestopreformattatoCxSpMiddle\" style=\"text-align: left;\"><span class=\"x_Apple-style-span\" style=\"font-family: Calibri;\"><span class=\"x_Apple-style-span\"><b><span lang=\"EN-US\">Arcane of Souls<\/span><\/b><span lang=\"EN-US\">\u00a0\u00e8 il progetto solista di\u00a0<b>Alfonso Surace<\/b>\u00a0(gi\u00e0 chitarra e voce nei tORQUEMADA, chitarra live nei SakeeSed).<\/span><\/span><\/span><\/p>\n<p class=\"x_TestopreformattatoCxSpMiddle\" style=\"text-align: left;\"><span lang=\"EN-US\"><span class=\"x_Apple-style-span\" style=\"font-family: Calibri;\"><a href=\"https:\/\/www.facebook.com\/ArcaneofSouls\/?fref=ts\" target=\"_blank\" rel=\"noopener noreferrer\">https:\/\/www.facebook.com\/ArcaneofSouls\/?fref=ts<\/a><\/span><\/span><\/p>\n<p class=\"x_TestopreformattatoCxSpMiddle\" style=\"text-align: left;\"><span lang=\"EN-US\"><span class=\"x_Apple-style-span\" style=\"font-family: Calibri;\"><a href=\"https:\/\/arcaneofsouls.bandcamp.com\/\" target=\"_blank\" rel=\"noopener noreferrer\">https:\/\/arcaneofsouls.bandcamp.com<\/a><\/span><\/span><\/p>\n<p class=\"x_TestopreformattatoCxSpMiddle\" style=\"text-align: left;\"><span class=\"x_Apple-style-span\" style=\"font-family: Calibri;\"><b><span lang=\"EN-US\">GIOVED\u00cc 11 MAGGIO<\/span><\/b><\/span><\/p>\n<p class=\"x_TestopreformattatoCxSpMiddle\" style=\"text-align: left;\"><b><span lang=\"EN-US\"><span class=\"x_Apple-style-span\" style=\"font-family: Calibri;\">Pietro Berselli<\/span><\/span><\/b><\/p>\n<p class=\"x_TestopreformattatoCxSpMiddle\" style=\"text-align: left;\"><b><span lang=\"EN-US\"><span class=\"x_Apple-style-span\" style=\"font-family: Calibri;\">opening act: Pieralberto Valli<\/span><\/span><\/b><\/p>\n<p class=\"x_TestopreformattatoCxSpMiddle\" style=\"text-align: left;\"><span class=\"x_Apple-style-span\" style=\"font-family: Calibri;\"><span class=\"x_Apple-style-span\"><b><span lang=\"EN-US\">Pietro\u00a0\u00a0Berselli<\/span><\/b><span lang=\"EN-US\">\u00a0e\u00a0<b>Pieralberto Valli<\/b>\u00a0si affacciano quest&#8217;anno coi loro album d&#8217;esordio solisti e stupiscono, perch\u00e9 sapienti nell&#8217;affiancare con estro e passione stili musicali che arrivano dall&#8217;estero (il post-rock per il primo e il trip-hop per il secondo), assolutamente contemporanei e cantati in lingua madre.<\/span><\/span><\/span><\/p>\n<p class=\"x_TestopreformattatoCxSpMiddle\" style=\"text-align: left;\"><span class=\"x_Apple-style-span\" style=\"font-family: Calibri;\"><span class=\"x_Apple-style-span\"><b><span lang=\"EN-US\">Pietro Berselli<\/span><\/b><b><\/b><\/span><\/span><\/p>\n<p class=\"x_TestopreformattatoCxSpMiddle\" style=\"text-align: left;\"><span class=\"x_Apple-style-span\" style=\"font-family: Calibri;\"><span class=\"x_Apple-style-span\"><span lang=\"EN-US\">&#8220;<i>Il testo non nasce mai per primo, al massimo nasce durante la scrittura della musica. Le parole infatti sono utilizzate tanto per il loro significato quanto per il loro suono, \u00e8 imprescindibile. Troverei molto forzato unire un testo e una musica nati separatamente. L\u2019italiano ha molte cose da dire e da dimostrare anche oltre i confini nazionali secondo me, \u00e8 una lingua meravigliosa. E oltretutto devo amettere che non sarei in grado di utilizzare al meglio un\u2019altra lingua! Quando ho iniziato a scrivere in italiano \u00e8 stata una liberazione! Finalmente avevo la possibilit\u00e0 di esprimere con le parole giuste le mie sensazioni.\u201d<\/i>\u00a0&#8211;<b>Pietro Berselli<\/b><\/span><\/span><\/span><\/p>\n<p class=\"x_TestopreformattatoCxSpMiddle\" style=\"text-align: left;\"><span lang=\"EN-US\"><a href=\"https:\/\/www.facebook.com\/pietrobersellilive\/?fref=ts\" target=\"_blank\" rel=\"noopener noreferrer\"><span class=\"x_Apple-style-span\" style=\"font-family: Calibri;\">https:\/\/www.facebook.com\/pietrobersellilive\/?fref=ts<\/span><\/a><\/span><\/p>\n<p class=\"x_TestopreformattatoCxSpMiddle\" style=\"text-align: left;\"><span class=\"x_Apple-style-span\" style=\"font-family: Calibri;\"><span class=\"x_Apple-style-span\"><b><span lang=\"EN-US\">Pieralberto Valli<\/span><\/b><b><\/b><\/span><\/span><\/p>\n<p class=\"x_TestopreformattatoCxSpMiddle\" style=\"text-align: left;\"><span class=\"x_Apple-style-span\" style=\"font-family: Calibri;\"><span class=\"x_Apple-style-span\"><i><span lang=\"EN-US\">&#8220;In questi ultimi tempi mi chiedono spesso perch\u00e9 non abbia deciso di scrivere in inglese. Eppure, se penso alle grandi sfide rispetto a ci\u00f2 che faccio, penso che sia molto pi\u00f9 difficile e, nel caso, appagante riuscire ad arrivare a un pubblico italiano attraverso l&#8217;uso della lingua italiana. Poter arrivare potenzialmente a tutti pu\u00f2 significare non arrivare a nessuno, mentre l&#8217;italiano \u00e8 la lingua della tua vicina di casa, del tuo barista di fiducia, della massa che ti inghiotte ogni giorno. Il significato di ogni lingua va molto al di l\u00e0 delle parole che esprime; \u00e8 un rimando simbolico, culturale, sonoro che si \u00e8 creato nel corso dei secoli e che genealogicamente mi appartiene.&#8221;\u00a0<\/span><\/i><span lang=\"EN-US\">&#8211;\u00a0<b>Pieralberto Valli<\/b><\/span><\/span><\/span><\/p>\n<p class=\"x_TestopreformattatoCxSpMiddle\" style=\"text-align: left;\"><span class=\"x_Apple-style-span\" style=\"font-family: Calibri;\"><span class=\"x_Apple-style-span\"><span lang=\"EN-US\"><a href=\"https:\/\/pieralbertovalli.com\/\" target=\"_blank\" rel=\"noopener noreferrer\">https:\/\/pieralbertovalli.com<\/a><\/span>\u00a0<\/span><\/span><\/p>\n<p class=\"x_TestopreformattatoCxSpMiddle\" style=\"text-align: left;\"><b><span lang=\"EN-US\"><span class=\"x_Apple-style-span\" style=\"font-family: Calibri;\">GIOVED\u00cc 8 GIUGNO<\/span><\/span><\/b><\/p>\n<p class=\"x_TestopreformattatoCxSpMiddle\" style=\"text-align: left;\"><b><span lang=\"EN-US\"><span class=\"x_Apple-style-span\" style=\"font-family: Calibri;\">I Camillas<\/span><\/span><\/b><\/p>\n<p class=\"x_TestopreformattatoCxSpMiddle\" style=\"text-align: left;\"><b><span lang=\"EN-US\"><span class=\"x_Apple-style-span\" style=\"font-family: Calibri;\">opening act: Itaca<\/span><\/span><\/b><\/p>\n<p class=\"x_TestopreformattatoCxSpMiddle\" style=\"text-align: left;\"><span lang=\"EN-US\"><span class=\"x_Apple-style-span\" style=\"font-family: Calibri;\">Ed ecco il pop che non ascoltate alla radio ma che riesce ad arrivare al cuore delle persone soprattutto quando \u00e8 su un palco. L&#8217;italiano di\u00a0<b>Camillas<\/b>\u00a0ed\u00a0<b>Itaca<\/b>\u00a0\u00e8 una scelta di campo per entrambi, nonostante le differenze culturali e geografiche, per arrivare agli ascoltatori ed estimatori nel modo pi\u00f9 diretto, concreto e comprensibile possibile. \u00c8 il vestito che assieme alla musica si sono scelti per stare su un palco edemozionarci col loro spettacolo.<\/span><\/span><\/p>\n<p class=\"x_TestopreformattatoCxSpMiddle\" style=\"text-align: left;\"><b><span lang=\"EN-US\"><span class=\"x_Apple-style-span\" style=\"font-family: Calibri;\">I Camillas<\/span><\/span><\/b><\/p>\n<p class=\"x_TestopreformattatoCxSpMiddle\" style=\"text-align: left;\"><span lang=\"EN-US\"><span class=\"x_Apple-style-span\" style=\"font-family: Calibri;\">&#8220;<i>I Camillas cantano in italiano perch\u00e9 sono fatti cos\u00ec, sono fatti di italiano dappertutto e non possono farne a meno. Non \u00e8 una questione di scelta, ma di trovare le posizioni pi\u00f9 comode, gli specchi pi\u00f9 nitidi e le discese che ti fanno correre con il sorriso, dentro una lingua che \u00e8 la lingua che sono. E I Camillas fanno musica pop, perch\u00e9 pop \u00e8 popolare e pop \u00e8 il mais che esce da se stesso e si butta in braccio al mondo. Esplosiva, soffice e dalle forme strane: ecco la musica che fanno<\/i>.&#8221; &#8211;\u00a0<b>I Camillas<\/b><\/span><\/span><\/p>\n<p class=\"x_TestopreformattatoCxSpMiddle\" style=\"text-align: left;\"><span lang=\"EN-US\"><a href=\"http:\/\/www.icamillas.it\/\" target=\"_blank\" rel=\"noopener noreferrer\"><span class=\"x_Apple-style-span\" style=\"font-family: Calibri;\">www.icamillas.it<\/span><\/a><\/span><\/p>\n<p class=\"x_TestopreformattatoCxSpMiddle\" style=\"text-align: left;\"><b><span lang=\"EN-US\"><span class=\"x_Apple-style-span\" style=\"font-family: Calibri;\">Itaca<\/span><\/span><\/b><\/p>\n<p class=\"x_TestopreformattatoCxSpMiddle\" style=\"text-align: left;\"><span class=\"x_Apple-style-span\" style=\"font-family: Calibri;\"><span class=\"x_Apple-style-span\"><i><span lang=\"EN-US\">Ossi Viola e Lo Selbo cantano l&#8217;odissea!<\/span><\/i><i><\/i><\/span><\/span><\/p>\n<p class=\"x_TestopreformattatoCxSpMiddle\" style=\"text-align: left;\"><span lang=\"EN-US\"><span class=\"x_Apple-style-span\" style=\"font-family: Calibri;\">&#8220;<i>Io e Albertine siamo stati assieme per un po&#8217; prima di incominciare a cantare assieme. Siamo entrambi di Berlino ma per varie ragioni ci siamo incontrati a Roma. A un certo punto Albertine ha deciso di studiare a Roma e di viverci per un anno intero. Quello \u00e8 stato il momento in cui ho composto un paio di canzoni in italiano, fantasticando di andare a visitarla a Roma e di sconvolgere l&#8217;intera citt\u00e0. Il risultato \u00e8 che cos\u00ec facendo le canzoni risultavano sia divertenti che pi\u00f9 profonde\u00a0\u00a0di quanto mi aspettassi. Cos\u00ec ci ho lavorato meglio e ho convinto Albertine a cantarle con me.\u201d<\/i>\u00a0&#8211;\u00a0<b>Lo Selbo, Itaca<\/b><\/span><\/span><\/p>\n<p class=\"x_TestopreformattatoCxSpMiddle\" style=\"text-align: left;\"><span lang=\"EN-US\"><a href=\"http:\/\/www.itacamusica.it\/\" target=\"_blank\" rel=\"noopener noreferrer\"><span class=\"x_Apple-style-span\" style=\"font-family: Calibri;\">www.itacamusica.it<\/span><\/a><\/span><\/p>\n<p class=\"x_Testopreformattato\" style=\"text-align: left;\"><span lang=\"EN-US\">\u00a0<\/span><\/p>\n<p class=\"x_MsoNormal\" style=\"text-align: left;\">\n<p class=\"x_MsoNormalCxSpMiddle\" style=\"text-align: left;\"><span class=\"x_4n-jfsl\">\u00a0<\/span><\/p>\n<\/blockquote>\n","protected":false},"excerpt":{"rendered":"<p>A partire dal\u00a016 marzo, una volta al mese, di gioved\u00ec alle 21.30, sul palco di\u00a0BASE Milano\u00a0va in scena il nuovo suono italiano. Atmosfera raccolta, pubblico per lo pi\u00f9 seduto, divanetti e tavolini, sala semibuia, dal semibuio all\u2019elettronico passando per il folk ed il rock:\u00a0ITALICA\u00a0\u00e8 la nuova rassegna di sola musica cantata in italiano prodotta da\u00a0BASE &hellip; <a href=\"https:\/\/www.gdapress.it\/it\/index.php\/63675\/musica\/base-milano-italica.html\" class=\"more-link\">Read more <span class=\"screen-reader-text\">\u00a0BASE Milano ITALICA<\/span><\/a><\/p>\n","protected":false},"author":3,"featured_media":63676,"comment_status":"closed","ping_status":"open","sticky":false,"template":"","format":"standard","meta":{"footnotes":""},"categories":[19],"tags":[17696,20262],"class_list":["post-63675","post","type-post","status-publish","format-standard","has-post-thumbnail","hentry","category-musica","tag-base-milano","tag-italica"],"_links":{"self":[{"href":"https:\/\/www.gdapress.it\/it\/index.php\/wp-json\/wp\/v2\/posts\/63675","targetHints":{"allow":["GET"]}}],"collection":[{"href":"https:\/\/www.gdapress.it\/it\/index.php\/wp-json\/wp\/v2\/posts"}],"about":[{"href":"https:\/\/www.gdapress.it\/it\/index.php\/wp-json\/wp\/v2\/types\/post"}],"author":[{"embeddable":true,"href":"https:\/\/www.gdapress.it\/it\/index.php\/wp-json\/wp\/v2\/users\/3"}],"replies":[{"embeddable":true,"href":"https:\/\/www.gdapress.it\/it\/index.php\/wp-json\/wp\/v2\/comments?post=63675"}],"version-history":[{"count":1,"href":"https:\/\/www.gdapress.it\/it\/index.php\/wp-json\/wp\/v2\/posts\/63675\/revisions"}],"predecessor-version":[{"id":63677,"href":"https:\/\/www.gdapress.it\/it\/index.php\/wp-json\/wp\/v2\/posts\/63675\/revisions\/63677"}],"wp:featuredmedia":[{"embeddable":true,"href":"https:\/\/www.gdapress.it\/it\/index.php\/wp-json\/wp\/v2\/media\/63676"}],"wp:attachment":[{"href":"https:\/\/www.gdapress.it\/it\/index.php\/wp-json\/wp\/v2\/media?parent=63675"}],"wp:term":[{"taxonomy":"category","embeddable":true,"href":"https:\/\/www.gdapress.it\/it\/index.php\/wp-json\/wp\/v2\/categories?post=63675"},{"taxonomy":"post_tag","embeddable":true,"href":"https:\/\/www.gdapress.it\/it\/index.php\/wp-json\/wp\/v2\/tags?post=63675"}],"curies":[{"name":"wp","href":"https:\/\/api.w.org\/{rel}","templated":true}]}}