
{"id":63446,"date":"2017-06-29T23:14:38","date_gmt":"2017-06-29T21:14:38","guid":{"rendered":"http:\/\/www.gdapress.it\/it\/?p=63446"},"modified":"2017-07-19T23:17:53","modified_gmt":"2017-07-19T21:17:53","slug":"firenze-filo-rosso-delle-idee-lanerossi-200-anni-mostra","status":"publish","type":"post","link":"https:\/\/www.gdapress.it\/it\/index.php\/63446\/costume\/firenze-filo-rosso-delle-idee-lanerossi-200-anni-mostra.html","title":{"rendered":"A Firenze \u201cIl Filo Rosso delle Idee. Lanerossi 200 anni\u201d in mostra"},"content":{"rendered":"<p><img loading=\"lazy\" decoding=\"async\" class=\"alignnone size-medium wp-image-63447\" src=\"http:\/\/www.gdapress.it\/it\/..\/public\/it\/2017\/07\/00-SAVE-PF_LANEROSSI_IT-copia-223x300.jpg\" alt=\"\" width=\"223\" height=\"300\" srcset=\"https:\/\/www.gdapress.it\/it\/..\/public\/it\/2017\/07\/00-SAVE-PF_LANEROSSI_IT-copia-223x300.jpg 223w, https:\/\/www.gdapress.it\/it\/..\/public\/it\/2017\/07\/00-SAVE-PF_LANEROSSI_IT-copia-768x1035.jpg 768w, https:\/\/www.gdapress.it\/it\/..\/public\/it\/2017\/07\/00-SAVE-PF_LANEROSSI_IT-copia-297x400.jpg 297w, https:\/\/www.gdapress.it\/it\/..\/public\/it\/2017\/07\/00-SAVE-PF_LANEROSSI_IT-copia.jpg 1753w\" sizes=\"auto, (max-width: 223px) 100vw, 223px\" \/><\/p>\n<p>Il <strong>Gruppo Marzotto<\/strong> e <strong>Filivivi<\/strong> celebrano il bicentenario di Lanerossi, fondata da Francesco Rossi a Schio, con la mostra <strong>IL FILO ROSSO DELLE IDEE. LANEROSSI 200 ANNI<\/strong> che si terr\u00e0 a Firenze: dal 13 al 16 giugno 2017 a La Limonaia di Villa Vittoria (in occasione di Pitti Uomo); e dal 28 al 30 giugno 2017, al Teatrino Lorenese della Fortezza da Basso (in occasione di Pitti Filati).<\/p>\n<p>L\u2019esposizione vuole evidenziare la notevole qualit\u00e0 della comunicazione che Lanerossi ha utilizzato nella sua storia, avvalendosi di materiali pressoch\u00e9 sconosciuti al grande pubblico.<\/p>\n<p>La ricostruzione della storia degli artefatti comunicativi &#8211; ovvero di uno degli strumenti indispensabili per costruire l\u2019identit\u00e0 e veicolare i valori aziendali &#8211; \u00e8 la modalit\u00e0 scelta per raccontare i contesti economici, produttivi, sociali e culturali che hanno contraddistinto le vicende di una delle maggiori industrie italiane del settore tessile e leader europeo nei primi anni del Novecento.<\/p>\n<p>E, attraverso la storia di questo marchio, raccontare anche quella, per certi versi intimamente legata, dell\u2019intero Paese.<\/p>\n<p>Il percorso espositivo sceglie perci\u00f2 di privilegiare l\u2019intreccio fra le opere dei maggiori autori che hanno collaborato con l\u2019azienda a partire dagli anni Trenta del Novecento \u2013 artisti e designer come Adolfo Busi, Studio Stile, Armando Testa, Pino Tovaglia, Severo Pozzati, Claudia Morgagni, o fotografi come Mauro Masera e Ugo Mulas \u2013 e alcuni strumenti specifici sviluppati gi\u00e0 nel secolo precedente, fra i quali i campionari di tessuti, le etichette dei filati, la stampa aziendale o le iniziative calcistiche.<\/p>\n<p>La Mostra utilizza materiali provenienti dallo straordinario patrimonio rappresentato dall\u2019Archivio Storico Lanerossi di Schio, di propriet\u00e0 del Gruppo Marzotto.<\/p>\n<p>Con il Marchio Lanerossi, Marzotto progetta, produce e commercializza coperte\/plaid e tessuti.<\/p>\n<p>Filivivi, licenziataria del marchio Lanerossi Filati di propriet\u00e0 del Gruppo Marzotto, produce e distribuisce in esclusiva i filati di lana con questo brand.<\/p>\n<p>La mostra \u00e8 curata da Alessandra Bosco e Fiorella Bulegato e allestita dallo studio Rovai&amp;Weber<\/p>\n<p>Si ringrazia il Comune di Schio per la fattiva collaborazione.<\/p>\n<p>Il <strong>Lanificio Rossi<\/strong> (poi abbreviato in Lanerossi) \u00a0nasce nel 1817 a Schio, nella provincia di Vicenza, \u00a0per iniziativa di Francesco Rossi, ma \u00e8 al figlio \u00a0Alessandro che si deve lo sviluppo della impresa. Alessandro Rossi assume la \u00a0direzione nel 1849, e trasforma l\u2019azienda in una delle maggiori industrie italiane. Agli inizi del novecento la Societ\u00e0 conta numerosi stabilimenti nel vicentino. E se la Marzotto realizza a Valdagno la Citta Sociale, complesso di opere assistenziali e ricreative, Lanerossi realizza a Schio i quartieri operai, i dopo lavoro, opere sociali.<\/p>\n<p>Nella prima met\u00e0 del novecento la Societ\u00e0 prosegue nel suo cammino di sviluppo. Nel 1955 \u00a0la Lanerossi entra in crisi, e nel 1962 L\u2019ENI opera uno di quelli che la politica e i giornali del tempo chiamano \u201csalvataggi\u201d, rilevando la Societ\u00e0. In quegli anni il nome della Societ\u00e0 si lega indissolubilmente alla squadra di calcio del Vicenza , che si chiama \u201c Lanerossi Vicenza\u201d. \u00a0Nel 1987 la Marzotto rileva la Lanerossi dal Gruppo ENI.<\/p>\n<p>Oggi, con il marchio Lanerossi, il Gruppo Marzotto progetta, produce e distribuisce Tessuti e Arredo Casa. Il Gruppo Filivivi \u00a0(nato nel 2005 dalla fusione tra la divisione Lanerossi Filati e Manifattura Lane Folco) \u00e8 licenziatario del marchio Lanerossi Filati, di propriet\u00e0 della Marzotto.<\/p>\n<p>Il Gruppo Marzotto \u00e8 leader globale nel settore del tessile per abbigliamento e arredo, con un\u2019ampia offerta che comprende tessuti di lana, seta, cotone, velluto, tessuti stampati, filati di lino, prodotti per arredo. Vocazione internazionale \u2013 circa il 70% dei ricavi sono realizzati all\u2019estero -, collaborazione con i brand della Moda, ricerca, innovazione nel prodotto e nelle tecnologie , sono i tratti distintivi della impresa.\u00a0\u00a0 Nel 1987 il Gruppo ha acquisito la Lanerossi. Con il Marchio Lanerossi, Marzotto progetta, produce e commercializza coperte\/plaid e tessuti.<\/p>\n<p>Filivivi \u00e8 leader europeo nel settore dei filati lanieri per maglieria, con una proposta di prodotti pettinati e cardati, tradizionali e innovativi, tutti offerti in una gamma di colori in stock service, che spazia dai toni classici a proposte pi\u00f9 creative, e distribuiti su scala globale. Oltre al marchio Lanerossi Filati, di cui \u00e8 licenziataria, produce e distribuisce filati a marchio Folco e Filivivi coprendo gran parte delle esigenze del mercato, a partire da mischie con fibre nobili, ai filati in lana merinos e fibra acrilica. Le nuove collezioni Lanerossi, Folco e Filivivi verranno presentate in occasione del prossimo Pitti Filati.<\/p>\n<p><em>In occasione di Pitti Immagine Uomo 92<\/em> a Firenze Villa Vittoria, La Limonaia &#8211; 13 -16 giugno 2017\u00a0 orario:9-18; 9-16 (ultimo giorno)<\/p>\n<p><em>In occasione di Pitti Filati 81<\/em><\/p>\n<p>Firenze Fortezza da Basso, Teatrino Lorenese &#8211; 28-30 giugno 2017 orario:9-18; 9_16 (ultimo giorno)<\/p>\n<p>#Lanerossi200years<\/p>\n<p>&nbsp;<\/p>\n","protected":false},"excerpt":{"rendered":"<p>Il Gruppo Marzotto e Filivivi celebrano il bicentenario di Lanerossi, fondata da Francesco Rossi a Schio, con la mostra IL FILO ROSSO DELLE IDEE. LANEROSSI 200 ANNI che si terr\u00e0 a Firenze: dal 13 al 16 giugno 2017 a La Limonaia di Villa Vittoria (in occasione di Pitti Uomo); e dal 28 al 30 giugno &hellip; <a href=\"https:\/\/www.gdapress.it\/it\/index.php\/63446\/costume\/firenze-filo-rosso-delle-idee-lanerossi-200-anni-mostra.html\" class=\"more-link\">Read more <span class=\"screen-reader-text\">A Firenze \u201cIl Filo Rosso delle Idee. Lanerossi 200 anni\u201d in mostra<\/span><\/a><\/p>\n","protected":false},"author":3,"featured_media":63447,"comment_status":"closed","ping_status":"open","sticky":false,"template":"","format":"standard","meta":{"footnotes":""},"categories":[2244],"tags":[1234,20156],"class_list":["post-63446","post","type-post","status-publish","format-standard","has-post-thumbnail","hentry","category-costume","tag-firenze","tag-lanerossi"],"_links":{"self":[{"href":"https:\/\/www.gdapress.it\/it\/index.php\/wp-json\/wp\/v2\/posts\/63446","targetHints":{"allow":["GET"]}}],"collection":[{"href":"https:\/\/www.gdapress.it\/it\/index.php\/wp-json\/wp\/v2\/posts"}],"about":[{"href":"https:\/\/www.gdapress.it\/it\/index.php\/wp-json\/wp\/v2\/types\/post"}],"author":[{"embeddable":true,"href":"https:\/\/www.gdapress.it\/it\/index.php\/wp-json\/wp\/v2\/users\/3"}],"replies":[{"embeddable":true,"href":"https:\/\/www.gdapress.it\/it\/index.php\/wp-json\/wp\/v2\/comments?post=63446"}],"version-history":[{"count":1,"href":"https:\/\/www.gdapress.it\/it\/index.php\/wp-json\/wp\/v2\/posts\/63446\/revisions"}],"predecessor-version":[{"id":63448,"href":"https:\/\/www.gdapress.it\/it\/index.php\/wp-json\/wp\/v2\/posts\/63446\/revisions\/63448"}],"wp:featuredmedia":[{"embeddable":true,"href":"https:\/\/www.gdapress.it\/it\/index.php\/wp-json\/wp\/v2\/media\/63447"}],"wp:attachment":[{"href":"https:\/\/www.gdapress.it\/it\/index.php\/wp-json\/wp\/v2\/media?parent=63446"}],"wp:term":[{"taxonomy":"category","embeddable":true,"href":"https:\/\/www.gdapress.it\/it\/index.php\/wp-json\/wp\/v2\/categories?post=63446"},{"taxonomy":"post_tag","embeddable":true,"href":"https:\/\/www.gdapress.it\/it\/index.php\/wp-json\/wp\/v2\/tags?post=63446"}],"curies":[{"name":"wp","href":"https:\/\/api.w.org\/{rel}","templated":true}]}}