
{"id":63431,"date":"2017-07-14T09:54:35","date_gmt":"2017-07-14T07:54:35","guid":{"rendered":"http:\/\/www.gdapress.it\/it\/?p=63431"},"modified":"2017-07-17T10:00:15","modified_gmt":"2017-07-17T08:00:15","slug":"locomotive-jazz-festival-2017","status":"publish","type":"post","link":"https:\/\/www.gdapress.it\/it\/index.php\/63431\/musica\/locomotive-jazz-festival-2017.html","title":{"rendered":"LOCOMOTIVE\u00a0JAZZ FESTIVAL 2017"},"content":{"rendered":"<p class=\"x_NoSpacing\" align=\"center\"><img loading=\"lazy\" decoding=\"async\" class=\"alignnone size-large wp-image-63432\" src=\"http:\/\/www.gdapress.it\/it\/..\/public\/it\/2017\/07\/Foto_Locomotiva_treno_Inaugurazione03-500x334.jpg\" alt=\"\" width=\"500\" height=\"334\" srcset=\"https:\/\/www.gdapress.it\/it\/..\/public\/it\/2017\/07\/Foto_Locomotiva_treno_Inaugurazione03-500x334.jpg 500w, https:\/\/www.gdapress.it\/it\/..\/public\/it\/2017\/07\/Foto_Locomotiva_treno_Inaugurazione03-300x201.jpg 300w, https:\/\/www.gdapress.it\/it\/..\/public\/it\/2017\/07\/Foto_Locomotiva_treno_Inaugurazione03-768x514.jpg 768w, https:\/\/www.gdapress.it\/it\/..\/public\/it\/2017\/07\/Foto_Locomotiva_treno_Inaugurazione03-720x480.jpg 720w, https:\/\/www.gdapress.it\/it\/..\/public\/it\/2017\/07\/Foto_Locomotiva_treno_Inaugurazione03-272x182.jpg 272w, https:\/\/www.gdapress.it\/it\/..\/public\/it\/2017\/07\/Foto_Locomotiva_treno_Inaugurazione03.jpg 800w\" sizes=\"auto, (max-width: 500px) 100vw, 500px\" \/><\/p>\n<p class=\"x_NoSpacing\" align=\"center\">Dal 14\u00a0<span id=\"0.5168083197709548\" class=\"highlight\">luglio<\/span>\u00a0all\u20191 agosto<\/p>\n<p class=\"x_NoSpacing\" align=\"center\">\u201cLa Musica nasce dalle periferie\u201d<\/p>\n<p class=\"x_NoSpacing\" align=\"center\">Il Locomotive Jazz Festival 2017 torna alle origini della musica e accende un territorio<\/p>\n<p class=\"x_MsoNoSpacing\" align=\"center\"><a href=\"http:\/\/www.locomotivejazzfestival.it\/\" target=\"_blank\" rel=\"noopener noreferrer\">www.locomotivejazzfestival.it<\/a>\u00a0#locomotivejf<\/p>\n<p class=\"x_MsoNoSpacing\" align=\"center\"><b>video promo<\/b>\u00a0<a href=\"https:\/\/youtu.be\/Pli8jo3Wu3Q\" target=\"_blank\" rel=\"noopener noreferrer\">https:\/\/youtu.be\/Pli8jo3Wu3Q<\/a><\/p>\n<p class=\"x_NoSpacing\">\n<p class=\"x_NoSpacing\"><b>Dal 14 all\u20191 agosto, torna anche quest&#8217;anno il Locomotive Jazz Festival<\/b>, uno degli appuntamenti pi\u00f9 attesi dell&#8217;estate salentina, giunto ormai alla sua XII edizione, organizzato dall\u2019Associazione Locomotive con la direzione artistica di\u00a0<b>Raffaele Casarano<\/b>. Il percorso sar\u00e0\u00a0<b>composto da tappe<\/b>\u00a0e godr\u00e0 di differenti\u00a0<b>location in<\/b>\u00a0<b>Salento e in Puglia<\/b>.<\/p>\n<p class=\"x_MsoNoSpacing\">\n<p class=\"x_MsoNoSpacing\"><b>10 giorni<\/b>\u00a0con\u00a0<b>30 appuntamenti<\/b>\u00a0e circa\u00a0<b>100 artisti ospiti<\/b>, dislocati tra le\u00a0<b>18 location<\/b>\u00a0sparse tra la\u00a0<b>provincia di Lecc<\/b>e e non solo. Tra i molti musicisti in cartellone, sono attesi anche<b>Richard Bona<\/b>,\u00a0<b>Noa<\/b>, Paolo\u00a0<b>Fresu<\/b>, Danilo\u00a0<b>Rea<\/b>, Federico<b>\u00a0Zampaglione<\/b>, Stefania\u00a0<b>Rocca<\/b>\u00a0ed Eugenio\u00a0<b>Finardi<\/b>\u00a0accompagnati dal Raffaele\u00a0<b>Casarano<\/b>\u00a04et, Ada\u00a0<b>Montellanico<\/b>, Gabriele<b>Mirabassi<\/b>\u00a0con Roberto\u00a0<b>Taufic<\/b>\u00a0e\u00a0<b>Tosca<\/b>,\u00a0<b>Dhafer<\/b>\u00a0<b>Youssef<\/b>, Daniele di\u00a0<b>Bonaventura<\/b>\u00a0e molti altri. Il Locomotive Jazz Festival non \u00e8 solo musica ma anche\u00a0<b>turismo<\/b>, appuntamenti<b>enogastronomici<\/b>,\u00a0<b>viaggi in locomotiva a vapore<\/b>, premi e\u00a0<b>borse di studio<\/b>, seminari di\u00a0<b>fotografia<\/b>,\u00a0<b>escursioni<\/b>\u00a0artistiche e paesaggistiche.<b><\/b><\/p>\n<p class=\"x_MsoNoSpacing\">\n<p class=\"x_NoSpacing\"><b><i>La Musica nasce dalle Periferie<\/i><\/b><i>,\u00a0<\/i>questo il<b>\u00a0concept che verr\u00e0 declinato<\/b>\u00a0nel corso delle giornate e che rappresenta il sottofondo concettuale scelto per raccontare l&#8217;edizione 2017. Le periferie sono il luogo dell&#8217;incontro tra le diversit\u00e0, dove avviene lo scambio e il riconoscimento. Sono l&#8217;avamposto del mondo, dove spesso le cose prendono strade inusuali e giocano a trasformarsi, cambiare, ricrearsi, rigenerarsi e dettare nuove regole.<i><\/i><\/p>\n<p class=\"x_NoSpacing\"><i>La musica nasce dove c&#8217;\u00e8 bisogno di un maggiore sforzo di gentilezza<\/i>\u00a0\u2013\u00a0<b>dichiara il musicista e direttore artistico Raffaele Casarano<\/b>\u00a0&#8211;\u00a0<i>e dove c&#8217;\u00e8 il tempo necessario per pensarsi e pensare la realt\u00e0 in cui si vive. Ecco perch\u00e9 il LJF 2017 vuole ritornare dove c&#8217;\u00e8 stato un inizio, per riassaporare quel che vuol dire essere lontani da tutto, eppure cos\u00ec vicini all&#8217;essenza di quel che accade, senza perdere l&#8217;attenzione. Questo nuovo viaggio musicale, inoltre, avverr\u00e0 in un territorio che \u00e8 spesso considerato s\u00ec, un piccolo angolo di bellezza e storia, ma comunque periferico e lontano da tutti i centri, siano essi quelli metropolitani o quelli dove la musica stessa ha pi\u00f9 possibilit\u00e0 di essere ascoltata e fruita<\/i>.<\/p>\n<p class=\"x_NoSpacing\">\n<p class=\"x_NoSpacing\">Si rinnova l\u2019impegno del Festival nell\u2019assegnazione delle\u00a0<b>borse di studio \u201cLocomotive Giovani\u201d,<\/b>\u00a0con la partecipazione di\u00a0<b>giovani musicisti sul palco dell\u2019Anfiteatro Romano<\/b>\u00a0di Lecce, insieme ai nomi di spicco del jazz italiano. Il LJF gode, inoltre, del supporto di\u00a0<b>Radio1 Rai come media partner ufficiale<\/b>\u00a0dell\u2019edizione 2017. Fondamentale, soprattutto per lo sviluppo del tema di questa XII edizione del Festival, \u00e8 la\u00a0<b>collaborazione con l&#8217;Universit\u00e0 del Salento<\/b>.<\/p>\n<p class=\"x_NoSpacing\">\n<p class=\"x_NoSpacing\">Si parte\u00a0<b>venerd\u00ec 14\u00a0<span id=\"0.157837024972453\" class=\"highlight\">luglio<\/span>\u00a0alle 21.30<\/b>, al Palazzo Baronale di Monteroni di Lecce, con il concerto in\u00a0<b>piano solo di Danilo Rea<\/b>, preceduto dalla conferenza stampa \u201cLa Musica nasce dalle Periferie\u201d in collaborazione con l\u2019Universit\u00e0 del Salento e dalla consegna del \u201cPremio Ricerca e Innovazione 2017 \u2013 Citt\u00e0 di Monteroni\u201d, riconoscimento delle eccellenze dell\u2019Universit\u00e0 del Salento.<\/p>\n<p class=\"x_NoSpacing\">\n<p class=\"x_NoSpacing\"><b>Sabato 22\u00a0<span id=\"0.9490195165005815\" class=\"highlight\">luglio<\/span>\u00a0a Lecce\u00a0<\/b>sar\u00e0 la<b>\u00a0giornata dell\u2019Aver Cura Day<\/b>, dedicata completamente al virtuoso\u00a0<b>recupero delle opere d\u2019arte e alla tutela delle bellezze<\/b>\u00a0che ci circondano. Appuntamento alle 19.00 in piazza Sant\u2019Oronzo, con la sonorizzazione del restauro del mosaico \u201cLa Lupa\u201d e il piano solo del pianista e trombettista siciliano Dino Rubino. Poco dopo, alle 19.30,\u00a0<b>Paolo Fresu\u00a0<\/b><b>suoner\u00e0 in solo<\/b>, sull&#8217;impalcatura dalla quale sta proseguendo l&#8217;opera di restauro della Basilica di Santa Croce. L\u2019Aver Cura Day termina alle 22.00 al Rettorato dell\u2019Universist\u00e0 del Salento con il\u00a0<b>concerto di Paolo Fresu \u201cAround Tuk\u201d<\/b>\u00a0che ospiter\u00e0 i musicisti della sua etichetta, la Tuk Records:\u00a0Raffaele Casarano, Dino Rubino, Mirko Signorile, Marco Bardoscia ed Enrico Morello.<\/p>\n<p class=\"x_NoSpacing\">\n<p class=\"x_NoSpacing\">Evento unico ed esclusivo quello di\u00a0<b>domenica<\/b><b>\u00a023\u00a0<span id=\"0.6389279109381669\" class=\"highlight\">luglio<\/span><\/b>, intitolato \u201c<b>From Station to Station Vintage Edition 2017<\/b>\u00a0\u2013 progetto Binario Sonoro Puglia-Basilicata\u201d, che fa parte del primo appuntamento della Trilogia Locomotive (tramonto, notte, alba), in questo caso \u201ctramonto Locomotive\u201d. Alle\u00a0<span id=\"0.9802885783148922\" class=\"highlight\">17<\/span>.00 dopo il concerto in piano solo del pianista pugliese Mirko Signorile alla stazione di Bari Centrale e la successiva\u00a0<b>inaugurazione di una locomotiva a vapore del 1931<\/b>,\u00a0<b>si parte alla volta di Matera<\/b>\u00a0sul treno d\u2019epoca composto\u00a0da cinque vagoni, 2 di prima classe e gli altri di terza. Dopo la sosta a Grumo Appula, Toritto e ad Altamura con degustazione, arrivo previsto alle 21.30 alla stazione Villa Longo, alle porte di Matera. A seguire,\u00a0<b>passeggiata sonora tra i Sassi\u00a0<\/b>con \u201cLocomotive Orchestra\u201d e la<b>\u00a0partecipazione straordinaria dell\u2019attrice Stefania Rocca<\/b>. Infine, appuntamento alla\u00a0<b>Casa Cava di Matera<\/b>\u00a0con il concerto di Raffaele Casarano e jam session finale con ospiti. L\u2019evento del 23\u00a0<span id=\"0.59851006632835\" class=\"highlight\">luglio<\/span>\u00a0\u00e8 organizzato dal LJF, Ferrovie Appulo Lucane con la collaborazione di Gezziamoci Festival Ass. Onyx Jazz Club.<\/p>\n<p class=\"x_NoSpacing\">\n<p class=\"x_NoSpacing\"><b>Luned\u00ec 24\u00a0<span id=\"0.17645641532242728\" class=\"highlight\">luglio<\/span><\/b>, dalle 10.30 alle 19 alla Sala Conferenze Links-MT di Lecce,\u00a0<b>seminario di fotografia<\/b>\u00a0dal titolo \u201cPunti di Svolta\u201d, a cura di Andrea Boccalini e Flavio&amp;Frank. I partecipanti saranno coinvolti in un progetto di ritrattistica legato al Locomotive e avranno accesso a tutti gli eventi in programma.<\/p>\n<p class=\"x_NoSpacing\">\n<p class=\"x_NoSpacing\"><b>Mercoled\u00ec 26<\/b>\u00a0<b><span id=\"0.5917545548893883\" class=\"highlight\">luglio<\/span><\/b>\u00a0a Giurdignano (LE), appuntamento alle 18 all\u2019interno del Palazzo Baronale con l\u2019incontro\u00a0\u201cLa musica nella vita di una periferia\u201d insieme a Raffaele Casarano, Ada Montellanico (presidente Midj Italia) e giovani studenti di Giurdignano. A seguire, passeggiata sonora e gastronomica verso il Giardino Megalitico d\u2019Europa, dove alle<b>\u00a021.00\u00a0<\/b>si terr\u00e0 il concerto<b>\u00a0\u201cLumina\u201d<\/b>\u00a0(anteprima Tuk Music) con Carla Casarano alla voce, Leila Shirvani al violoncello, William Greco al piano, Marco Bardoscia al contrabbasso ed Emanuele Maniscalco alla batteria.<b>\u00a0Alle 22.00<\/b>, il concerto<b>\u00a0omaggio\u00a0<\/b>alla grande<b>\u00a0Abbey Lincoln<\/b>, intitolato \u201cAbbey\u2019s Road\u201d,\u00a0<b>di Ada Montellanico\u00a0<\/b>special guest\u00a0<b>Giovanni Falzone<\/b>\u00a0con Matteo Bortone, Filippo Vignato, Ermanno Baron. Alle\u00a0<b>23.00<\/b>, il concerto \u201cUm Brasil Diferente\u201d di\u00a0<b>Gabriele Mirabassi<\/b>\u00a0e\u00a0<b>Roberto Taufic<\/b>\u00a0con ospite la cantante\u00a0<b>Tosca<\/b>.<b><\/b><\/p>\n<p class=\"x_NoSpacing\">\n<p class=\"x_NoSpacing\">La giornata di\u00a0<b>gioved\u00ec 27\u00a0<span id=\"0.8305718364757106\" class=\"highlight\">luglio<\/span><\/b>\u00a0si sviluppa con due appuntamenti principali: al Castello di Acaya alle 20.30, concerto \u201cPurple Whales \u2013 Jimi Hendrix\u201d con un formidabile quintetto composto da Simone Graziano, Alessandro Lanzoni, Naomi Berrill, Francesco Bigoni e Stefano Tamborrino.<\/p>\n<p class=\"x_NoSpacing\">Chiude la giornata il\u00a0<b>concerto evento di Federico Zampaglione,<\/b>\u00a0alle 23.30 al Parco Naturale delle Cesine, strada bianca; secondo evento della Trilogia &#8211;<b>\u00a0<\/b>Notte Locomotive. (<span lang=\"EN-US\">L<\/span>ocomotive sostiene la tutela del territorio e la salvaguardia dei luoghi naturali. Per accedere all&#8217;area evento \u00e8 necessario ritirare i sacchetti ecologici al costo di 1\u20ac).<\/p>\n<p class=\"x_NoSpacing\">\n<p class=\"x_NoSpacing\"><b>Venerd\u00ec 28\u00a0<span id=\"0.005523193522793957\" class=\"highlight\">luglio<\/span><\/b>, appuntamento dalle ore 22.00 a Tricase, all\u2019interno della Masseria Abbracciavento in C.da Cupole, con \u201cDa questa parte del mare\u201d, letture tratte dal\u00a0<b>libro di Gianmaria Testa<\/b>\u00a0a cui seguir\u00e0 live dj set, aspettando l\u2019Alba Locomotive.<\/p>\n<p class=\"x_NoSpacing\">Si chiude con l\u2019\u201dAlba Locomotive\u201d, a Marina Serra di Tricase, ore 04.00, la trilogia Locomotive 2017 con il\u00a0<b>concerto evento di Noa &amp; Band \u201cLove Medicine\u201d<\/b>. Insieme a Noa, anche Gil Dor, Adam Ben-Ezra e Gadi Seri. (<span lang=\"EN-US\">L<\/span>ocomotive sostiene la tutela del territorio e la salvaguardia dei luoghi naturali. Per accedere all&#8217;area evento \u00e8 necessario ritirare i sacchetti ecologici al costo di 1\u20ac).<\/p>\n<p class=\"x_NoSpacing\">\n<p class=\"x_NoSpacing\">Come ogni anno, sar\u00e0 l\u2019<b>Anfiteatro Romano di Lecce<\/b>\u00a0ad ospitare i concerti degli ultimi giorni del Festival, che saranno aperti ogni volta alle 21.00 da Luca Bandirali \u201cStreet Selecta\u201d.<b>Sabato 29\u00a0<span id=\"0.23895359833357066\" class=\"highlight\">luglio<\/span><\/b>, appuntamento alle 21.30 con il concerto \u201cLocomotive Giovani 2017\u201d, special guest il trombettista Flavio Boltro. Alle\u00a0<b>22.30 il concerto evento del cantante e compositore tunisino Dhafer Yousseff,\u00a0<\/b>con il progetto Diwan of Beauty Odd<b>.<\/b><\/p>\n<p class=\"x_NoSpacing\">\n<p class=\"x_NoSpacing\"><b>Domenica 30\u00a0<span id=\"0.484920054032173\" class=\"highlight\">luglio<\/span><\/b>, appuntamento alle 21.30 con il concerto evento e reading sonoro sul tema \u201cperiferie\u201d con il\u00a0<b>Raffaele Casarano jazz 4et<\/b>\u00a0e con la partecipazione di\u00a0<b>Stefania Rocca ed Eugenio Finardi<\/b>. Sul palco anche Mirko Signorile, Luca Alemanno e Dario Congedo (L\u2019intero\u00a0<b>incasso sar\u00e0 devoluto<\/b>\u00a0a Tria Corda Onlus per la costruzione del\u00a0<b>Polo Pediatrico<\/b>\u00a0del Salento).<\/p>\n<p class=\"x_NoSpacing\">\n<p class=\"x_NoSpacing\"><b>Luned\u00ec 31\u00a0<span id=\"0.08939907995402274\" class=\"highlight\">luglio<\/span><\/b>,\u00a0appuntamento alle 21.30 con il concerto \u201cLocomotive Giovani 2017\u201d special guest il chitarrista Bebo Ferra. Alle 22.30 il\u00a0<b>concerto evento del fisarmonicista Daniele di Bonaventura<\/b>\u00a0con il progetto \u201cTango Suite &#8211; Remembering Astor Piazzolla\u201d, insieme all\u2019Orchestra d\u2019Archi del Laboratorio Musica da Camera Conservatorio T. Schipa di Lecce.<\/p>\n<p class=\"x_NoSpacing\">La mattina del 31, alle ore 10.00 nella Chiesetta S. Maria di Pozzuolo nel Quartiere San Pio, il progetto speciale dedicato alle periferie intitolato \u201cIl Suono della Pioggia\u201d a cura di Hakuna Matata.<\/p>\n<p class=\"x_NoSpacing\">\n<p class=\"x_NoSpacing\"><b>Marted\u00ec 1 agosto<\/b>, dopo l\u2019assegnazione alle 21.30 delle borse di studio \u201cLocomotive Giovani 2017\u201d, appuntamento alle 22.00 per il\u00a0<b>concerto evento di Richard Bona<\/b>\u00a0\u201cManteka Cubano\u201d con una\u00a0<b>formazione stellare<\/b>\u00a0composta da Richard Bona,\u2028 Ludwig Alfonso, \u2028Osmany Paredes,\u2028Luisito Quintero e Roberto Quintero,\u2028 Rey Alejandre e Dennis Hernandez.<\/p>\n<p class=\"x_NoSpacing\">La mattina dell\u20191 agosto, alle ore 10.00 nella Chiesetta S. Maria di Pozzuolo nel Quartiere San Pio, il progetto speciale dedicato alle periferie intitolato \u201cMusical\u2026mente\u201d a cura di Baraonda.<\/p>\n<p class=\"x_MsoNoSpacing\">\n<p class=\"x_MsoNoSpacing\">Partner Istituzionali: Mibact, Regione Puglia, Comune di Lecce, Monteroni di Lecce, Vernole, Giurdignano, Tricase, Matera.<\/p>\n<p class=\"x_MsoNoSpacing\">Partner: Universit\u00e0 del Salento, Radio 1, Conservatorio &#8220;Tito Schipa&#8221; di Lecce.<\/p>\n<p class=\"x_MsoNoSpacing\">Sponsor: Dreher, Links-MT spa, Valentino Nicol\u00ec Spa, Banca Popolare Pugliese.<\/p>\n<p class=\"x_NoSpacing\">\n<p class=\"x_NoSpacing\"><b>LOCOMOTIVE JAZZ FESTIVAL<\/b><br \/>\ninfo e prenotazioni: tel. 345 1089622<br \/>\ne-mail:\u00a0<a href=\"mailto:info@locomotivejazzfestival.it\" target=\"_blank\" rel=\"noopener noreferrer\">info@locomotivejazzfestival.it<\/a><\/p>\n<p class=\"x_NoSpacing\">\n<p class=\"x_NoSpacing\"><b>SOCIAL<\/b><\/p>\n<p class=\"x_NoSpacing\">Facebook\u00a0<a href=\"http:\/\/www.facebook.com\/LocomotiveJazzFestival\" target=\"_blank\" rel=\"noopener noreferrer\">www.facebook.com\/LocomotiveJazzFestival<\/a><\/p>\n<p class=\"x_NoSpacing\">Twitter twitter.com\/LJF_Locomotive<\/p>\n<p class=\"x_NoSpacing\">Instagram\u00a0<a href=\"http:\/\/www.instagram.com\/locomotive_jazz_festival\" target=\"_blank\" rel=\"noopener noreferrer\">www.instagram.com\/locomotive_jazz_festival<\/a><\/p>\n<p class=\"x_NoSpacing\">Yuotube\u00a0<a href=\"http:\/\/www.youtube.com\/channel\/UCaSjo3k5HfVsTy_grHXcMgA\" target=\"_blank\" rel=\"noopener noreferrer\">www.youtube.com\/channel\/UCaSjo3k5HfVsTy_grHXcMgA<\/a><\/p>\n<p class=\"x_NoSpacing\">\n","protected":false},"excerpt":{"rendered":"<p>Dal 14\u00a0luglio\u00a0all\u20191 agosto \u201cLa Musica nasce dalle periferie\u201d Il Locomotive Jazz Festival 2017 torna alle origini della musica e accende un territorio www.locomotivejazzfestival.it\u00a0#locomotivejf video promo\u00a0https:\/\/youtu.be\/Pli8jo3Wu3Q Dal 14 all\u20191 agosto, torna anche quest&#8217;anno il Locomotive Jazz Festival, uno degli appuntamenti pi\u00f9 attesi dell&#8217;estate salentina, giunto ormai alla sua XII edizione, organizzato dall\u2019Associazione Locomotive con la direzione &hellip; <a href=\"https:\/\/www.gdapress.it\/it\/index.php\/63431\/musica\/locomotive-jazz-festival-2017.html\" class=\"more-link\">Read more <span class=\"screen-reader-text\">LOCOMOTIVE\u00a0JAZZ FESTIVAL 2017<\/span><\/a><\/p>\n","protected":false},"author":3,"featured_media":63432,"comment_status":"closed","ping_status":"open","sticky":false,"template":"","format":"standard","meta":{"footnotes":""},"categories":[19],"tags":[20153,1458,6007],"class_list":["post-63431","post","type-post","status-publish","format-standard","has-post-thumbnail","hentry","category-musica","tag-locomotive-jazz-festival-2017","tag-puglia","tag-salento"],"_links":{"self":[{"href":"https:\/\/www.gdapress.it\/it\/index.php\/wp-json\/wp\/v2\/posts\/63431","targetHints":{"allow":["GET"]}}],"collection":[{"href":"https:\/\/www.gdapress.it\/it\/index.php\/wp-json\/wp\/v2\/posts"}],"about":[{"href":"https:\/\/www.gdapress.it\/it\/index.php\/wp-json\/wp\/v2\/types\/post"}],"author":[{"embeddable":true,"href":"https:\/\/www.gdapress.it\/it\/index.php\/wp-json\/wp\/v2\/users\/3"}],"replies":[{"embeddable":true,"href":"https:\/\/www.gdapress.it\/it\/index.php\/wp-json\/wp\/v2\/comments?post=63431"}],"version-history":[{"count":1,"href":"https:\/\/www.gdapress.it\/it\/index.php\/wp-json\/wp\/v2\/posts\/63431\/revisions"}],"predecessor-version":[{"id":63433,"href":"https:\/\/www.gdapress.it\/it\/index.php\/wp-json\/wp\/v2\/posts\/63431\/revisions\/63433"}],"wp:featuredmedia":[{"embeddable":true,"href":"https:\/\/www.gdapress.it\/it\/index.php\/wp-json\/wp\/v2\/media\/63432"}],"wp:attachment":[{"href":"https:\/\/www.gdapress.it\/it\/index.php\/wp-json\/wp\/v2\/media?parent=63431"}],"wp:term":[{"taxonomy":"category","embeddable":true,"href":"https:\/\/www.gdapress.it\/it\/index.php\/wp-json\/wp\/v2\/categories?post=63431"},{"taxonomy":"post_tag","embeddable":true,"href":"https:\/\/www.gdapress.it\/it\/index.php\/wp-json\/wp\/v2\/tags?post=63431"}],"curies":[{"name":"wp","href":"https:\/\/api.w.org\/{rel}","templated":true}]}}