
{"id":63422,"date":"2017-07-07T09:10:02","date_gmt":"2017-07-07T07:10:02","guid":{"rendered":"http:\/\/www.gdapress.it\/it\/?p=63422"},"modified":"2017-07-17T09:15:22","modified_gmt":"2017-07-17T07:15:22","slug":"la-stagione-estiva-lagordino-la-val-zoldo-sulle-dolomiti-bellunesi","status":"publish","type":"post","link":"https:\/\/www.gdapress.it\/it\/index.php\/63422\/turismo\/la-stagione-estiva-lagordino-la-val-zoldo-sulle-dolomiti-bellunesi.html","title":{"rendered":"La stagione estiva tra l&#8217;Agordino e la Val di Zoldo sulle Dolomiti Bellunesi"},"content":{"rendered":"<table>\n<tbody>\n<tr>\n<td>\n<div><img loading=\"lazy\" decoding=\"async\" class=\"alignnone size-large wp-image-63423\" src=\"http:\/\/www.gdapress.it\/it\/..\/public\/it\/2017\/07\/marmolada_serauta-500x375.jpg\" alt=\"\" width=\"500\" height=\"375\" srcset=\"https:\/\/www.gdapress.it\/it\/..\/public\/it\/2017\/07\/marmolada_serauta-500x375.jpg 500w, https:\/\/www.gdapress.it\/it\/..\/public\/it\/2017\/07\/marmolada_serauta-300x225.jpg 300w, https:\/\/www.gdapress.it\/it\/..\/public\/it\/2017\/07\/marmolada_serauta-768x576.jpg 768w\" sizes=\"auto, (max-width: 500px) 100vw, 500px\" \/><\/div>\n<div><\/div>\n<div><strong>Con l&#8217;apertura degli impianti di risalita riparte la stagione estiva tra le montagne pi\u00f9 belle del mondo.\u00a0<\/strong>Le localit\u00e0 turistiche del Consorzio Dolomiti Stars,\u00a0<strong>tra l&#8217;Agordino e la Val di Zoldo sulle Dolomiti Bellunesi<\/strong>, sono pronte ad accogliere sportivi, famiglie e amanti della natura con un&#8217;ampia scelta di attivit\u00e0 ed itinerari escursionistici.<br \/>\n<strong><br \/>\nALLEGHE<\/strong><br \/>\nCABINOVIA Alleghe &#8211; Piani di Pezz\u00e8 e CABINOVIA Piani di Pezz\u00e8 &#8211; Col dei Baldi: aperte dal 24.06.<span id=\"0.6959640894260404\" class=\"currentHitHighlight\">17<\/span>\u00a0al\u00a0<span id=\"0.05490307651393822\" class=\"highlight\">17<\/span>.09.<span id=\"0.7649383292602878\" class=\"highlight\">17<\/span><\/p>\n<p>I turisti che quest\u2019estate sceglieranno Alleghe troveranno un\u2019importante novit\u00e0 ai Piani di Pezz\u00e8: l\u2019Alleghe Golf School con maestri professionisti della Montecchia Golf Accademy che faranno attivit\u00e0 di promozione offrendo la possibilit\u00e0 di provare il gioco del golf. Per chi pratica la mountain bike Alleghe Funivie propone invece il \u201cBike Pass\u201d, una tessera giornaliera che permette di raggiungere Col dei Baldi e da l\u00ec lanciarsi in splendide discese.<br \/>\n<strong><br \/>\n<\/strong><strong>SELVA DI CADORE<\/strong><br \/>\nSEGGIOVIA Pescul &#8211; Fertazza: aperta dal 15.07.<span id=\"0.7240155240920609\" class=\"highlight\">17<\/span>\u00a0al 03.09.2017<br \/>\nSEGGIOVIA Sotto &#8211; Cima Fertazza: aperta dal 22.07.2017 al 03.09.2017<\/p>\n<p>La Val Fiorentina offre la possibilit\u00e0 di diverse escursioni, adatte sia ai pi\u00f9 esperti ed allenati, sia a chi si cimenta per le prime volte sui sentieri di montagna. Da non perdere domenica 23\u00a0<span id=\"0.5368483669927815\" class=\"highlight\">luglio<\/span>\u00a0la degustazione di piatti tipici sulla terrazza del Ristoro Belvedere con vista panoramica, intrattenimento musicale delle fisarmoniche di Simone, Emil e Nicola e ricca lotteria.<\/p>\n<p><strong>VAL DI ZOLDO\u00a0<\/strong><br \/>\nCABINOVIA Pecol Pian del Crep: aperta dal 01.07.<span id=\"0.06986196362316455\" class=\"highlight\">17<\/span>\u00a0al 03.09.<span id=\"0.4337532564327711\" class=\"highlight\">17<\/span><br \/>\nSEGGIOVIA Pioda: aperta dal 08.07.<span id=\"0.13143780896351398\" class=\"highlight\">17<\/span>\u00a0al 03.09.<span id=\"0.19428056497013912\" class=\"highlight\">17<\/span><\/p>\n<p>La Val di Zoldo \u00e8 un luogo magico a misura di famiglia e tra le novit\u00e0 dell\u2019estate 2017 non potevano che esserci 2 nuovi appuntamenti in quota dedicati ai pi\u00f9 piccoli: il 13 agosto la Festa del Bambino a Pian del Crep con attivit\u00e0 di intrattenimento, pic-nic dolomitico e ottimo gelato artigianale, mentre il 20 agosto, sempre a Pian del Crep, \u00e8 in programma la Festa dello Sport con tante attivit\u00e0 tra cui un tracciato di trick ski e uno di allenamento presciistico, una slackline per simulazioni di equilibrio, tornei di calcio e pallavolo.<br \/>\n<strong><br \/>\nFALCADE e PASSO SAN PELLEGRINO<\/strong><br \/>\nFUNIVIA Col Margherita: aperta dal 24.06.2017 al\u00a0<span id=\"0.1879073816843464\" class=\"highlight\">17<\/span>.09.2017<br \/>\nCABINOVIA Falcade \u2013 Le Buse: aperta dal 08.07.2017 al 10.09.2017<br \/>\nSEGGIOVIA Le Buse \u2013 Laresei: aperta dal 05.08.2017 al 03.09.2017<\/p>\n<p>Tra le novit\u00e0 pi\u00f9 belle delle Dolomiti per l\u2019estate 2017 c\u2019\u00e8 sicuramente il Col Margherita Park, parco tematico realizzato in collaborazione con il MUSE museo delle scienze di Trento a quota 2514 metri sul Col Margherita, facilmente raggiungibile da tutti con la funivia del Passo San Pellegrino. Un progetto ludico che ha l\u2019obiettivo di trasmettere in modo giocoso nozioni scientifiche sulla storia e sulla geologia delle Dolomiti attraverso un percorso fatto da 3 diverse installazioni che parlano di vulcani, ghiacciai, isole, fondali marini, ere geologiche e testimonianze fossili.<br \/>\n<strong><br \/>\nMARMOLADA<\/strong><br \/>\nFUNIVIA MoveToTheTop: aperta dal 01.07.2017 al\u00a0<span id=\"0.9040390202343276\" class=\"highlight\">17<\/span>.09.2017<\/p>\n<p>In occasione dell\u2019apertura della funivia MoveToTheTop verr\u00e0 inaugurata la mostra \u201cL ann de la fam 1917-1918 \u2013 Il ruolo delle donne durante la guerra e dopo&#8230;\u201d sabato 1\u00a0<span id=\"0.6236702504857776\" class=\"highlight\">luglio<\/span>\u00a0dalle ore 11.00 alla stazione di Serauta, dove si trova anche il museo pi\u00f9 alto d\u2019Europa, Marmolada Grande Guerra 3000 m visitabile gratuitamente. Per l\u2019occasione, durante tutta la giornata, sar\u00e0 possibile usufruire della funivia a biglietto ridotto. Consigliata la salita fino alla terrazza panoramica di Punta Rocca per godere di una vista mozzafiato sulle Dolomiti e, scendendo pochi gradini, la Grotta della Madonna consacrata da Giovanni Paolo II.<br \/>\n<strong><br \/>\nARABBA<\/strong><br \/>\nSEGGIOVIA Maria (Saletei-Pordoi): aperta dal 16\/06\/2017 al\u00a0<span id=\"0.933527436975625\" class=\"highlight\">17<\/span>\/09\/2017<br \/>\nFUNIFOR Arabba-Portavescovo: aperta dal\u00a0<span id=\"0.6578801123895448\" class=\"highlight\">17<\/span>\/06\/2017 al 24\/09\/2017<br \/>\nSEGGIOVIA \u00a0Campolongo-Bec de Roces: aperta dal 18\/06\/2017 al 24\/09\/2017<br \/>\nSEGGIOVIA \u00a0Arabba-Monte Burz: aperta dal 25\/06\/2017 al\u00a0<span id=\"0.6369922186712498\" class=\"highlight\">17<\/span>\/09\/2017<br \/>\nSEGGIOVIA Padon 2: aperta dal 01\/07\/2017 al 10\/09\/2017<br \/>\nSEGGIOVIA Cherz 1: aperta dal 02\/07\/2017 al 03\/09\/2017<\/p>\n<p>Situata ai piedi del massiccio del Sella, Arabba \u00e8 una delle mete dolomitiche pi\u00f9 ambite dagli escursionisti. Tra gli itinerari consigliati la famosa Viel dal Pan, che parte dalla stazione a monte della funivia di Porta Vescovo, a quota 2500 di altitudine, e ripercorre lo storico sentiero per il passaggio delle carovane che trasportavano merci dalla Val di Fassa alla Val Cordevole. Tantissime le opportunit\u00e0 anche per gli appassionati di ferrate, mountain bike e arrampicata.<\/p>\n<p>Maggiori info su\u00a0<strong><a href=\"https:\/\/www.dolomiti.org\/\" target=\"_blank\" rel=\"noopener noreferrer\">www.dolomiti.org<\/a><\/strong><\/p>\n<\/div>\n<\/td>\n<\/tr>\n<\/tbody>\n<\/table>\n","protected":false},"excerpt":{"rendered":"<p>Con l&#8217;apertura degli impianti di risalita riparte la stagione estiva tra le montagne pi\u00f9 belle del mondo.\u00a0Le localit\u00e0 turistiche del Consorzio Dolomiti Stars,\u00a0tra l&#8217;Agordino e la Val di Zoldo sulle Dolomiti Bellunesi, sono pronte ad accogliere sportivi, famiglie e amanti della natura con un&#8217;ampia scelta di attivit\u00e0 ed itinerari escursionistici. ALLEGHE CABINOVIA Alleghe &#8211; Piani &hellip; <a href=\"https:\/\/www.gdapress.it\/it\/index.php\/63422\/turismo\/la-stagione-estiva-lagordino-la-val-zoldo-sulle-dolomiti-bellunesi.html\" class=\"more-link\">Read more <span class=\"screen-reader-text\">La stagione estiva tra l&#8217;Agordino e la Val di Zoldo sulle Dolomiti Bellunesi<\/span><\/a><\/p>\n","protected":false},"author":3,"featured_media":63423,"comment_status":"closed","ping_status":"open","sticky":false,"template":"","format":"standard","meta":{"footnotes":""},"categories":[9],"tags":[20139,20145,20143,20141,20142,20144,20146,20140],"class_list":["post-63422","post","type-post","status-publish","format-standard","has-post-thumbnail","hentry","category-turismo","tag-agordino","tag-alleghe","tag-arabba","tag-dolomiti-bellunesi","tag-marmolada","tag-passo-san-pellegrino","tag-selva-di-cadore","tag-val-di-zoldo"],"_links":{"self":[{"href":"https:\/\/www.gdapress.it\/it\/index.php\/wp-json\/wp\/v2\/posts\/63422","targetHints":{"allow":["GET"]}}],"collection":[{"href":"https:\/\/www.gdapress.it\/it\/index.php\/wp-json\/wp\/v2\/posts"}],"about":[{"href":"https:\/\/www.gdapress.it\/it\/index.php\/wp-json\/wp\/v2\/types\/post"}],"author":[{"embeddable":true,"href":"https:\/\/www.gdapress.it\/it\/index.php\/wp-json\/wp\/v2\/users\/3"}],"replies":[{"embeddable":true,"href":"https:\/\/www.gdapress.it\/it\/index.php\/wp-json\/wp\/v2\/comments?post=63422"}],"version-history":[{"count":1,"href":"https:\/\/www.gdapress.it\/it\/index.php\/wp-json\/wp\/v2\/posts\/63422\/revisions"}],"predecessor-version":[{"id":63424,"href":"https:\/\/www.gdapress.it\/it\/index.php\/wp-json\/wp\/v2\/posts\/63422\/revisions\/63424"}],"wp:featuredmedia":[{"embeddable":true,"href":"https:\/\/www.gdapress.it\/it\/index.php\/wp-json\/wp\/v2\/media\/63423"}],"wp:attachment":[{"href":"https:\/\/www.gdapress.it\/it\/index.php\/wp-json\/wp\/v2\/media?parent=63422"}],"wp:term":[{"taxonomy":"category","embeddable":true,"href":"https:\/\/www.gdapress.it\/it\/index.php\/wp-json\/wp\/v2\/categories?post=63422"},{"taxonomy":"post_tag","embeddable":true,"href":"https:\/\/www.gdapress.it\/it\/index.php\/wp-json\/wp\/v2\/tags?post=63422"}],"curies":[{"name":"wp","href":"https:\/\/api.w.org\/{rel}","templated":true}]}}