
{"id":63348,"date":"2017-06-05T12:00:50","date_gmt":"2017-06-05T10:00:50","guid":{"rendered":"http:\/\/www.gdapress.it\/it\/?p=63348"},"modified":"2017-07-15T12:09:29","modified_gmt":"2017-07-15T10:09:29","slug":"appuntamento-al-2018-orticola-non-si-ferma-neppure-la-pioggia","status":"publish","type":"post","link":"https:\/\/www.gdapress.it\/it\/index.php\/63348\/appuntamenti\/appuntamento-al-2018-orticola-non-si-ferma-neppure-la-pioggia.html","title":{"rendered":"Appuntamento al 2018  Orticola NON SI FERMA NEPPURE CON LA PIOGGIA!  \u00a0"},"content":{"rendered":"<p>&nbsp;<\/p>\n<p><img loading=\"lazy\" decoding=\"async\" class=\"alignnone size-large wp-image-63349\" src=\"http:\/\/www.gdapress.it\/it\/..\/public\/it\/2017\/07\/18489903_1670057523023028_3447622238330958593_o-500x333.jpg\" alt=\"\" width=\"500\" height=\"333\" srcset=\"https:\/\/www.gdapress.it\/it\/..\/public\/it\/2017\/07\/18489903_1670057523023028_3447622238330958593_o-500x333.jpg 500w, https:\/\/www.gdapress.it\/it\/..\/public\/it\/2017\/07\/18489903_1670057523023028_3447622238330958593_o-300x200.jpg 300w, https:\/\/www.gdapress.it\/it\/..\/public\/it\/2017\/07\/18489903_1670057523023028_3447622238330958593_o-768x511.jpg 768w, https:\/\/www.gdapress.it\/it\/..\/public\/it\/2017\/07\/18489903_1670057523023028_3447622238330958593_o-720x480.jpg 720w, https:\/\/www.gdapress.it\/it\/..\/public\/it\/2017\/07\/18489903_1670057523023028_3447622238330958593_o-272x182.jpg 272w, https:\/\/www.gdapress.it\/it\/..\/public\/it\/2017\/07\/18489903_1670057523023028_3447622238330958593_o.jpg 1280w\" sizes=\"auto, (max-width: 500px) 100vw, 500px\" \/><\/p>\n<p><strong>\u00a0Si \u00e8 conclusa la ventiduesima edizione di Orticola<\/strong> risultata anche per quest\u2019anno, una delle mostre ai massimi livelli nazionali e internazionali per la qualit\u00e0 e la variet\u00e0 delle piante esposte, e per la competenza tecnica dei suoi espositori, che in totale sono oltre 160, con un altissimo numero di giovani vivaisti.<\/p>\n<p><strong>La risposta del pubblico \u00e8 stata ancora una volta positiva<\/strong>, infatti il numero di presenze, nell\u2019ambito delle tre giornate, \u00e8 rimasto in linea con gli anni precedenti, segnando quasi 10.000 presenze nella sola giornata di domenica, nonostante il tempo sia stato inclemente!<\/p>\n<p>Come ogni anno, dalla nascita della manifestazione nel 1996, Orticola <strong>destina i proventi al verde cittadino, secondo una Convenzione con il Comune di Milano stipulata nel 2014 e appena rinnovata, che affida per tre anni all\u2019associazione la manutenzione del Giardino Perego in via dei Giardini,<\/strong> sotto la supervisione dell&#8217;architetto paesaggista e storico del giardino Filippo Pizzoni e con Luca Leporati di Orticola di Lombardia.<\/p>\n<p><strong>Un\u2019altra iniziativa a favore della citt\u00e0 \u00e8 <\/strong><strong>il \u201cGiardino di Palazzo Reale\u201d<\/strong>, ubicato nel secondo cortile aperto su via Francesco Pecorari, un giardino pubblico definitivo, realizzato su progetto di Marco Bay, con un investimento iniziale che dura nel tempo e che, creando diversi ambienti inseriti nel verde, invita alla sosta e al riposo.<\/p>\n<p><strong>Anche nel 2017 la mostra-mercato si \u00e8 presentata al pubblico con tante novit\u00e0<\/strong>, dal tema proposto \u201c<u>Le piante italiane per il giardino italiano\u201d<\/u>, con cui invitava i vivaisti a mostrare le specie spontanee o quelle naturalizzate nelle varie zone del nostro Paese, fino a continuare a essere un\u2019importante rampa di lancio per giovani talenti, <u>oltre il 20% degli espositori presenti ha circa 30 anni<\/u>.<\/p>\n<p><strong>Importante novit\u00e0 2017 \u00e8: ORTICOLARTE. <\/strong><\/p>\n<p>Nel mese di maggio del 2018 Orticola organizzer\u00e0 una mostra di opere d\u2019arte contemporanea per esterno, dove troveranno spazio i lavori di artisti affermati a fianco a quelli di giovani emergenti.<\/p>\n<p>Orticola ha inaugurato questo nuovo progetto speciale dedicato all\u2019arte contemporanea ospitando ai Giardini Pubblici l\u2019opera \u201cFiore\u201d di Velasco Vitali.<\/p>\n<p><strong><u>Un discorso a parte merita il Fuori Orticola, <\/u><\/strong><\/p>\n<p><strong><u>che quest\u2019anno si \u00e8 diffuso su tutta la citt\u00e0<\/u><\/strong>, con:<\/p>\n<ul>\n<li><u>Orticola al Museo<\/u>, dove ai partner del 2016, Gallerie d\u2019Italia, Museo Bagatti Valsecchi, Museo Poldi Pezzoli, Orto Botanico e Pinacoteca di Brera, Palazzo Reale, nel 2017 si \u00e8 affiancata la GAM Galleria d\u2019Arte Moderna, il Triennale Design Museum, e il Muba Museo dei Bambini;<\/li>\n<li>all\u2019iniziativa in abbinata con i musei, nel 2017 si \u00e8 affiancata <u>Le Vetrine del Fuori Orticola<\/u> in cui tredici esercizi commerciali hanno offerto, nel mese di maggio, sconti, omaggi, sorprese, a chi si presenta con il biglietto d\u2019ingresso della mostra-mercato e si uniscono cos\u00ec ad Orticola di Lombardia nel promuovere la cultura del verde. Eccoli: <u>Amleto Missaglia, l\u2019Argenteria Dabbene, le boutique Borbonese e DONDUP, la Libreria Hoepli. la boutique Mari e MiLaura, Nella Longari, la Pasticceria Cucchi, Stella McCartney, Tea Rose e le Telerie Spadari<\/u>;<\/li>\n<li>e poi <u>l\u2019Orticola Musicale<\/u>, un\u2019iniziativa che ha animato i pomeriggi al Gazebo dei Giardini Pubblici Idro Montanelli;<\/li>\n<li>e ancora <u>Art &amp; Flowers<\/u> in via Fiori Chiari insieme all\u2019Associazione Commercianti di via Fiori Chiari e il mensile Marie Claire Maison con il contributo di CityLife per far vivere nei colori, nei profumi, nella natura una delle pi\u00f9 conosciute e storiche vie;<\/li>\n<li>senza dimenticare <u>Comunemente Verde a Villa Lonati<\/u>, con laboratori gratuiti per grandi e bambini, visite guidate dei percorsi botanici, incontri e dibattiti, mostra-scambio di piante e semi e <u>i<\/u><u> pomeriggi <\/u><u>animati <\/u><u>dello Swiss Corner di piazza Cavour<\/u><u> a cura del mensile Gardenia.<\/u><\/li>\n<\/ul>\n<p>Un altro momento importante nasce dalla collaborazione tra Orticola di Lombardia e la Pinacoteca di Brera, che oltre che culturale, \u00e8 anche \u201cfloreale\u201d infatti \u00e8 nato il nuovo ibrido <strong>\u201cRosa di Brera\u201d, <\/strong>nasce, a cura del Vivaio Barni, dall\u2019incontro di due rose non in commercio.<\/p>\n<p>Ringraziamo i partner che accompagnano l\u2019Associazione Orticola di Lombardia nella realizzazione della Mostra Mercato 2017, uniti dalla comune passione per il verde e per il paesaggio primo fra tutti l\u2019ormai storico pluriennale sostegno di <strong>Ceresio Sim<\/strong> <u>(partner <\/u>dal 2011 che ha gi\u00e0 donato 60 panchine alla citt\u00e0 di Milano, che aumenteranno di 14 unit\u00e0 quest\u2019anno!<\/p>\n<p><strong>CityLife<\/strong>, in collaborazione con Orticola di Lombardia, prosegue il progetto di riqualificazione del quartiere Fiera di Milano con il raddoppio dell\u2019area \u201cOrti Fioriti\u201d, ideata dall\u2019architetto paesaggista Filippo Pizzoni e realizzata con l\u2019aiuto di Susanna Magistretti di Cascina Bollate.<\/p>\n<p><strong>La casa di profumi Dior <\/strong>che ha celebrato l\u2019amore per i fiori con tre giorni piena di iniziative per scoprire il mondo della bellezza e le ultime creazione della Maison Dior.<\/p>\n<p>Anche quest\u2019anno \u00e8 stata presente <strong>Mediterranea<\/strong>, che ha festeggiato a Orticola l\u2019importante traguardo dei suoi primi 20 anni di attivit\u00e0..<\/p>\n<p>L\u2019eyewear \u00e8 presente a Orticola grazie alla collaborazione con <strong>Persol<\/strong>, che quest\u2019anno \u00e8 dedicata alle novit\u00e0 della collezione di occhiali da sole.<\/p>\n<p>Da ricordare che, grazie alla presenza dei nostri partner tecnici ci sono nuove e rilevanti migliorie nell\u2019area dei servizi generali.<\/p>\n<p><strong>Spumador<\/strong> che ha offerto agli ospiti della serata d\u2019inaugurazione e ai partecipanti ai corsi, Acqua Mood e Succhi Natura Buona e <strong>straBerry<\/strong> che ha distribuito cestini di ffrutti di bosco all\u2019inaugurazione e, nei giorni di mostra, raccontato ai bambini come nascono le fragole.<\/p>\n<p>Un grazie anche a <strong>Ikea <\/strong>che allestisce con tavoli, tavolini, sedie e banche in legno le aree relax e gli spazi corsi.<\/p>\n<p>Luca e Veronica Marzotto hanno offerto la degustazione e il vino della cantina<strong> Santa Margherita Gruppo Vinicolo <\/strong>n occasione della serata di inaugurazione.<\/p>\n<p><strong>MIDA Informatica<\/strong> leader nel segmento ticketing ha <u>potenziato l\u2019organizzazione tecnico-elettronica e il nuovo servizio di emissione biglietteria, sia on-line sia nella gestione del flusso alle casse. <\/u><\/p>\n<p><strong>Brandart e Fraizzoli<\/strong> hanno offerto a Orticola per la vendita colorate t-shirt, resistenti grembiuli e capienti shopper.<\/p>\n<p><strong>Un ringraziamento particolare va al Comune di Milano e a tutti gli Assessorati coinvolti e ai loro impiegati, siamo molto grati della collaborazione fattiva che attiviamo in tutti i campi.<\/strong><\/p>\n<p><strong>arrivederci orticola!<\/strong><\/p>\n<p><strong><u>Vi aspettiamo\u00a0venerd\u00ec 11, sabato 12 e domenica 13 maggio 2018 e intanto seguiteci su:<\/u><\/strong><\/p>\n<p><a href=\"http:\/\/www.orticola.org\"><strong>www.orticola.org<\/strong><\/a><strong><u>, <\/u><\/strong><\/p>\n<p><a href=\"http:\/\/blog.iodonna.it\/io-e-orticola\/\"><strong>blog.iodonna.it\/io-e-orticola<\/strong><\/a><strong><u>, <\/u><\/strong><\/p>\n<p><strong><u>Facebook <\/u><\/strong><\/p>\n<p><strong><u>Instagram<\/u><\/strong><\/p>\n<p><u>\u00a0<\/u><\/p>\n<p><u>\u00a0<\/u><\/p>\n","protected":false},"excerpt":{"rendered":"<p>&nbsp; \u00a0Si \u00e8 conclusa la ventiduesima edizione di Orticola risultata anche per quest\u2019anno, una delle mostre ai massimi livelli nazionali e internazionali per la qualit\u00e0 e la variet\u00e0 delle piante esposte, e per la competenza tecnica dei suoi espositori, che in totale sono oltre 160, con un altissimo numero di giovani vivaisti. La risposta del &hellip; <a href=\"https:\/\/www.gdapress.it\/it\/index.php\/63348\/appuntamenti\/appuntamento-al-2018-orticola-non-si-ferma-neppure-la-pioggia.html\" class=\"more-link\">Read more <span class=\"screen-reader-text\">Appuntamento al 2018  Orticola NON SI FERMA NEPPURE CON LA PIOGGIA!  \u00a0<\/span><\/a><\/p>\n","protected":false},"author":3,"featured_media":63349,"comment_status":"closed","ping_status":"open","sticky":false,"template":"","format":"standard","meta":{"footnotes":""},"categories":[2245],"tags":[20017,10921,6333,20015,20016,20020,20021,20019,20024,20018,9841,8280,665,10719,4019,5046,140,8597,17873,20022,20023],"class_list":["post-63348","post","type-post","status-publish","format-standard","has-post-thumbnail","hentry","category-appuntamenti","tag-amleto-missaglia","tag-city-life","tag-gallerie-ditalia","tag-gam-galleria-darte-moderna","tag-il-triennale-design-museum","tag-la-libreria-hoepli-la-boutique-mari-e-milaura","tag-la-pasticceria-cucchi","tag-le-boutique-borbonese-e-dondup","tag-luxottica","tag-largenteria-dabbene","tag-muba","tag-museo-bagatti-valsecchi","tag-museo-poldi-pezzoli","tag-nella-longari","tag-orticola","tag-orto-botanico","tag-palazzo-reale","tag-pinacoteca-di-brera","tag-stella-mccartney","tag-tea-rose","tag-telerie-spadari"],"_links":{"self":[{"href":"https:\/\/www.gdapress.it\/it\/index.php\/wp-json\/wp\/v2\/posts\/63348","targetHints":{"allow":["GET"]}}],"collection":[{"href":"https:\/\/www.gdapress.it\/it\/index.php\/wp-json\/wp\/v2\/posts"}],"about":[{"href":"https:\/\/www.gdapress.it\/it\/index.php\/wp-json\/wp\/v2\/types\/post"}],"author":[{"embeddable":true,"href":"https:\/\/www.gdapress.it\/it\/index.php\/wp-json\/wp\/v2\/users\/3"}],"replies":[{"embeddable":true,"href":"https:\/\/www.gdapress.it\/it\/index.php\/wp-json\/wp\/v2\/comments?post=63348"}],"version-history":[{"count":1,"href":"https:\/\/www.gdapress.it\/it\/index.php\/wp-json\/wp\/v2\/posts\/63348\/revisions"}],"predecessor-version":[{"id":63350,"href":"https:\/\/www.gdapress.it\/it\/index.php\/wp-json\/wp\/v2\/posts\/63348\/revisions\/63350"}],"wp:featuredmedia":[{"embeddable":true,"href":"https:\/\/www.gdapress.it\/it\/index.php\/wp-json\/wp\/v2\/media\/63349"}],"wp:attachment":[{"href":"https:\/\/www.gdapress.it\/it\/index.php\/wp-json\/wp\/v2\/media?parent=63348"}],"wp:term":[{"taxonomy":"category","embeddable":true,"href":"https:\/\/www.gdapress.it\/it\/index.php\/wp-json\/wp\/v2\/categories?post=63348"},{"taxonomy":"post_tag","embeddable":true,"href":"https:\/\/www.gdapress.it\/it\/index.php\/wp-json\/wp\/v2\/tags?post=63348"}],"curies":[{"name":"wp","href":"https:\/\/api.w.org\/{rel}","templated":true}]}}