
{"id":63213,"date":"2017-07-07T22:59:34","date_gmt":"2017-07-07T20:59:34","guid":{"rendered":"http:\/\/www.gdapress.it\/it\/?p=63213"},"modified":"2017-07-07T23:13:04","modified_gmt":"2017-07-07T21:13:04","slug":"lago-como-festival-internazionale-musica-arti-accademia-tremezzina","status":"publish","type":"post","link":"https:\/\/www.gdapress.it\/it\/index.php\/63213\/musica\/lago-como-festival-internazionale-musica-arti-accademia-tremezzina.html","title":{"rendered":"Lago di Como  Festival Internazionale  di Musica, Arti e Accademia  Tremezzina"},"content":{"rendered":"<p>&nbsp;<\/p>\n<p><img loading=\"lazy\" decoding=\"async\" class=\"alignnone size-medium wp-image-63214\" src=\"http:\/\/www.gdapress.it\/it\/..\/public\/it\/2017\/07\/Villa-Carlotta-300x225.jpg\" alt=\"\" width=\"300\" height=\"225\" srcset=\"https:\/\/www.gdapress.it\/it\/..\/public\/it\/2017\/07\/Villa-Carlotta-300x225.jpg 300w, https:\/\/www.gdapress.it\/it\/..\/public\/it\/2017\/07\/Villa-Carlotta-768x576.jpg 768w, https:\/\/www.gdapress.it\/it\/..\/public\/it\/2017\/07\/Villa-Carlotta-500x375.jpg 500w\" sizes=\"auto, (max-width: 300px) 100vw, 300px\" \/>\u00a0<img loading=\"lazy\" decoding=\"async\" class=\"alignnone size-medium wp-image-63215\" src=\"http:\/\/www.gdapress.it\/it\/..\/public\/it\/2017\/07\/Louis-Lortie_b-200x300.jpg\" alt=\"\" width=\"200\" height=\"300\" srcset=\"https:\/\/www.gdapress.it\/it\/..\/public\/it\/2017\/07\/Louis-Lortie_b-200x300.jpg 200w, https:\/\/www.gdapress.it\/it\/..\/public\/it\/2017\/07\/Louis-Lortie_b-267x400.jpg 267w, https:\/\/www.gdapress.it\/it\/..\/public\/it\/2017\/07\/Louis-Lortie_b.jpg 452w\" sizes=\"auto, (max-width: 200px) 100vw, 200px\" \/><\/p>\n<p>\u201cArs longa vita brevis&#8221;<\/p>\n<p><em>\u201c\u2026e quando la musica delle campane al vespro si posa sull\u2019acqua, si pu\u00f2 credere che da nessun altra parte se non sul Lago di Como, si possa trovare un tal paradiso di sereno riposo\u201d\u00a0 (Mark Twain)<\/em><\/p>\n<p>Natura, arte e musica si intrecciano nella programmazione del nuovo <strong>Festival Internazionale LacMus,<\/strong> che si terr\u00e0 <strong>dal 9 al 16 luglio 2017<\/strong> in quella magica striscia di terra tra acqua e cielo che \u00e8 la <strong>Tremezzina, sul Lago di Como<\/strong>.<\/p>\n<p>Uniche per la loro bellezza le sedi dei concerti, da Villa Balbianello a Villa Carlotta, fino alle chiese di Santo Stefano a Lenno e del Sacro Monte di Ossuccio.<\/p>\n<p>Altissima la qualit\u00e0 dell\u2019offerta musicale, che porta nella Tremezzina artisti di levatura internazionale, come il soprano <strong>Christiane Karg<\/strong>, i violinisti <strong>Augustin Dumay<\/strong> e <strong>Giuliano Carmignola<\/strong>, il pianista <strong>Louis Lortie<\/strong>, che del Festival \u00e8 anima e ideatore a quattro mani con il direttore d\u2019orchestra <strong>Paolo Bressan. <\/strong>Accanto ai grandi nomi non mancano le nuove generazioni, cui LacMus dedica un\u2019Accademia estiva: saranno ospiti i giovani musicisti della <strong>Cappella Musicale Regina Elisabetta del Belgio<\/strong>, la cui presenza dar\u00e0 vita ad un fecondo dialogo e scambio tra professionisti affermati e talenti al loro sbocciare.<\/p>\n<p>Una settimana intensa, in cui la musica colta, dal barocco all\u2019et\u00e0 contemporanea, sar\u00e0 anche un magnetico catalizzatore per richiamare nella Tremezzina ascoltatori e turisti assetati di cultura e di bellezza.<\/p>\n<p>\u201c<em>Nietzsche diceva: &#8220;Ohne Musik w\u00e4re das Leben ein Irrtum&#8221; (senza la musica la vita sarebbe un errore). Sono tentato di parafrasare: &#8220;Senza l&#8217;Italia, la vita sarebbe uno sbaglio&#8221;. Vorrei esprimere i miei ringraziamenti, in particolare al lago di Como e alla Tremezzina, per aver portato la percezione della Bellezza nel mio cuore a livelli sempre pi\u00f9 alti<\/em>\u201d afferma <strong>Louis Lortie<\/strong>, pianista franco-canadese di fama internazionale, che, insieme al collega e direttore d\u2019orchestra <strong>Paolo Bressan,<\/strong> ha progettato questo nuovo Festival musicale nella Tremezzina.<\/p>\n<p>Cittadino del mondo come tutti i grandi artisti, Lortie vive tra Berlino e il Lago di Como, attratto dalle bellezze del territorio che, nei secoli, avevano gi\u00e0 incantato prima di lui letterati e musicisti come Goethe, Stendhal, Liszt, Brahms e Rossini. Dopo la sua vittoria al Concorso Pianistico Internazionale Busoni nel 1984, ha girato l\u2019Italia per un anno a bordo di una Fiat 131 per oltre 40 concerti, e da allora il Paese \u00e8 diventato la sua seconda patria. Memore del fatto che, decenni fa, in questi stessi luoghi il leggendario pianista Schnabel tenne corsi per giovani musicisti provenienti da tutto il mondo, Lortie ha pensato di portare nella Tremezzina i nuovi talenti della <strong>Cappella Musicale Regina Elisabetta del Belgio,<\/strong> con i quali dallo scorso anno ha un rapporto speciale, essendo stato nominato \u201cmaster in residence\u201d della Cappella, succedendo a Maria Jo\u00e3o Pires.<\/p>\n<p>Il progetto \u00e8 condiviso dal pianista e direttore <strong>Paolo Bressan <\/strong>che, nato a Varese, fin da bambino ha frequentato il Lago di Como per origini familiari, ha frequentato il Conservatorio di Milano e di Lortie \u00e8 stato allievo. Anche Bressan oggi vive tra Berlino e il Lago di Como e dirige orchestre in tutto il mondo, dove \u00e8 richiestissimo soprattutto nell\u2019ambito del melodramma, ma \u00e8 rimasto intensamente legato alla sua terra d\u2019origine. Da molti anni aveva l\u2019idea di realizzare un Festival musicale sul Lago di Como: \u201c<em>Se, come scrive Dostoevskij nell\u2019Idiota, \u201cla Bellezza salver\u00e0 il mondo\u201d, la Tremezzina, quella magica striscia di terra tra acqua e cielo sul lago di Como, \u00e9 il luogo ideale per aprire i nostri sensi alla Bellezza. LacMus Festival in Tremezzina: ascoltare la luce e vedere il suono<\/em>\u201d.<\/p>\n<p><strong>LacMus<\/strong> sar\u00e0 dunque innanzitutto un <strong>festival di incontri e di connessioni<\/strong>: tra giovani artisti e grandi maestri, tra il pubblico ed i musicisti che animeranno i diversi appuntamenti, tra luoghi di suggestivo fascino e capolavori dell\u2019arte musicale degli ultimi quattro secoli. <strong>Motto dell\u2019iniziativa \u00e8 \u201cArs Longa, Vita Brevis\u201d,<\/strong> a sottolineare quanto la fuggevolezza delle singole esistenze umane trovi un contrappeso nel continuo passaggio di testimone che, generazione dopo generazione, artisti e uomini di cultura si offrono reciprocamente, permettendo cos\u00ec di far vivere in eterno i capolavori del genio umano.<\/p>\n<p>\u201c<em>Abbiamo la fortuna di vivere in luoghi straordinari<\/em> \u2013 commenta <strong>l\u2019On. Mauro Guerra<\/strong>, Deputato e Sindaco di Tremezzina -, <em>dove paesaggio, arte, storia, cultura, si intrecciano nel segno della bellezza. Per questo abbiamo anche la fortuna di abitare luoghi che da sempre attraggono i pi\u00f9 grandi talenti artistici e sono fonte di ispirazione e creativit\u00e0. Lacmus \u00e8 un&#8217;occasione\u00a0 per mettere a frutto tutta questa fortuna, per trasformarla in eventi artistici indimenticabili, in bellezza da vivere, in uno straordinario appuntamento annuale, in una comunit\u00e0 artistica che riconosca questa terra come sua e ne arricchisca la vita<\/em>\u201d.<\/p>\n<p><strong><u>Quattro concerti e un evento speciale, la Greenway musicale del Lario,<\/u><\/strong><u> <strong>si susseguiranno da domenica 9 a domenica 16 luglio 2017.<\/strong><\/u><\/p>\n<p>Il concerto di apertura, <strong>domenica 9 luglio alle 18,<\/strong> sar\u00e0 una meditazione musicale nel <strong>Santuario della Madonna del Soccorso di Ossuccio<\/strong>, patrimonio dell\u2019umanit\u00e0 dell\u2019Unesco. L\u2019affascinante soprano bavarese <strong>Christiane Karg<\/strong> proporr\u00e0 un itinerario nel mondo del Lied, affiancata dal violinista francese <strong>Augustin Dumay. <\/strong>Riconosciuto dalla critica internazionale come uno dei massimi virtuosi viventi del suo strumento, Dumay \u00e8, come Lortie, docente della Cappella Reale del Belgio. Alla tastiera del pianoforte si alterneranno i due ideatori del Festival, <strong>Lortie e Bressan<\/strong>.<\/p>\n<p>Il secondo concerto,\u00a0 <strong>gioved\u00ec 13 luglio alle 21, <\/strong>sar\u00e0 incentrato sul tardo romanticismo e vedr\u00e0 come magica location <strong>Villa Carlotta a Tremezzo<\/strong>. Qui Johannes Brahms soggiorn\u00f2, e qui risuoneranno \u2013 nel 120esimo anniversario della sua morte &#8211; le note del suo Quintetto per pianoforte e archi. Tra i protagonisti della serata ritroveremo <strong>Augustin Dumay e Louis Lortie<\/strong>, che eseguiranno inoltre la Terza Sonata per violino e pianoforte di Brahms; alcuni amici musicisti si uniranno a loro per eseguire il Quintetto.<\/p>\n<p>I giovani artisti della <strong>Cappella Musicale Regina Elisabetta del Belgio<\/strong> saranno al centro del terzo concerto, <strong>venerd\u00ec 14 luglio<\/strong> <strong>alle 19<\/strong> presso <strong>Villa del Balbianello a Lenno<\/strong>, in uno spumeggiante ed esplosivo <strong><em>Hommage \u00e0 la France, <\/em><\/strong>nel giorno della festa nazionale che ricorda la presa della Bastiglia. La musica francese ha un posto speciale nel repertorio pi\u00f9 amato dai protagonisti del Festival: Lortie, il cui pianismo \u00e8 stato definito dal Times \u00abpuro e immaginativo\u00bb, \u00e8 considerato uno dei pi\u00f9 sensibili interpreti di Ravel e ne ha eseguito pi\u00f9 volte l\u2019integrale; Bressan \u00e8\u00a0 impegnato in importanti progetti sulle opere teatrali di Meyerbeer, mentre di Dumay si ricordano le memorabili incisioni di Franck e Debussy con la Pires.<\/p>\n<p>Un\u2019estatica esperienza per i sensi sar\u00e0 la <strong>Greenway musicale<\/strong> in programma <strong>sabato 15 luglio <\/strong>a partire dalle <strong>17<\/strong>: un percorso attraverso i luoghi pi\u00f9 belli della Tremezzina, tra ville rinascimentali, antiche strade romane e passeggiate a lago, intercalato da intermezzi musicali al chiaro di luna per \u201csentire la luce e vedere il suono\u201d. Il suggestivo itinerario sonoro avr\u00e0 inizio a Villa Balbiano, per poi toccare la Casa d\u2019arte Brenna-Tosatto in Piazza Campidoglio, lo studio del pianista Louis Lortie, la scalinata a lago di Villa Monastero e terminare a Villa del Balbianello.<\/p>\n<p>Il grande violinista italiano <strong>Giuliano Carmignola<\/strong> chiuder\u00e0 il Festival <strong>domenica 16 luglio alle 19<\/strong> presso il <strong>Grand Hotel di Tremezzo <\/strong>insieme all\u2019<strong>Accademia dell\u2019Annunciata<\/strong>, con un programma interamente dedicato a Vivaldi \u201c\u2026dell\u2019ebrezza e del delirio\u201d che terminer\u00e0 con le Stagioni di Vivaldi. Un autore che il veneto Carmignola, insigne interprete del barocco su strumenti d\u2019epoca quanto del repertorio contemporaneo, sente come parte del suo dna, e la cui musica sa dipingere con fantasia i suoni della natura.<\/p>\n<p>Su un binario parallelo rispetto al cartellone dei concerti, da mercoled\u00ec 12 a sabato 15, si terranno le prove e l\u2019Accademia, aperte al pubblico, presso la Biblioteca di Lenno.<\/p>\n<p><strong>Nel comitato d\u2019onore sono attualmente presenti:<\/strong><\/p>\n<ul>\n<li><strong>Raffaele Cattaneo, Presidente del Consiglio Regionale Lombardo e Consigliere Regionale Europeo<\/strong><\/li>\n<li><strong>Bernard de Launoit, Presidente della Cappella Musicale Regina Elisabetta del Belgio<\/strong><\/li>\n<\/ul>\n<p><strong>LacMus \u00e8 organizzato dalla libera associazione culturale \u201cArs Aeterna\u201d, con la collaborazione del Comune di <\/strong><strong>Tremezzina. <\/strong><\/p>\n<p><strong>Biglietti<\/strong><\/p>\n<p><u>Concerto del 9 luglio<\/u>: ingresso libero.<\/p>\n<p><u>Per i concerti dal 13 al 16 luglio<\/u>:<\/p>\n<p>ingresso \u20ac 30 \u2013 ridotto (residenti Comune di Tremezzina e studenti sotto i 26 anni): \u20ac 20<\/p>\n<p><u>Abbonamento per tutti i concerti<\/u>:<\/p>\n<p>\u20ac 100 \u2013 ridotto (residenti Comune di Tremezzina e studenti sotto i 26 anni): \u20ac 70<\/p>\n<p>I biglietti saranno prenotabili online o acquistabili direttamente la sera stessa di ogni singolo evento.<\/p>\n<p>A Villa Carlotta e al Grand Hotel Tremezzo \u00e8 possibile ritirarli direttamente.<\/p>\n<p>Per la Greenway musicale di sabato 15 luglio, oltre alla possibilit\u00e0 di prenotare online, verr\u00e0 messa a diposizione una biglietteria di fronte a Villa Balbiano a partire dalle ore 16.<\/p>\n<p><strong>Informazioni<\/strong><\/p>\n<p><a href=\"http:\/\/www.lacmusfestival.com\">www.lacmusfestival.com<\/a><\/p>\n<p><a href=\"mailto:info@lacmusfestival.com\">info@lacmusfestival.com<\/a><\/p>\n<p>facebook.com\/lacmusfestival<\/p>\n<p>&nbsp;<\/p>\n","protected":false},"excerpt":{"rendered":"<p>&nbsp; \u00a0 \u201cArs longa vita brevis&#8221; \u201c\u2026e quando la musica delle campane al vespro si posa sull\u2019acqua, si pu\u00f2 credere che da nessun altra parte se non sul Lago di Como, si possa trovare un tal paradiso di sereno riposo\u201d\u00a0 (Mark Twain) Natura, arte e musica si intrecciano nella programmazione del nuovo Festival Internazionale LacMus, &hellip; <a href=\"https:\/\/www.gdapress.it\/it\/index.php\/63213\/musica\/lago-como-festival-internazionale-musica-arti-accademia-tremezzina.html\" class=\"more-link\">Read more <span class=\"screen-reader-text\">Lago di Como  Festival Internazionale  di Musica, Arti e Accademia  Tremezzina<\/span><\/a><\/p>\n","protected":false},"author":3,"featured_media":63214,"comment_status":"closed","ping_status":"open","sticky":false,"template":"","format":"standard","meta":{"footnotes":""},"categories":[19],"tags":[19916,19920,19915,19918,19919,8150,19921,19917,9811],"class_list":["post-63213","post","type-post","status-publish","format-standard","has-post-thumbnail","hentry","category-musica","tag-arti-e-accademia","tag-cappella-musicale-regina-elisabetta-del-belgio","tag-festival-internazionale-di-musica","tag-grand-hotel-tremezzo","tag-greenway","tag-lago-di-como","tag-lortie-bressan","tag-tremezzina","tag-villa-carlotta"],"_links":{"self":[{"href":"https:\/\/www.gdapress.it\/it\/index.php\/wp-json\/wp\/v2\/posts\/63213","targetHints":{"allow":["GET"]}}],"collection":[{"href":"https:\/\/www.gdapress.it\/it\/index.php\/wp-json\/wp\/v2\/posts"}],"about":[{"href":"https:\/\/www.gdapress.it\/it\/index.php\/wp-json\/wp\/v2\/types\/post"}],"author":[{"embeddable":true,"href":"https:\/\/www.gdapress.it\/it\/index.php\/wp-json\/wp\/v2\/users\/3"}],"replies":[{"embeddable":true,"href":"https:\/\/www.gdapress.it\/it\/index.php\/wp-json\/wp\/v2\/comments?post=63213"}],"version-history":[{"count":1,"href":"https:\/\/www.gdapress.it\/it\/index.php\/wp-json\/wp\/v2\/posts\/63213\/revisions"}],"predecessor-version":[{"id":63216,"href":"https:\/\/www.gdapress.it\/it\/index.php\/wp-json\/wp\/v2\/posts\/63213\/revisions\/63216"}],"wp:featuredmedia":[{"embeddable":true,"href":"https:\/\/www.gdapress.it\/it\/index.php\/wp-json\/wp\/v2\/media\/63214"}],"wp:attachment":[{"href":"https:\/\/www.gdapress.it\/it\/index.php\/wp-json\/wp\/v2\/media?parent=63213"}],"wp:term":[{"taxonomy":"category","embeddable":true,"href":"https:\/\/www.gdapress.it\/it\/index.php\/wp-json\/wp\/v2\/categories?post=63213"},{"taxonomy":"post_tag","embeddable":true,"href":"https:\/\/www.gdapress.it\/it\/index.php\/wp-json\/wp\/v2\/tags?post=63213"}],"curies":[{"name":"wp","href":"https:\/\/api.w.org\/{rel}","templated":true}]}}