
{"id":62908,"date":"2017-06-15T23:53:18","date_gmt":"2017-06-15T21:53:18","guid":{"rendered":"http:\/\/www.gdapress.it\/it\/?p=62908"},"modified":"2017-06-15T23:53:18","modified_gmt":"2017-06-15T21:53:18","slug":"la-felicita-portata-trolley-un-viaggio-emozionale-marta-perego","status":"publish","type":"post","link":"https:\/\/www.gdapress.it\/it\/index.php\/62908\/libri\/la-felicita-portata-trolley-un-viaggio-emozionale-marta-perego.html","title":{"rendered":"La felicit\u00e0 \u00e8 a portata di trolley, un viaggio emozionale con Marta Perego"},"content":{"rendered":"<p><img loading=\"lazy\" decoding=\"async\" class=\"alignnone size-medium wp-image-62909\" src=\"http:\/\/www.gdapress.it\/it\/..\/public\/it\/2017\/06\/marta-209x300.png\" alt=\"\" width=\"209\" height=\"300\" srcset=\"https:\/\/www.gdapress.it\/it\/..\/public\/it\/2017\/06\/marta-209x300.png 209w, https:\/\/www.gdapress.it\/it\/..\/public\/it\/2017\/06\/marta-279x400.png 279w, https:\/\/www.gdapress.it\/it\/..\/public\/it\/2017\/06\/marta.png 280w\" sizes=\"auto, (max-width: 209px) 100vw, 209px\" \/><\/p>\n<p>Il <strong>booktrailer<\/strong> di\u00a0<strong><em>La felicit\u00e0 \u00e8 a portata di trolley &#8211; Ogni giorno \u00e8 un (altro) viaggio,<\/em><\/strong>\u00a0presenta un percorso scanzonato e ironico per <strong>vincere i dubbi e le incertezze che ci bloccano davanti alla valigia aperta sul letto<\/strong>, della vulcanica <strong>Marta Perego<\/strong>. Volto noto di programmi televisivi dedicati a libri e cinema, diventata suo malgrado esperta di viaggi e relativi bagagli, Marta Perego ci mostra che <strong>un trolley non rappresenta semplicemente chi siamo, ma tutto quello che vogliamo conservare su noi stessi e cosa vogliamo lasciare a casa<\/strong>.<\/p>\n<p><strong>Booktrailer<\/strong>\u00a0<a href=\"http:\/\/mailtrack.me\/tracking\/raWzMz50paMkCGZ3ZQZ3AGH4BGpzMKWjqzA2pzSaqaR9BQDjAwtjAmRzrKMurUMkCGRlBQV1BQt4ZGp3Aj\" target=\"_blank\" rel=\"noopener noreferrer\">https:\/\/youtu.be\/p3CjVhyupCE<\/a><\/p>\n<p>Le misure di riferimento per una donna sono cambiate rispetto ai canonici 90-60-90 di un tempo. I centimetri in cui oggi cerchiamo di entrare, spesso con fatica e frustrazione, sono 55x40x20: le dimensioni standard del bagaglio a mano. Uno spazio ristretto in cui dobbiamo infilare quello che sentiamo di essere e quello che vorremmo essere nel viaggio che stiamo per iniziare.<\/p>\n<p>La disordinata, caotica, vulcanica Marta Perego \u2013 volto noto di programmi televisivi dedicati a libri e cinema, diventata suo malgrado esperta di viaggi e relativi bagagli \u2013 ci mostra che quei tirannici 55x40x20 cm sono in realt\u00e0 lo spazio perfetto per scegliere cosa portar via di noi stesse mentre raggiungiamo posti lontani o affrontiamo nuove sfide lavorative, e cosa invece dobbiamo avere il coraggio di lasciare indietro.<\/p>\n<p>Un percorso scanzonato e ironico, ricco di aneddoti, spunti e riflessioni (ma anche suggerimenti pratici), per imparare che far bene la valigia significa capire meglio chi siamo. Significa mettere ordine nel caos del nostro armadio e della nostra vita, e decidere qual \u00e8 il lato di noi che vogliamo mostrare orgogliosamente al mondo.<\/p>\n<p><strong><u>Marta in breve\u00a0<\/u><\/strong><\/p>\n<p>Marta Perego, 30 anni, lavora in TV da quando ne aveva 21, iniziando come redattrice a ClassLife (Class CNBC) e successivamente conducendo programmi culturali come\u00a0<strong>Ti racconto un libro,\u00a0<\/strong>un viaggio nell\u2019universo letterario contemporaneo e<strong>\u00a0Adesso Cinema,\u00a0<\/strong>magazine di approfondimento cinematografico\u00a0in onda<strong>\u00a0<\/strong>su Iris, ricco di interviste a registi e attori di fama mondiale, dai principali festival e dalle anteprime cinematografiche di tutto il mondo.<\/p>\n<p>L\u2019obiettivo di Marta \u00e8 stato sempre quello di occuparsi di cultura, lifestyle con professionalit\u00e0 e seriet\u00e0, scegliendo per\u00f2 una conduzione fresca, dinamica, divertente, che possa stimolare costantemente l\u2019interesse del pubblico.\u00a0L\u2019esperienza in TV alla conduzione di programmi culturali le ha permesso di trasformare la sua passione per l\u2019arte, il cinema, la letteratura, i viaggi, la moda in un lavoro. Propone al pubblico approfondimenti e curiosit\u00e0 sui film in uscita, interviste esclusive con scrittori, attori e registi italiani e internazionali, puntate speciali dagli eventi culturali e rubriche dedicate anche alla moda, ai fumetti, alla letteratura e all\u2019arte.<\/p>\n<p>Insieme al suo impegno con\u00a0<strong>Adesso Cinema<\/strong>, ha debuttato in nuovi programmi che, pur avendo come base comune la voglia di diffondere cultura, si distinguono per originalit\u00e0 nel panorama televisivo italiano, mantenendo sempre la freschezza che contraddistingue il suo modo di portare la cultura in TV.\u00a0Da alcuni mesi \u00e8 anche alla conduzione di una rubrica dedicata al cinema su\u00a0<strong>Tgcom24.<\/strong><\/p>\n<p>Ha partecipato ad un progetto in collaborazione con Feltrinelli, con la realizzazione di reportage di festival letterari meno convenzionali, alla scoperta della miglior produzione culturale italiana (i festival pi\u00f9 interessanti e meno convenzionali).<\/p>\n<p>Tra le trasmissioni che ha condotto, su Top Crime \u00e8 andato in onda\u00a0<strong>Noir al Femminile,\u00a0<\/strong>un programma tutto al femminile che ha visto Marta impegnata in interviste a scrittrici\u00a0specializzate in crime, horror, noir. Le puntate sono state girate in location molto particolari in diverse citt\u00e0 (nella Bologna sotterranea, in un albergo diurno a Milano\u2026)<\/p>\n<p>A\u00a0questi progetti si aggiunge un programma sull&#8217;arte\u00a0che andato in onda su Rai 3 in cui\u00a0Marta ha curato una rubrica\u00a0<strong>\u201cArte e Mestieri\u201d\u00a0<\/strong>e\u00a0intervistato i professionisti collegati al mondo dell\u2019arte: il restauratore di contemporaneo, il coloraio, il comunicatore, l\u2019art blogger, l\u2019editore, il collezionista, l\u2019educatore. Marta \u00e8 stata anche la figura narrante delle schede di approfondimento.<\/p>\n<p>Marta ha anche realizzato e condotto una rubrica su La 5 dal titolo\u00a0\u00a0\u201c<strong>Click&amp;Chic<\/strong>\u201d in cui racconta il mondo femminile\u2026 con un click!\u00a0E&#8217; un format che porta il pubblico a contatto con i grandi eventi di tendenza e alcune storie particolari di donne. Marta Perego attraverso la sua polaroid racconta momenti\u00a0indimenticabili e divertenti, attimi da ricordare e condividere, luoghi da frequentare, incontri interessanti: un viaggio frizzante, ironico, leggero, alla scoperta delle nuove tendenze.<\/p>\n<p>Inoltre condurr\u00e0 il Biografilm Festival, appuntamento con il grande cinema biografico che torna a Bologna dal 9 al 19 giugno,\u00a0proponendo un programma ricco di grandi anteprime cinematografiche, prestigiosi ospiti internazionali e imperdibili eventi musicali.<\/p>\n<p>I profili \u00a0Social di Marta<\/p>\n<p><a href=\"http:\/\/mailtrack.me\/tracking\/raWzMz50paMkCGZ3ZQZ3AGH4BGpzMKWjqzA2pzSaqaR9BQDjAwtjAmRzrKMurUMkCGRlBQV1BQt4ZGp5BD\" target=\"_blank\" rel=\"noopener noreferrer\">https:\/\/www.facebook.com\/marta.perego.31?fref=ts<\/a><\/p>\n<p><a href=\"http:\/\/mailtrack.me\/tracking\/raWzMz50paMkCGZ3ZQZ3AGH4BGpzMKWjqzA2pzSaqaR9BQDjAwtjAmRzrKMurUMkCGRlBQV1BQt4ZGtjCj\" target=\"_blank\" rel=\"noopener noreferrer\">https:\/\/www.facebook.com\/MartaPeregoOf\/?pnref=story<\/a><\/p>\n<p><a href=\"http:\/\/mailtrack.me\/tracking\/raWzMz50paMkCGZ3ZQZ3AGH4BGpzMKWjqzA2pzSaqaR9BQDjAwtjAmRzrKMurUMkCGRlBQV1BQt4ZGtkCt\" target=\"_blank\" rel=\"noopener noreferrer\">https:\/\/www.instagram.com\/marta_perego\/?hl=it<\/a><\/p>\n<p><a href=\"http:\/\/mailtrack.me\/tracking\/raWzMz50paMkCGZ3ZQZ3AGH4BGpzMKWjqzA2pzSaqaR9BQDjAwtjAmRzrKMurUMkCGRlBQV1BQt4ZGtlCD\" target=\"_blank\" rel=\"noopener noreferrer\">https:\/\/twitter.com\/marta_perego?lang=it<\/a><\/p>\n<p>&nbsp;<\/p>\n","protected":false},"excerpt":{"rendered":"<p>Il booktrailer di\u00a0La felicit\u00e0 \u00e8 a portata di trolley &#8211; Ogni giorno \u00e8 un (altro) viaggio,\u00a0presenta un percorso scanzonato e ironico per vincere i dubbi e le incertezze che ci bloccano davanti alla valigia aperta sul letto, della vulcanica Marta Perego. Volto noto di programmi televisivi dedicati a libri e cinema, diventata suo malgrado esperta &hellip; <a href=\"https:\/\/www.gdapress.it\/it\/index.php\/62908\/libri\/la-felicita-portata-trolley-un-viaggio-emozionale-marta-perego.html\" class=\"more-link\">Read more <span class=\"screen-reader-text\">La felicit\u00e0 \u00e8 a portata di trolley, un viaggio emozionale con Marta Perego<\/span><\/a><\/p>\n","protected":false},"author":3,"featured_media":62909,"comment_status":"closed","ping_status":"open","sticky":false,"template":"","format":"standard","meta":{"footnotes":""},"categories":[6],"tags":[17448,19793,19794],"class_list":["post-62908","post","type-post","status-publish","format-standard","has-post-thumbnail","hentry","category-libri","tag-libri","tag-marta-perego","tag-trolley"],"_links":{"self":[{"href":"https:\/\/www.gdapress.it\/it\/index.php\/wp-json\/wp\/v2\/posts\/62908","targetHints":{"allow":["GET"]}}],"collection":[{"href":"https:\/\/www.gdapress.it\/it\/index.php\/wp-json\/wp\/v2\/posts"}],"about":[{"href":"https:\/\/www.gdapress.it\/it\/index.php\/wp-json\/wp\/v2\/types\/post"}],"author":[{"embeddable":true,"href":"https:\/\/www.gdapress.it\/it\/index.php\/wp-json\/wp\/v2\/users\/3"}],"replies":[{"embeddable":true,"href":"https:\/\/www.gdapress.it\/it\/index.php\/wp-json\/wp\/v2\/comments?post=62908"}],"version-history":[{"count":1,"href":"https:\/\/www.gdapress.it\/it\/index.php\/wp-json\/wp\/v2\/posts\/62908\/revisions"}],"predecessor-version":[{"id":62910,"href":"https:\/\/www.gdapress.it\/it\/index.php\/wp-json\/wp\/v2\/posts\/62908\/revisions\/62910"}],"wp:featuredmedia":[{"embeddable":true,"href":"https:\/\/www.gdapress.it\/it\/index.php\/wp-json\/wp\/v2\/media\/62909"}],"wp:attachment":[{"href":"https:\/\/www.gdapress.it\/it\/index.php\/wp-json\/wp\/v2\/media?parent=62908"}],"wp:term":[{"taxonomy":"category","embeddable":true,"href":"https:\/\/www.gdapress.it\/it\/index.php\/wp-json\/wp\/v2\/categories?post=62908"},{"taxonomy":"post_tag","embeddable":true,"href":"https:\/\/www.gdapress.it\/it\/index.php\/wp-json\/wp\/v2\/tags?post=62908"}],"curies":[{"name":"wp","href":"https:\/\/api.w.org\/{rel}","templated":true}]}}