
{"id":62870,"date":"2017-05-04T07:41:36","date_gmt":"2017-05-04T05:41:36","guid":{"rendered":"http:\/\/www.gdapress.it\/it\/?p=62870"},"modified":"2017-05-04T07:44:35","modified_gmt":"2017-05-04T05:44:35","slug":"fuori-orticola-2017","status":"publish","type":"post","link":"https:\/\/www.gdapress.it\/it\/index.php\/62870\/appuntamenti\/fuori-orticola-2017.html","title":{"rendered":"FUORI ORTICOLA 2017"},"content":{"rendered":"<p><img loading=\"lazy\" decoding=\"async\" class=\"alignnone size-large wp-image-62871\" src=\"http:\/\/www.gdapress.it\/it\/..\/public\/it\/2017\/05\/17835135_1632125043482943_2148380592654921334_o-500x383.jpg\" alt=\"\" width=\"500\" height=\"383\" srcset=\"https:\/\/www.gdapress.it\/it\/..\/public\/it\/2017\/05\/17835135_1632125043482943_2148380592654921334_o-500x383.jpg 500w, https:\/\/www.gdapress.it\/it\/..\/public\/it\/2017\/05\/17835135_1632125043482943_2148380592654921334_o-300x230.jpg 300w, https:\/\/www.gdapress.it\/it\/..\/public\/it\/2017\/05\/17835135_1632125043482943_2148380592654921334_o-768x589.jpg 768w, https:\/\/www.gdapress.it\/it\/..\/public\/it\/2017\/05\/17835135_1632125043482943_2148380592654921334_o.jpg 1224w\" sizes=\"auto, (max-width: 500px) 100vw, 500px\" \/><\/p>\n<p>Quest&#8217;anno, oltre alla organizzazione della mostra, ci siamo molto dedicati a quello che succede in Milano, fuori dai nostri confini, nel mese di maggio e nei giorni della mostra. Con questa iniziativa si vuole ricreare per le vie della citt\u00e0 quell\u2019atmosfera e quella frenesia che prende il pubblico quando \u00e8 dentro i nostri cancelli.<\/p>\n<p>Durante Orticola e nei giorni successivi infatti \u00e8 possibile visitare a condizioni speciali i principali musei di Milano, baster\u00e0 presentare il biglietto di Orticola, \u00e8 <strong>Orticola al Museo.<\/strong><\/p>\n<p>Nel centro della citt\u00e0 alcuni negozi si uniscono ad Orticola di Lombardia nel promuovere la cultura del verde\u00a0e ci appoggiano festeggiando questi giorni particolari con un allestimento floreale della vetrina e riservando ai nostri visitatori una bellissima sorpresa, sono <strong>Le vetrine di Fuori Orticola<\/strong>.<\/p>\n<p>Altri eventi sono stati organizzati in Milano tra cui <strong><u>Comunemente Verde, <\/u><\/strong>Laboratori per bambini a <strong>Villa Lonati<\/strong>, sede dell\u2019Area Verde Agricoltura Arredo Urbano del Comune di Milano, \u00e8 un luogo per scoprire la ricchezza della vita vegetale nei suoi diversificati aspetti, un\u2019occasione per riflettere sulla diversit\u00e0 della flora, l\u2019equilibrio naturale e l\u2019importanza della biovariet\u00e0.<\/p>\n<p>In questo contesto sabato 6 e domenica 7 maggio dalle ore 9,00 alle ore 19,00, Villa Lonati \u00e8 aperta al pubblico <strong>offrendo gratuitamente e senza prenotazione laboratori per grandi e bambini, visite guidate dei percorsi botanici, incontri e dibattiti, mostra-scambio di piante e semi<\/strong>. Tutte le iniziative su Portale Comune di Milano \u201cComunemente Verde\u201d<\/p>\n<p>Fioristi, floral designer, decoratori si esibiscono in <strong><u>A spasso in via Fiori Chiari, <\/u><\/strong>\u00a0nel cuore di Brera, allestendo le vetrine e gli spazi antistanti, in un proseguimento di piante e fiori tra dentro e fuori, a richiamare nel contempo il nome della via e la mostra-mercato.<strong> Il tema \u00e8 Art &amp; Flowers<\/strong>, i dipinti pi\u00f9 iconici reinterpretati dai floral designer del momento, <strong>con la supervisione di Filippo Pizzoni, architetto paesaggista e vice presidente di orticola di Lombardia. <\/strong><\/p>\n<p>L\u2019idea \u00e8 la base di <strong>una nuova partnership che coinvolge Orticola, l\u2019Associazione Commercianti di via Fiori Chiari e il mensile Marie Claire Maison con il contributo di CityLife<\/strong> per far vivere nei colori, nei profumi, nella natura, da venerd\u00ec 5 a domenica 7 maggio, una delle pi\u00f9 conosciute e storiche vie della citt\u00e0.<\/p>\n<p>I flower designer che hanno risposto all\u2019invito sono stati: <strong>Anna Flower Designer, Clori Home and Flowers, Figli dei Fiori, il Fiore dei Fiori, la Fioreria Cuccagna, Azienda Agricola La Riniera, Fiori Michela Pozzato, Numero 9, Offi Milano, Petali, Ophelia Milano, Potafiorio, <\/strong><strong>TEaK<\/strong><strong> Flower Design, Tearose.<\/strong><\/p>\n<p>Da gioved\u00ec 4 maggio a sabato 7 maggio, il mensile <strong>Gardenia organizza <u>I<\/u><\/strong><strong><u> pomeriggi <\/u><\/strong><strong><u>animati <\/u><\/strong><strong><u>dello Swiss Corner di piazza Cavour, <\/u><\/strong><strong>\u00a0a pochi metri dall\u2019ingresso di Orticola, quello di piazza Cavour<\/strong>.<\/p>\n<p>Dalle ore 15,00 in poi, si pu\u00f2 partecipare gratuitamente a workshop, incontri e presentazioni sulla natura della vicina Svizzera., mentre dalle 18,00 \u00e8 servito \u201cl\u2019aperitivo a tema\u201d.\u00a0 Venerd\u00ec 5 il protagonista \u00e8 Lugano, dove la foce del fiume Cassarate \u00e8 stata rinaturalizzata e trasformata in un parco pubblico, con spiagge dove \u00e8 possibile anche fare il bagno!\u00a0 Sabato 6 \u00e8 dedicato ai paesaggi e ai boschi dell\u2019Alta Engadina, mentre domenica 7 \u00e8 la volta di Lucerna e le erbe spontanee dell\u2019Entlebuch, riserva della Biosfera.<\/p>\n<p>Per \u00a0info su Orticola cliccare<\/p>\n<blockquote class=\"wp-embedded-content\" data-secret=\"t0lyyOmHFn\"><p><a href=\"http:\/\/www.gdapress.it\/it\/index.php\/62573\/appuntamenti\/orticola-lombardia-2017.html\">Orticola di Lombardia 2017<\/a><\/p><\/blockquote>\n<p><iframe loading=\"lazy\" class=\"wp-embedded-content\" sandbox=\"allow-scripts\" security=\"restricted\" style=\"position: absolute; visibility: hidden;\" title=\"&#8220;Orticola di Lombardia 2017&#8221; &#8212; GDA Press\" src=\"http:\/\/www.gdapress.it\/it\/index.php\/62573\/appuntamenti\/orticola-lombardia-2017.html\/embed#?secret=GS8Hj0V6ud#?secret=t0lyyOmHFn\" data-secret=\"t0lyyOmHFn\" width=\"600\" height=\"338\" frameborder=\"0\" marginwidth=\"0\" marginheight=\"0\" scrolling=\"no\"><\/iframe><\/p>\n<p>&nbsp;<\/p>\n","protected":false},"excerpt":{"rendered":"<p>Quest&#8217;anno, oltre alla organizzazione della mostra, ci siamo molto dedicati a quello che succede in Milano, fuori dai nostri confini, nel mese di maggio e nei giorni della mostra. Con questa iniziativa si vuole ricreare per le vie della citt\u00e0 quell\u2019atmosfera e quella frenesia che prende il pubblico quando \u00e8 dentro i nostri cancelli. Durante &hellip; <a href=\"https:\/\/www.gdapress.it\/it\/index.php\/62870\/appuntamenti\/fuori-orticola-2017.html\" class=\"more-link\">Read more <span class=\"screen-reader-text\">FUORI ORTICOLA 2017<\/span><\/a><\/p>\n","protected":false},"author":3,"featured_media":62871,"comment_status":"closed","ping_status":"open","sticky":false,"template":"","format":"standard","meta":{"footnotes":""},"categories":[2245],"tags":[19784],"class_list":["post-62870","post","type-post","status-publish","format-standard","has-post-thumbnail","hentry","category-appuntamenti","tag-fuori-orticola-2017"],"_links":{"self":[{"href":"https:\/\/www.gdapress.it\/it\/index.php\/wp-json\/wp\/v2\/posts\/62870","targetHints":{"allow":["GET"]}}],"collection":[{"href":"https:\/\/www.gdapress.it\/it\/index.php\/wp-json\/wp\/v2\/posts"}],"about":[{"href":"https:\/\/www.gdapress.it\/it\/index.php\/wp-json\/wp\/v2\/types\/post"}],"author":[{"embeddable":true,"href":"https:\/\/www.gdapress.it\/it\/index.php\/wp-json\/wp\/v2\/users\/3"}],"replies":[{"embeddable":true,"href":"https:\/\/www.gdapress.it\/it\/index.php\/wp-json\/wp\/v2\/comments?post=62870"}],"version-history":[{"count":2,"href":"https:\/\/www.gdapress.it\/it\/index.php\/wp-json\/wp\/v2\/posts\/62870\/revisions"}],"predecessor-version":[{"id":62873,"href":"https:\/\/www.gdapress.it\/it\/index.php\/wp-json\/wp\/v2\/posts\/62870\/revisions\/62873"}],"wp:featuredmedia":[{"embeddable":true,"href":"https:\/\/www.gdapress.it\/it\/index.php\/wp-json\/wp\/v2\/media\/62871"}],"wp:attachment":[{"href":"https:\/\/www.gdapress.it\/it\/index.php\/wp-json\/wp\/v2\/media?parent=62870"}],"wp:term":[{"taxonomy":"category","embeddable":true,"href":"https:\/\/www.gdapress.it\/it\/index.php\/wp-json\/wp\/v2\/categories?post=62870"},{"taxonomy":"post_tag","embeddable":true,"href":"https:\/\/www.gdapress.it\/it\/index.php\/wp-json\/wp\/v2\/tags?post=62870"}],"curies":[{"name":"wp","href":"https:\/\/api.w.org\/{rel}","templated":true}]}}