
{"id":62851,"date":"2017-04-03T09:27:36","date_gmt":"2017-04-03T07:27:36","guid":{"rendered":"http:\/\/www.gdapress.it\/it\/?p=62851"},"modified":"2017-05-03T21:30:47","modified_gmt":"2017-05-03T19:30:47","slug":"salone-del-mobile-fuorisalone-by-ghenos","status":"publish","type":"post","link":"https:\/\/www.gdapress.it\/it\/index.php\/62851\/i-saloni-201220132014\/salone-del-mobile-fuorisalone-by-ghenos.html","title":{"rendered":"Salone del Mobile e Fuorisalone  by Ghenos"},"content":{"rendered":"<table border=\"0\" width=\"100%\" cellspacing=\"0\" cellpadding=\"0\" align=\"center\">\n<tbody>\n<tr>\n<td width=\"100%\"><img loading=\"lazy\" decoding=\"async\" class=\"alignnone size-medium wp-image-62852\" src=\"http:\/\/www.gdapress.it\/it\/..\/public\/it\/2017\/05\/17522572_1243047442481813_2362674655586946984_n-300x176.jpg\" alt=\"\" width=\"300\" height=\"176\" srcset=\"https:\/\/www.gdapress.it\/it\/..\/public\/it\/2017\/05\/17522572_1243047442481813_2362674655586946984_n-300x176.jpg 300w, https:\/\/www.gdapress.it\/it\/..\/public\/it\/2017\/05\/17522572_1243047442481813_2362674655586946984_n.jpg 476w\" sizes=\"auto, (max-width: 300px) 100vw, 300px\" \/><\/p>\n<table class=\"x_container\" border=\"0\" width=\"100%\" cellspacing=\"0\" cellpadding=\"0\" align=\"center\">\n<tbody>\n<tr>\n<td width=\"100%\">\n<table class=\"x_block-grid\" width=\"100%\" cellspacing=\"0\" cellpadding=\"0\" bgcolor=\"#FFFFFF\">\n<tbody>\n<tr>\n<td>\n<div class=\"x_col x_num12\">\n<table border=\"0\" width=\"100%\" cellspacing=\"0\" cellpadding=\"0\" align=\"center\">\n<tbody>\n<tr>\n<td>\n<table width=\"100%\" cellspacing=\"0\" cellpadding=\"0\">\n<tbody>\n<tr>\n<td><strong>BALERI ITALIA<\/strong><\/td>\n<\/tr>\n<\/tbody>\n<\/table>\n<\/td>\n<\/tr>\n<\/tbody>\n<\/table>\n<\/div>\n<\/td>\n<\/tr>\n<\/tbody>\n<\/table>\n<\/td>\n<\/tr>\n<\/tbody>\n<\/table>\n<\/td>\n<\/tr>\n<\/tbody>\n<\/table>\n<table border=\"0\" width=\"100%\" cellspacing=\"0\" cellpadding=\"0\" align=\"center\">\n<tbody>\n<tr>\n<td width=\"100%\">\n<table class=\"x_container\" border=\"0\" width=\"100%\" cellspacing=\"0\" cellpadding=\"0\" align=\"center\">\n<tbody>\n<tr>\n<td width=\"100%\">\n<table class=\"x_block-grid x_two-up\" width=\"100%\" cellspacing=\"0\" cellpadding=\"0\" bgcolor=\"#FFFFFF\">\n<tbody>\n<tr>\n<td>\n<div class=\"x_col x_num6\">\n<table border=\"0\" width=\"100%\" cellspacing=\"0\" cellpadding=\"0\" align=\"center\">\n<tbody>\n<tr>\n<td>\n<table width=\"100%\" cellspacing=\"0\" cellpadding=\"0\">\n<tbody>\n<tr>\n<td>Back to the future: il restyling dei prodotti iconici come primo passo della nuova fase di rilancio del brand. AD Sebastiano Lang\u00e9, Art Director Aldo Parisotto di P+F architetti.<\/p>\n<p><strong>SALONE DEL MOBILE<\/strong><\/p>\n<p><strong>Hall 16 Stand D51 <\/strong><\/td>\n<\/tr>\n<\/tbody>\n<\/table>\n<\/td>\n<\/tr>\n<\/tbody>\n<\/table>\n<\/div>\n<div class=\"x_col x_num6\">\n<table border=\"0\" width=\"100%\" cellspacing=\"0\" cellpadding=\"0\" align=\"center\">\n<tbody>\n<tr>\n<td>\n<table width=\"100%\" cellspacing=\"0\" cellpadding=\"0\">\n<tbody>\n<tr>\n<td><strong>FUORISALONE<\/strong><\/p>\n<p><strong>Back to the future<\/strong><br \/>\nShowroom Baleri Italia<br \/>\nvia Gastone Pisoni 6 Milano<br \/>\n4 &#8211; 8 aprile, 10.30 \u2013 20.30<\/td>\n<\/tr>\n<\/tbody>\n<\/table>\n<\/td>\n<\/tr>\n<\/tbody>\n<\/table>\n<\/div>\n<\/td>\n<\/tr>\n<\/tbody>\n<\/table>\n<\/td>\n<\/tr>\n<\/tbody>\n<\/table>\n<\/td>\n<\/tr>\n<\/tbody>\n<\/table>\n<table border=\"0\" width=\"100%\" cellspacing=\"0\" cellpadding=\"0\" align=\"center\">\n<tbody>\n<tr>\n<td width=\"100%\">\n<table class=\"x_container\" border=\"0\" width=\"100%\" cellspacing=\"0\" cellpadding=\"0\" align=\"center\">\n<tbody>\n<tr>\n<td width=\"100%\">\n<table class=\"x_block-grid\" width=\"100%\" cellspacing=\"0\" cellpadding=\"0\" bgcolor=\"#FFFFFF\">\n<tbody>\n<tr>\n<td>\n<div class=\"x_col x_num12\">\n<table border=\"0\" width=\"100%\" cellspacing=\"0\" cellpadding=\"0\" align=\"center\">\n<tbody>\n<tr>\n<td>\n<table border=\"0\" width=\"100%\" cellspacing=\"0\" cellpadding=\"0\" align=\"center\">\n<tbody>\n<tr>\n<td align=\"center\">\n<div>\n<table border=\"0\" cellspacing=\"0\" align=\"center\">\n<tbody>\n<tr>\n<td align=\"center\"><\/td>\n<\/tr>\n<\/tbody>\n<\/table>\n<\/div>\n<\/td>\n<\/tr>\n<\/tbody>\n<\/table>\n<table width=\"100%\" cellspacing=\"0\" cellpadding=\"0\">\n<tbody>\n<tr>\n<td>\n<div>\n<div>\n<p>\u00a0<strong>CARL HANSEN &amp; SON\u00a0<\/strong><\/p>\n<\/div>\n<\/div>\n<\/td>\n<\/tr>\n<\/tbody>\n<\/table>\n<\/td>\n<\/tr>\n<\/tbody>\n<\/table>\n<\/div>\n<\/td>\n<\/tr>\n<\/tbody>\n<\/table>\n<\/td>\n<\/tr>\n<\/tbody>\n<\/table>\n<\/td>\n<\/tr>\n<\/tbody>\n<\/table>\n<table border=\"0\" width=\"100%\" cellspacing=\"0\" cellpadding=\"0\" align=\"center\">\n<tbody>\n<tr>\n<td width=\"100%\">\n<table class=\"x_container\" border=\"0\" width=\"100%\" cellspacing=\"0\" cellpadding=\"0\" align=\"center\">\n<tbody>\n<tr>\n<td width=\"100%\">\n<table class=\"x_block-grid x_two-up\" width=\"100%\" cellspacing=\"0\" cellpadding=\"0\" bgcolor=\"#FFFFFF\">\n<tbody>\n<tr>\n<td>\n<div class=\"x_col x_num6\">\n<table border=\"0\" width=\"100%\" cellspacing=\"0\" cellpadding=\"0\" align=\"center\">\n<tbody>\n<tr>\n<td>\n<table width=\"100%\" cellspacing=\"0\" cellpadding=\"0\">\n<tbody>\n<tr>\n<td>Un omaggio al design iconico dei maestri danesi della\u00a0met\u00e0 del ventesimo secolo e le nuove collezioni sviluppate con i designer contemporanei, Naja Utzon Popov e Anker Bak.<\/p>\n<p><strong>SALONE DEL MOBILE<\/strong><\/p>\n<p><strong>Hall 5 Stand D04<\/strong><\/td>\n<\/tr>\n<\/tbody>\n<\/table>\n<\/td>\n<\/tr>\n<\/tbody>\n<\/table>\n<\/div>\n<div class=\"x_col x_num6\">\n<table border=\"0\" width=\"100%\" cellspacing=\"0\" cellpadding=\"0\" align=\"center\">\n<tbody>\n<tr>\n<td>\n<table width=\"100%\" cellspacing=\"0\" cellpadding=\"0\">\n<tbody>\n<tr>\n<td>\n<div>\n<div>\n<p><strong>FUORISALONE<\/strong><\/p>\n<p><strong>A century of masterworks<\/strong><br \/>\nShowroom Carl Hansen &amp; Son<br \/>\nForo Buonaparte 18 A, angolo Via Arco<br \/>\n4 &#8211; 5 &#8211; 7 &#8211; 8 aprile, 10.00 &#8211; 21.00<br \/>\n6 &#8211; 9 aprile, 10.00 &#8211; 18.00<\/p>\n<\/div>\n<\/div>\n<\/td>\n<\/tr>\n<\/tbody>\n<\/table>\n<\/td>\n<\/tr>\n<\/tbody>\n<\/table>\n<\/div>\n<\/td>\n<\/tr>\n<\/tbody>\n<\/table>\n<\/td>\n<\/tr>\n<\/tbody>\n<\/table>\n<\/td>\n<\/tr>\n<\/tbody>\n<\/table>\n<table border=\"0\" width=\"100%\" cellspacing=\"0\" cellpadding=\"0\" align=\"center\">\n<tbody>\n<tr>\n<td width=\"100%\">\n<table class=\"x_container\" border=\"0\" width=\"100%\" cellspacing=\"0\" cellpadding=\"0\" align=\"center\">\n<tbody>\n<tr>\n<td width=\"100%\">\n<table class=\"x_block-grid\" width=\"100%\" cellspacing=\"0\" cellpadding=\"0\" bgcolor=\"#FFFFFF\">\n<tbody>\n<tr>\n<td>\n<div class=\"x_col x_num12\">\n<table border=\"0\" width=\"100%\" cellspacing=\"0\" cellpadding=\"0\" align=\"center\">\n<tbody>\n<tr>\n<td>\n<table border=\"0\" width=\"100%\" cellspacing=\"0\" cellpadding=\"0\" align=\"center\">\n<tbody>\n<tr>\n<td align=\"center\">\n<div>\n<table border=\"0\" cellspacing=\"0\" align=\"center\">\n<tbody>\n<tr>\n<td align=\"center\"><\/td>\n<\/tr>\n<\/tbody>\n<\/table>\n<\/div>\n<\/td>\n<\/tr>\n<\/tbody>\n<\/table>\n<table width=\"100%\" cellspacing=\"0\" cellpadding=\"0\">\n<tbody>\n<tr>\n<td>\n<div>\n<div>\n<p><strong>CERAMICHE REFIN<\/strong><\/p>\n<\/div>\n<\/div>\n<\/td>\n<\/tr>\n<\/tbody>\n<\/table>\n<\/td>\n<\/tr>\n<\/tbody>\n<\/table>\n<\/div>\n<\/td>\n<\/tr>\n<\/tbody>\n<\/table>\n<\/td>\n<\/tr>\n<\/tbody>\n<\/table>\n<\/td>\n<\/tr>\n<\/tbody>\n<\/table>\n<table border=\"0\" width=\"100%\" cellspacing=\"0\" cellpadding=\"0\" align=\"center\">\n<tbody>\n<tr>\n<td width=\"100%\">\n<table class=\"x_container\" border=\"0\" width=\"100%\" cellspacing=\"0\" cellpadding=\"0\" align=\"center\">\n<tbody>\n<tr>\n<td width=\"100%\">\n<table class=\"x_block-grid x_two-up\" width=\"100%\" cellspacing=\"0\" cellpadding=\"0\" bgcolor=\"#FFFFFF\">\n<tbody>\n<tr>\n<td>\n<div class=\"x_col x_num6\">\n<table border=\"0\" width=\"100%\" cellspacing=\"0\" cellpadding=\"0\" align=\"center\">\n<tbody>\n<tr>\n<td>\n<table width=\"100%\" cellspacing=\"0\" cellpadding=\"0\">\n<tbody>\n<tr>\n<td>The Secret Tale of Ceramics: i pattern e le geometrie dell&#8217;inedita collezione Twist, ideata per Ceramiche Refin da Arianna Lelli Mami e Chiara di Pinto, saranno protagonisti dell\u2019allestimento di Studiopepe nelle prestigiose sale progettate da Sottsass Associati negli anni \u201990.<\/td>\n<\/tr>\n<\/tbody>\n<\/table>\n<\/td>\n<\/tr>\n<\/tbody>\n<\/table>\n<\/div>\n<div class=\"x_col x_num6\">\n<table border=\"0\" width=\"100%\" cellspacing=\"0\" cellpadding=\"0\" align=\"center\">\n<tbody>\n<tr>\n<td>\n<table width=\"100%\" cellspacing=\"0\" cellpadding=\"0\">\n<tbody>\n<tr>\n<td><strong>FUORISALONE<\/strong><br \/>\n<strong>The Secret Tale of Ceramics<\/strong><br \/>\nRefin Studio<br \/>\nvia Melone 2<br \/>\n4 &#8211; 9 aprile, 10.00-19.00<\/td>\n<\/tr>\n<\/tbody>\n<\/table>\n<\/td>\n<\/tr>\n<\/tbody>\n<\/table>\n<\/div>\n<\/td>\n<\/tr>\n<\/tbody>\n<\/table>\n<\/td>\n<\/tr>\n<\/tbody>\n<\/table>\n<\/td>\n<\/tr>\n<\/tbody>\n<\/table>\n<table border=\"0\" width=\"100%\" cellspacing=\"0\" cellpadding=\"0\" align=\"center\">\n<tbody>\n<tr>\n<td width=\"100%\">\n<table class=\"x_container\" border=\"0\" width=\"100%\" cellspacing=\"0\" cellpadding=\"0\" align=\"center\">\n<tbody>\n<tr>\n<td width=\"100%\">\n<table class=\"x_block-grid\" width=\"100%\" cellspacing=\"0\" cellpadding=\"0\" bgcolor=\"#FFFFFF\">\n<tbody>\n<tr>\n<td>\n<div class=\"x_col x_num12\">\n<table border=\"0\" width=\"100%\" cellspacing=\"0\" cellpadding=\"0\" align=\"center\">\n<tbody>\n<tr>\n<td>\n<table border=\"0\" width=\"100%\" cellspacing=\"0\" cellpadding=\"0\" align=\"center\">\n<tbody>\n<tr>\n<td align=\"center\">\n<div>\n<table border=\"0\" cellspacing=\"0\" align=\"center\">\n<tbody>\n<tr>\n<td align=\"center\"><\/td>\n<\/tr>\n<\/tbody>\n<\/table>\n<\/div>\n<\/td>\n<\/tr>\n<\/tbody>\n<\/table>\n<table width=\"100%\" cellspacing=\"0\" cellpadding=\"0\">\n<tbody>\n<tr>\n<td>\n<div>\n<div>\n<p><strong>COLOS<\/strong><\/p>\n<\/div>\n<\/div>\n<\/td>\n<\/tr>\n<\/tbody>\n<\/table>\n<\/td>\n<\/tr>\n<\/tbody>\n<\/table>\n<\/div>\n<\/td>\n<\/tr>\n<\/tbody>\n<\/table>\n<\/td>\n<\/tr>\n<\/tbody>\n<\/table>\n<\/td>\n<\/tr>\n<\/tbody>\n<\/table>\n<table border=\"0\" width=\"100%\" cellspacing=\"0\" cellpadding=\"0\" align=\"center\">\n<tbody>\n<tr>\n<td width=\"100%\">\n<table class=\"x_container\" border=\"0\" width=\"100%\" cellspacing=\"0\" cellpadding=\"0\" align=\"center\">\n<tbody>\n<tr>\n<td width=\"100%\">\n<table class=\"x_block-grid\" width=\"100%\" cellspacing=\"0\" cellpadding=\"0\" bgcolor=\"#FFFFFF\">\n<tbody>\n<tr>\n<td>\n<div class=\"x_col x_num12\">\n<table border=\"0\" width=\"100%\" cellspacing=\"0\" cellpadding=\"0\" align=\"center\">\n<tbody>\n<tr>\n<td>\n<table width=\"100%\" cellspacing=\"0\" cellpadding=\"0\">\n<tbody>\n<tr>\n<td>\n<div>\n<div>\n<p>COLOS, azienda che nasce dall\u2019esperienza del gruppo Cerantola, presenta \u00a0collezioni di qualit\u00e0, interamente Made in Italy e firmate da giovani progettisti internazionali in grado di coniugare\u00a0il saper fare italiano ad una sensibilit\u00e0 e approccio cosmopoliti.<\/p>\n<p><strong>SALONE DEL MOBILE<\/strong><\/p>\n<p><strong>Hall 12 Stand E01 F02<\/strong><\/p>\n<\/div>\n<\/div>\n<\/td>\n<\/tr>\n<\/tbody>\n<\/table>\n<\/td>\n<\/tr>\n<\/tbody>\n<\/table>\n<\/div>\n<\/td>\n<\/tr>\n<\/tbody>\n<\/table>\n<\/td>\n<\/tr>\n<\/tbody>\n<\/table>\n<\/td>\n<\/tr>\n<\/tbody>\n<\/table>\n<table border=\"0\" width=\"100%\" cellspacing=\"0\" cellpadding=\"0\" align=\"center\">\n<tbody>\n<tr>\n<td width=\"100%\">\n<table class=\"x_container\" border=\"0\" width=\"100%\" cellspacing=\"0\" cellpadding=\"0\" align=\"center\">\n<tbody>\n<tr>\n<td width=\"100%\">\n<table class=\"x_block-grid\" width=\"100%\" cellspacing=\"0\" cellpadding=\"0\" bgcolor=\"#FFFFFF\">\n<tbody>\n<tr>\n<td>\n<div class=\"x_col x_num12\">\n<table border=\"0\" width=\"100%\" cellspacing=\"0\" cellpadding=\"0\" align=\"center\">\n<tbody>\n<tr>\n<td>\n<table border=\"0\" width=\"100%\" cellspacing=\"0\" cellpadding=\"0\" align=\"center\">\n<tbody>\n<tr>\n<td align=\"center\">\n<div>\n<table border=\"0\" cellspacing=\"0\" align=\"center\">\n<tbody>\n<tr>\n<td align=\"center\"><\/td>\n<\/tr>\n<\/tbody>\n<\/table>\n<\/div>\n<\/td>\n<\/tr>\n<\/tbody>\n<\/table>\n<table width=\"100%\" cellspacing=\"0\" cellpadding=\"0\">\n<tbody>\n<tr>\n<td>\n<div>\n<div>\n<p><strong>FONTANOT<\/strong><\/p>\n<\/div>\n<\/div>\n<\/td>\n<\/tr>\n<\/tbody>\n<\/table>\n<\/td>\n<\/tr>\n<\/tbody>\n<\/table>\n<\/div>\n<\/td>\n<\/tr>\n<\/tbody>\n<\/table>\n<\/td>\n<\/tr>\n<\/tbody>\n<\/table>\n<\/td>\n<\/tr>\n<\/tbody>\n<\/table>\n<table border=\"0\" width=\"100%\" cellspacing=\"0\" cellpadding=\"0\" align=\"center\">\n<tbody>\n<tr>\n<td width=\"100%\">\n<table class=\"x_container\" border=\"0\" width=\"100%\" cellspacing=\"0\" cellpadding=\"0\" align=\"center\">\n<tbody>\n<tr>\n<td width=\"100%\">\n<table class=\"x_block-grid x_two-up\" width=\"100%\" cellspacing=\"0\" cellpadding=\"0\" bgcolor=\"#FFFFFF\">\n<tbody>\n<tr>\n<td>\n<div class=\"x_col x_num6\">\n<table border=\"0\" width=\"100%\" cellspacing=\"0\" cellpadding=\"0\" align=\"center\">\n<tbody>\n<tr>\n<td>\n<table width=\"100%\" cellspacing=\"0\" cellpadding=\"0\">\n<tbody>\n<tr>\n<td>\n<div>\n<div>\n<p>Fontanot sar\u00e0 presente da Milano Contract District e nella Penthouse One a CityLife, progettata da Zaha Hadid<\/p>\n<\/div>\n<\/div>\n<\/td>\n<\/tr>\n<\/tbody>\n<\/table>\n<\/td>\n<\/tr>\n<\/tbody>\n<\/table>\n<\/div>\n<div class=\"x_col x_num6\">\n<table border=\"0\" width=\"100%\" cellspacing=\"0\" cellpadding=\"0\" align=\"center\">\n<tbody>\n<tr>\n<td>\n<table width=\"100%\" cellspacing=\"0\" cellpadding=\"0\">\n<tbody>\n<tr>\n<td>\n<div>\n<p><strong>FUORISALONE<\/strong><\/p>\n<p><strong>Showroom Milano Contract District<\/strong><br \/>\nvia Melloni 3<br \/>\n3 &#8211; 7 aprile, 11.00 &#8211; 18.00<\/p>\n<p><strong>Penthouse One | 11<\/strong><br \/>\nvia Senofonte 2<\/p>\n<\/div>\n<\/td>\n<\/tr>\n<\/tbody>\n<\/table>\n<\/td>\n<\/tr>\n<\/tbody>\n<\/table>\n<\/div>\n<\/td>\n<\/tr>\n<\/tbody>\n<\/table>\n<\/td>\n<\/tr>\n<\/tbody>\n<\/table>\n<\/td>\n<\/tr>\n<\/tbody>\n<\/table>\n<table border=\"0\" width=\"100%\" cellspacing=\"0\" cellpadding=\"0\" align=\"center\">\n<tbody>\n<tr>\n<td width=\"100%\">\n<table class=\"x_container\" border=\"0\" width=\"100%\" cellspacing=\"0\" cellpadding=\"0\" align=\"center\">\n<tbody>\n<tr>\n<td width=\"100%\">\n<table class=\"x_block-grid\" width=\"100%\" cellspacing=\"0\" cellpadding=\"0\" bgcolor=\"#FFFFFF\">\n<tbody>\n<tr>\n<td>\n<div class=\"x_col x_num12\">\n<table border=\"0\" width=\"100%\" cellspacing=\"0\" cellpadding=\"0\" align=\"center\">\n<tbody>\n<tr>\n<td>\n<table border=\"0\" width=\"100%\" cellspacing=\"0\" cellpadding=\"0\" align=\"center\">\n<tbody>\n<tr>\n<td align=\"center\">\n<div>\n<table border=\"0\" cellspacing=\"0\" align=\"center\">\n<tbody>\n<tr>\n<td align=\"center\"><\/td>\n<\/tr>\n<\/tbody>\n<\/table>\n<\/div>\n<\/td>\n<\/tr>\n<\/tbody>\n<\/table>\n<table width=\"100%\" cellspacing=\"0\" cellpadding=\"0\">\n<tbody>\n<tr>\n<td>\n<div>\n<div>\n<p><strong>GALLERIA GIORDANI<\/strong><\/p>\n<\/div>\n<\/div>\n<\/td>\n<\/tr>\n<\/tbody>\n<\/table>\n<\/td>\n<\/tr>\n<\/tbody>\n<\/table>\n<\/div>\n<\/td>\n<\/tr>\n<\/tbody>\n<\/table>\n<\/td>\n<\/tr>\n<\/tbody>\n<\/table>\n<\/td>\n<\/tr>\n<\/tbody>\n<\/table>\n<table border=\"0\" width=\"100%\" cellspacing=\"0\" cellpadding=\"0\" align=\"center\">\n<tbody>\n<tr>\n<td width=\"100%\">\n<table class=\"x_container\" border=\"0\" width=\"100%\" cellspacing=\"0\" cellpadding=\"0\" align=\"center\">\n<tbody>\n<tr>\n<td width=\"100%\">\n<table class=\"x_block-grid x_two-up\" width=\"100%\" cellspacing=\"0\" cellpadding=\"0\" bgcolor=\"#FFFFFF\">\n<tbody>\n<tr>\n<td>\n<div class=\"x_col x_num6\">\n<table border=\"0\" width=\"100%\" cellspacing=\"0\" cellpadding=\"0\" align=\"center\">\n<tbody>\n<tr>\n<td>\n<table width=\"100%\" cellspacing=\"0\" cellpadding=\"0\">\n<tbody>\n<tr>\n<td>\n<div>\n<div>\n<p>Design, scultura e manifattura specializzata della moda si incontrano nell\u2019architettura della Galleria Giordani per &#8220;tracciare un segno&#8221; dei territori e degli abitanti delle zone del marchigiano colpite dal sisma. Designer: Riccardo Diotallevi, scultore: Giuliano Giuliani.<\/p>\n<\/div>\n<\/div>\n<\/td>\n<\/tr>\n<\/tbody>\n<\/table>\n<\/td>\n<\/tr>\n<\/tbody>\n<\/table>\n<\/div>\n<div class=\"x_col x_num6\">\n<table border=\"0\" width=\"100%\" cellspacing=\"0\" cellpadding=\"0\" align=\"center\">\n<tbody>\n<tr>\n<td>\n<table width=\"100%\" cellspacing=\"0\" cellpadding=\"0\">\n<tbody>\n<tr>\n<td>\n<div>\n<div>\n<p><strong>FUORISALONE<\/strong><\/p>\n<p><strong>Gravity: Textile + Design + Sculpture = Messages from Earth<\/strong><br \/>\nGalleria Giordani<br \/>\nvia Savona 43<br \/>\n4 &#8211; 9 aprile, 10.00 &#8211; 22.00<\/p>\n<\/div>\n<\/div>\n<\/td>\n<\/tr>\n<\/tbody>\n<\/table>\n<\/td>\n<\/tr>\n<\/tbody>\n<\/table>\n<\/div>\n<\/td>\n<\/tr>\n<\/tbody>\n<\/table>\n<\/td>\n<\/tr>\n<\/tbody>\n<\/table>\n<\/td>\n<\/tr>\n<\/tbody>\n<\/table>\n<table border=\"0\" width=\"100%\" cellspacing=\"0\" cellpadding=\"0\" align=\"center\">\n<tbody>\n<tr>\n<td width=\"100%\">\n<table class=\"x_container\" border=\"0\" width=\"100%\" cellspacing=\"0\" cellpadding=\"0\" align=\"center\">\n<tbody>\n<tr>\n<td width=\"100%\">\n<table class=\"x_block-grid\" width=\"100%\" cellspacing=\"0\" cellpadding=\"0\" bgcolor=\"#FFFFFF\">\n<tbody>\n<tr>\n<td>\n<div class=\"x_col x_num12\">\n<table border=\"0\" width=\"100%\" cellspacing=\"0\" cellpadding=\"0\" align=\"center\">\n<tbody>\n<tr>\n<td>\n<table border=\"0\" width=\"100%\" cellspacing=\"0\" cellpadding=\"0\" align=\"center\">\n<tbody>\n<tr>\n<td align=\"center\">\n<div>\n<table border=\"0\" cellspacing=\"0\" align=\"center\">\n<tbody>\n<tr>\n<td align=\"center\"><\/td>\n<\/tr>\n<\/tbody>\n<\/table>\n<\/div>\n<\/td>\n<\/tr>\n<\/tbody>\n<\/table>\n<table width=\"100%\" cellspacing=\"0\" cellpadding=\"0\">\n<tbody>\n<tr>\n<td>\n<div>\n<div>\n<p><strong>LISTONE GIORDANO<\/strong><\/p>\n<\/div>\n<\/div>\n<\/td>\n<\/tr>\n<\/tbody>\n<\/table>\n<\/td>\n<\/tr>\n<\/tbody>\n<\/table>\n<\/div>\n<\/td>\n<\/tr>\n<\/tbody>\n<\/table>\n<\/td>\n<\/tr>\n<\/tbody>\n<\/table>\n<\/td>\n<\/tr>\n<\/tbody>\n<\/table>\n<table border=\"0\" width=\"100%\" cellspacing=\"0\" cellpadding=\"0\" align=\"center\">\n<tbody>\n<tr>\n<td width=\"100%\">\n<table class=\"x_container\" border=\"0\" width=\"100%\" cellspacing=\"0\" cellpadding=\"0\" align=\"center\">\n<tbody>\n<tr>\n<td width=\"100%\">\n<table class=\"x_block-grid x_two-up\" width=\"100%\" cellspacing=\"0\" cellpadding=\"0\" bgcolor=\"#FFFFFF\">\n<tbody>\n<tr>\n<td>\n<div class=\"x_col x_num6\">\n<table border=\"0\" width=\"100%\" cellspacing=\"0\" cellpadding=\"0\" align=\"center\">\n<tbody>\n<tr>\n<td>\n<table width=\"100%\" cellspacing=\"0\" cellpadding=\"0\">\n<tbody>\n<tr>\n<td>Le eleganti ed innovative collezioni dell&#8217;azienda sinonimo in tutto il mondo di\u00a0eccellenza nella realizzazione di pavimenti in legno alto di gamma esposte presso\u00a0prestigiose\u00a0location\u00a0milanesi.<\/p>\n<p><strong>SALONE DEL MOBILE<\/strong><br \/>\n<strong>Hall 16 Stand B25-C30<\/strong> (Stand Lago)<\/td>\n<\/tr>\n<\/tbody>\n<\/table>\n<\/td>\n<\/tr>\n<\/tbody>\n<\/table>\n<\/div>\n<div class=\"x_col x_num6\">\n<table border=\"0\" width=\"100%\" cellspacing=\"0\" cellpadding=\"0\" align=\"center\">\n<tbody>\n<tr>\n<td>\n<table width=\"100%\" cellspacing=\"0\" cellpadding=\"0\">\n<tbody>\n<tr>\n<td><strong>FUORISALONE<\/strong><\/p>\n<p><strong>Showroom Milano Contract District<\/strong><br \/>\nvia Melloni 3<br \/>\n3 &#8211; 7 aprile, 10.00 &#8211; 18.30<\/p>\n<p><strong>Paola Lenti &#8211; Accordi<\/strong><br \/>\nFabbrica Orobia<br \/>\nvia Orobia 15<br \/>\n4 &#8211; 8 aprile, 10.00 &#8211; 19.00<br \/>\n9 aprile, 10.00 &#8211; 20.00<\/p>\n<p><strong>Penthouse One<br \/>\n<\/strong><\/p>\n<p>Via Senofonte 2<\/td>\n<\/tr>\n<\/tbody>\n<\/table>\n<\/td>\n<\/tr>\n<\/tbody>\n<\/table>\n<\/div>\n<\/td>\n<\/tr>\n<\/tbody>\n<\/table>\n<\/td>\n<\/tr>\n<\/tbody>\n<\/table>\n<\/td>\n<\/tr>\n<\/tbody>\n<\/table>\n<table border=\"0\" width=\"100%\" cellspacing=\"0\" cellpadding=\"0\" align=\"center\">\n<tbody>\n<tr>\n<td width=\"100%\">\n<table class=\"x_container\" border=\"0\" width=\"100%\" cellspacing=\"0\" cellpadding=\"0\" align=\"center\">\n<tbody>\n<tr>\n<td width=\"100%\">\n<table class=\"x_block-grid\" width=\"100%\" cellspacing=\"0\" cellpadding=\"0\" bgcolor=\"#FFFFFF\">\n<tbody>\n<tr>\n<td>\n<div class=\"x_col x_num12\">\n<table border=\"0\" width=\"100%\" cellspacing=\"0\" cellpadding=\"0\" align=\"center\">\n<tbody>\n<tr>\n<td>\n<table border=\"0\" width=\"100%\" cellspacing=\"0\" cellpadding=\"0\" align=\"center\">\n<tbody>\n<tr>\n<td align=\"center\">\n<div>\n<table border=\"0\" cellspacing=\"0\" align=\"center\">\n<tbody>\n<tr>\n<td align=\"center\"><\/td>\n<\/tr>\n<\/tbody>\n<\/table>\n<\/div>\n<\/td>\n<\/tr>\n<\/tbody>\n<\/table>\n<table width=\"100%\" cellspacing=\"0\" cellpadding=\"0\">\n<tbody>\n<tr>\n<td>\n<div>\n<div>\n<p><strong>MARCHE CREATIVE<\/strong><\/p>\n<\/div>\n<\/div>\n<\/td>\n<\/tr>\n<\/tbody>\n<\/table>\n<\/td>\n<\/tr>\n<\/tbody>\n<\/table>\n<\/div>\n<\/td>\n<\/tr>\n<\/tbody>\n<\/table>\n<\/td>\n<\/tr>\n<\/tbody>\n<\/table>\n<\/td>\n<\/tr>\n<\/tbody>\n<\/table>\n<table border=\"0\" width=\"100%\" cellspacing=\"0\" cellpadding=\"0\" align=\"center\">\n<tbody>\n<tr>\n<td width=\"100%\">\n<table class=\"x_container\" border=\"0\" width=\"100%\" cellspacing=\"0\" cellpadding=\"0\" align=\"center\">\n<tbody>\n<tr>\n<td width=\"100%\">\n<table class=\"x_block-grid x_two-up\" width=\"100%\" cellspacing=\"0\" cellpadding=\"0\" bgcolor=\"#FFFFFF\">\n<tbody>\n<tr>\n<td>\n<div class=\"x_col x_num6\">\n<table border=\"0\" width=\"100%\" cellspacing=\"0\" cellpadding=\"0\" align=\"center\">\n<tbody>\n<tr>\n<td>\n<table width=\"100%\" cellspacing=\"0\" cellpadding=\"0\">\n<tbody>\n<tr>\n<td>\n<div>\n<div>\n<p>Moda e design a tavola: un progetto di Lucy Salamanca in un mix estetico e culinario di oggetti, materiali, manufatti di alta artigianalit\u00e0 italiana e un men\u00f9 speciale interpretato dello Chef Fabio Barbaglini.<\/p>\n<\/div>\n<\/div>\n<\/td>\n<\/tr>\n<\/tbody>\n<\/table>\n<\/td>\n<\/tr>\n<\/tbody>\n<\/table>\n<\/div>\n<div class=\"x_col x_num6\">\n<table border=\"0\" width=\"100%\" cellspacing=\"0\" cellpadding=\"0\" align=\"center\">\n<tbody>\n<tr>\n<td>\n<table width=\"100%\" cellspacing=\"0\" cellpadding=\"0\">\n<tbody>\n<tr>\n<td>\n<div>\n<div>\n<p><strong>FUORISALONE<\/strong><\/p>\n<p><strong>Too beautiful to eat<br \/>\n<\/strong>via Savona 43<br \/>\n4\u00a0&#8211; 9 aprile, 10.00 &#8211; 22.00<\/p>\n<\/div>\n<\/div>\n<\/td>\n<\/tr>\n<\/tbody>\n<\/table>\n<\/td>\n<\/tr>\n<\/tbody>\n<\/table>\n<\/div>\n<\/td>\n<\/tr>\n<\/tbody>\n<\/table>\n<\/td>\n<\/tr>\n<\/tbody>\n<\/table>\n<\/td>\n<\/tr>\n<\/tbody>\n<\/table>\n<table border=\"0\" width=\"100%\" cellspacing=\"0\" cellpadding=\"0\" align=\"center\">\n<tbody>\n<tr>\n<td width=\"100%\">\n<table class=\"x_container\" border=\"0\" width=\"100%\" cellspacing=\"0\" cellpadding=\"0\" align=\"center\">\n<tbody>\n<tr>\n<td width=\"100%\">\n<table class=\"x_block-grid\" width=\"100%\" cellspacing=\"0\" cellpadding=\"0\" bgcolor=\"#FFFFFF\">\n<tbody>\n<tr>\n<td>\n<div class=\"x_col x_num12\">\n<table border=\"0\" width=\"100%\" cellspacing=\"0\" cellpadding=\"0\" align=\"center\">\n<tbody>\n<tr>\n<td>\n<table border=\"0\" width=\"100%\" cellspacing=\"0\" cellpadding=\"0\" align=\"center\">\n<tbody>\n<tr>\n<td align=\"center\">\n<div>\n<table border=\"0\" cellspacing=\"0\" align=\"center\">\n<tbody>\n<tr>\n<td align=\"center\"><\/td>\n<\/tr>\n<\/tbody>\n<\/table>\n<\/div>\n<\/td>\n<\/tr>\n<\/tbody>\n<\/table>\n<\/td>\n<\/tr>\n<\/tbody>\n<\/table>\n<\/div>\n<\/td>\n<\/tr>\n<\/tbody>\n<\/table>\n<\/td>\n<\/tr>\n<\/tbody>\n<\/table>\n<\/td>\n<\/tr>\n<\/tbody>\n<\/table>\n<table border=\"0\" width=\"100%\" cellspacing=\"0\" cellpadding=\"0\" align=\"center\">\n<tbody>\n<tr>\n<td width=\"100%\">\n<table class=\"x_container\" border=\"0\" width=\"100%\" cellspacing=\"0\" cellpadding=\"0\" align=\"center\">\n<tbody>\n<tr>\n<td width=\"100%\">\n<table class=\"x_block-grid\" width=\"100%\" cellspacing=\"0\" cellpadding=\"0\" bgcolor=\"#FFFFFF\">\n<tbody>\n<tr>\n<td>\n<div class=\"x_col x_num12\">\n<table border=\"0\" width=\"100%\" cellspacing=\"0\" cellpadding=\"0\" align=\"center\">\n<tbody>\n<tr>\n<td>\n<table width=\"100%\" cellspacing=\"0\" cellpadding=\"0\">\n<tbody>\n<tr>\n<td>\n<div>\n<div>\n<p><strong>MATTEO BRIONI<\/strong><\/p>\n<\/div>\n<\/div>\n<\/td>\n<\/tr>\n<\/tbody>\n<\/table>\n<\/td>\n<\/tr>\n<\/tbody>\n<\/table>\n<\/div>\n<\/td>\n<\/tr>\n<\/tbody>\n<\/table>\n<\/td>\n<\/tr>\n<\/tbody>\n<\/table>\n<\/td>\n<\/tr>\n<\/tbody>\n<\/table>\n<table border=\"0\" width=\"100%\" cellspacing=\"0\" cellpadding=\"0\" align=\"center\">\n<tbody>\n<tr>\n<td width=\"100%\">\n<table class=\"x_container\" border=\"0\" width=\"100%\" cellspacing=\"0\" cellpadding=\"0\" align=\"center\">\n<tbody>\n<tr>\n<td width=\"100%\">\n<table class=\"x_block-grid x_two-up\" width=\"100%\" cellspacing=\"0\" cellpadding=\"0\" bgcolor=\"#FFFFFF\">\n<tbody>\n<tr>\n<td>\n<div class=\"x_col x_num6\">\n<table border=\"0\" width=\"100%\" cellspacing=\"0\" cellpadding=\"0\" align=\"center\">\n<tbody>\n<tr>\n<td>\n<table width=\"100%\" cellspacing=\"0\" cellpadding=\"0\">\n<tbody>\n<tr>\n<td>Vero e proprio architetto della terra,\u00a0Matteo Brioni, affiancato dalla sapiente direzione artistica di Marialaura Rossiello dello Studio Irvine, presenta alcuni esempi delle infinite applicazioni nell&#8217;architettura e nel design della terra cruda.<\/p>\n<p><strong>SALONE DEL MOBILE<\/strong><br \/>\n<strong>Hall 16 &#8211; Stand D52 <\/strong>(Stand Baleri Italia)<\/td>\n<\/tr>\n<\/tbody>\n<\/table>\n<\/td>\n<\/tr>\n<\/tbody>\n<\/table>\n<\/div>\n<div class=\"x_col x_num6\">\n<table border=\"0\" width=\"100%\" cellspacing=\"0\" cellpadding=\"0\" align=\"center\">\n<tbody>\n<tr>\n<td>\n<table width=\"100%\" cellspacing=\"0\" cellpadding=\"0\">\n<tbody>\n<tr>\n<td>\n<div>\n<div>\n<p><strong>FUORISALONE<\/strong><\/p>\n<p><strong>Agape12<\/strong><br \/>\nvia Statuto 12<br \/>\n4 &#8211; 9 aprile, 10.00 &#8211; 21.00<\/p>\n<p><strong>Albed<\/strong><br \/>\nvia San Damiano 5<br \/>\n4 &#8211; 9 aprile, 10.00 &#8211; 21.00<\/p>\n<\/div>\n<div><strong>Paola C<\/strong><br \/>\nVia Solferino 11<br \/>\n4 &#8211; 9 aprile, 10.00 &#8211; 21.00<\/div>\n<div><strong>Vintage 55<\/strong><br \/>\nVia Ponte Vetero 1<br \/>\n4 &#8211; 9 aprile, 10.00 &#8211; 21.00<\/div>\n<div><strong>Fabbrica del Vapore<\/strong><br \/>\nVia Procaccini 4<\/div>\n<div>4 &#8211; 9 aprile, 10.00 &#8211; 21.00<\/div>\n<\/div>\n<\/td>\n<\/tr>\n<\/tbody>\n<\/table>\n<\/td>\n<\/tr>\n<\/tbody>\n<\/table>\n<\/div>\n<\/td>\n<\/tr>\n<\/tbody>\n<\/table>\n<\/td>\n<\/tr>\n<\/tbody>\n<\/table>\n<\/td>\n<\/tr>\n<\/tbody>\n<\/table>\n<table border=\"0\" width=\"100%\" cellspacing=\"0\" cellpadding=\"0\" align=\"center\">\n<tbody>\n<tr>\n<td width=\"100%\">\n<table class=\"x_container\" border=\"0\" width=\"100%\" cellspacing=\"0\" cellpadding=\"0\" align=\"center\">\n<tbody>\n<tr>\n<td width=\"100%\">\n<table class=\"x_block-grid\" width=\"100%\" cellspacing=\"0\" cellpadding=\"0\" bgcolor=\"#FFFFFF\">\n<tbody>\n<tr>\n<td>\n<div class=\"x_col x_num12\">\n<table border=\"0\" width=\"100%\" cellspacing=\"0\" cellpadding=\"0\" align=\"center\">\n<tbody>\n<tr>\n<td>\n<table border=\"0\" width=\"100%\" cellspacing=\"0\" cellpadding=\"0\" align=\"center\">\n<tbody>\n<tr>\n<td align=\"center\">\n<div>\n<table border=\"0\" cellspacing=\"0\" align=\"center\">\n<tbody>\n<tr>\n<td align=\"center\"><\/td>\n<\/tr>\n<\/tbody>\n<\/table>\n<\/div>\n<\/td>\n<\/tr>\n<\/tbody>\n<\/table>\n<table width=\"100%\" cellspacing=\"0\" cellpadding=\"0\">\n<tbody>\n<tr>\n<td>\n<div>\n<div>\u00a0<strong>MILANO CONTRACT DISTRICT<\/strong><\/div>\n<\/div>\n<\/td>\n<\/tr>\n<\/tbody>\n<\/table>\n<\/td>\n<\/tr>\n<\/tbody>\n<\/table>\n<\/div>\n<\/td>\n<\/tr>\n<\/tbody>\n<\/table>\n<\/td>\n<\/tr>\n<\/tbody>\n<\/table>\n<\/td>\n<\/tr>\n<\/tbody>\n<\/table>\n<table border=\"0\" width=\"100%\" cellspacing=\"0\" cellpadding=\"0\" align=\"center\">\n<tbody>\n<tr>\n<td width=\"100%\">\n<table class=\"x_container\" border=\"0\" width=\"100%\" cellspacing=\"0\" cellpadding=\"0\" align=\"center\">\n<tbody>\n<tr>\n<td width=\"100%\">\n<table class=\"x_block-grid x_two-up\" width=\"100%\" cellspacing=\"0\" cellpadding=\"0\" bgcolor=\"#FFFFFF\">\n<tbody>\n<tr>\n<td>\n<div class=\"x_col x_num6\">\n<table border=\"0\" width=\"100%\" cellspacing=\"0\" cellpadding=\"0\" align=\"center\">\n<tbody>\n<tr>\n<td>\n<table width=\"100%\" cellspacing=\"0\" cellpadding=\"0\">\n<tbody>\n<tr>\n<td>\n<div>\n<div>\n<p>L\u2019innovativo spazio dedicato al Real Estate, a un anno dalla sua inaugurazione, offre eccezionalmente al pubblico la possibilit\u00e0 di visitare i 1700 mq di allestimenti dedicati ai brand partner: Ernestomeda, AEG, Florim, Flos, Fontanot, Gessi, Lema, Listone Giordano, Lualdi, Oikos, Bticino, Cesana, Erco, Saint-Gobain, Resstende, Alessi, Shuj, G.T. DESIGN, Serralunga.<\/p>\n<\/div>\n<\/div>\n<\/td>\n<\/tr>\n<\/tbody>\n<\/table>\n<\/td>\n<\/tr>\n<\/tbody>\n<\/table>\n<\/div>\n<div class=\"x_col x_num6\">\n<table border=\"0\" width=\"100%\" cellspacing=\"0\" cellpadding=\"0\" align=\"center\">\n<tbody>\n<tr>\n<td>\n<table width=\"100%\" cellspacing=\"0\" cellpadding=\"0\">\n<tbody>\n<tr>\n<td>\n<div>\n<div>\n<p><strong>FUORISALONE<\/strong><\/p>\n<p><strong>Milano Contract District<\/strong><br \/>\nvia Melloni 3<br \/>\n3 &#8211; 7 aprile, 11.00 &#8211; 18.00<\/p>\n<\/div>\n<\/div>\n<\/td>\n<\/tr>\n<\/tbody>\n<\/table>\n<\/td>\n<\/tr>\n<\/tbody>\n<\/table>\n<\/div>\n<\/td>\n<\/tr>\n<\/tbody>\n<\/table>\n<\/td>\n<\/tr>\n<\/tbody>\n<\/table>\n<\/td>\n<\/tr>\n<\/tbody>\n<\/table>\n<table border=\"0\" width=\"100%\" cellspacing=\"0\" cellpadding=\"0\" align=\"center\">\n<tbody>\n<tr>\n<td width=\"100%\">\n<table class=\"x_container\" border=\"0\" width=\"100%\" cellspacing=\"0\" cellpadding=\"0\" align=\"center\">\n<tbody>\n<tr>\n<td width=\"100%\">\n<table class=\"x_block-grid\" width=\"100%\" cellspacing=\"0\" cellpadding=\"0\" bgcolor=\"#FFFFFF\">\n<tbody>\n<tr>\n<td>\n<div class=\"x_col x_num12\">\n<table border=\"0\" width=\"100%\" cellspacing=\"0\" cellpadding=\"0\" align=\"center\">\n<tbody>\n<tr>\n<td>\n<table border=\"0\" width=\"100%\" cellspacing=\"0\" cellpadding=\"0\" align=\"center\">\n<tbody>\n<tr>\n<td align=\"center\">\n<div>\n<table border=\"0\" cellspacing=\"0\" align=\"center\">\n<tbody>\n<tr>\n<td align=\"center\"><\/td>\n<\/tr>\n<\/tbody>\n<\/table>\n<\/div>\n<\/td>\n<\/tr>\n<\/tbody>\n<\/table>\n<table width=\"100%\" cellspacing=\"0\" cellpadding=\"0\">\n<tbody>\n<tr>\n<td>\n<div>\n<div><strong>NIMBUS<\/strong><\/div>\n<\/div>\n<\/td>\n<\/tr>\n<\/tbody>\n<\/table>\n<\/td>\n<\/tr>\n<\/tbody>\n<\/table>\n<\/div>\n<\/td>\n<\/tr>\n<\/tbody>\n<\/table>\n<\/td>\n<\/tr>\n<\/tbody>\n<\/table>\n<\/td>\n<\/tr>\n<\/tbody>\n<\/table>\n<table border=\"0\" width=\"100%\" cellspacing=\"0\" cellpadding=\"0\" align=\"center\">\n<tbody>\n<tr>\n<td width=\"100%\">\n<table class=\"x_container\" border=\"0\" width=\"100%\" cellspacing=\"0\" cellpadding=\"0\" align=\"center\">\n<tbody>\n<tr>\n<td width=\"100%\">\n<table class=\"x_block-grid x_two-up\" width=\"100%\" cellspacing=\"0\" cellpadding=\"0\" bgcolor=\"#FFFFFF\">\n<tbody>\n<tr>\n<td>\n<div class=\"x_col x_num6\">\n<table border=\"0\" width=\"100%\" cellspacing=\"0\" cellpadding=\"0\" align=\"center\">\n<tbody>\n<tr>\n<td>\n<table width=\"100%\" cellspacing=\"0\" cellpadding=\"0\">\n<tbody>\n<tr>\n<td>\n<div>\n<div>Il produttore tedesco di lampade di alta gamma senza fili, in collaborazione con la prestigiosa Universit\u00e0 di Karlsruhe, presenta i nuovi apparecchi progettati insieme al designer berlinese Rupert Kopp.<br \/>\nPer l\u2019occasione verr\u00e0 presentata da Nimbus Group anche un&#8217;edizione speciale della Roxanne Leggera CL, creata con il rinomato produttore di mobili Walter Knoll.<\/div>\n<\/div>\n<\/td>\n<\/tr>\n<\/tbody>\n<\/table>\n<\/td>\n<\/tr>\n<\/tbody>\n<\/table>\n<\/div>\n<div class=\"x_col x_num6\">\n<table border=\"0\" width=\"100%\" cellspacing=\"0\" cellpadding=\"0\" align=\"center\">\n<tbody>\n<tr>\n<td>\n<table width=\"100%\" cellspacing=\"0\" cellpadding=\"0\">\n<tbody>\n<tr>\n<td><strong>FUORISALONE<\/strong><br \/>\n<strong>I love cableless light<\/strong><br \/>\nlargo Claudio Treves 5<br \/>\n4 &#8211; 9 aprile, 11.00 &#8211; 20.00<\/td>\n<\/tr>\n<\/tbody>\n<\/table>\n<\/td>\n<\/tr>\n<\/tbody>\n<\/table>\n<\/div>\n<\/td>\n<\/tr>\n<\/tbody>\n<\/table>\n<\/td>\n<\/tr>\n<\/tbody>\n<\/table>\n<\/td>\n<\/tr>\n<\/tbody>\n<\/table>\n<table border=\"0\" width=\"100%\" cellspacing=\"0\" cellpadding=\"0\" align=\"center\">\n<tbody>\n<tr>\n<td width=\"100%\">\n<table class=\"x_container\" border=\"0\" width=\"100%\" cellspacing=\"0\" cellpadding=\"0\" align=\"center\">\n<tbody>\n<tr>\n<td width=\"100%\">\n<table class=\"x_block-grid\" width=\"100%\" cellspacing=\"0\" cellpadding=\"0\" bgcolor=\"#FFFFFF\">\n<tbody>\n<tr>\n<td>\n<div class=\"x_col x_num12\">\n<table border=\"0\" width=\"100%\" cellspacing=\"0\" cellpadding=\"0\" align=\"center\">\n<tbody>\n<tr>\n<td>\n<table border=\"0\" width=\"100%\" cellspacing=\"0\" cellpadding=\"0\" align=\"center\">\n<tbody>\n<tr>\n<td align=\"center\">\n<div>\n<table border=\"0\" cellspacing=\"0\" align=\"center\">\n<tbody>\n<tr>\n<td align=\"center\"><\/td>\n<\/tr>\n<\/tbody>\n<\/table>\n<\/div>\n<\/td>\n<\/tr>\n<\/tbody>\n<\/table>\n<table width=\"100%\" cellspacing=\"0\" cellpadding=\"0\">\n<tbody>\n<tr>\n<td>\n<div>\n<div>\n<p><strong>REGIONE UMBRIA: VALNERINA EXPERIENCE<\/strong><\/p>\n<\/div>\n<\/div>\n<\/td>\n<\/tr>\n<\/tbody>\n<\/table>\n<\/td>\n<\/tr>\n<\/tbody>\n<\/table>\n<\/div>\n<\/td>\n<\/tr>\n<\/tbody>\n<\/table>\n<\/td>\n<\/tr>\n<\/tbody>\n<\/table>\n<\/td>\n<\/tr>\n<\/tbody>\n<\/table>\n<table border=\"0\" width=\"100%\" cellspacing=\"0\" cellpadding=\"0\" align=\"center\">\n<tbody>\n<tr>\n<td width=\"100%\">\n<table class=\"x_container\" border=\"0\" width=\"100%\" cellspacing=\"0\" cellpadding=\"0\" align=\"center\">\n<tbody>\n<tr>\n<td width=\"100%\">\n<table class=\"x_block-grid x_two-up\" width=\"100%\" cellspacing=\"0\" cellpadding=\"0\" bgcolor=\"#FFFFFF\">\n<tbody>\n<tr>\n<td>\n<div class=\"x_col x_num6\">\n<table border=\"0\" width=\"100%\" cellspacing=\"0\" cellpadding=\"0\" align=\"center\">\n<tbody>\n<tr>\n<td>\n<table width=\"100%\" cellspacing=\"0\" cellpadding=\"0\">\n<tbody>\n<tr>\n<td>\n<div>\n<div>\n<p>Mostra &#8220;Fabric-Action&#8221; dedicata agli undici progetti innovativi che combinano usi sperimentali della canapa con il design e i nuovi processi di fabbricazione digitale degli oggetti. Iniziativa\u00a0promossa da Regione Umbria, Fondazione Politecnico, Museo della Canapa di Sant&#8217;Anatolia di Narco, Polifactory e Gh\u00e9nos Communication per il rilancio della Valnerina colpita dal sisma.<\/p>\n<\/div>\n<\/div>\n<\/td>\n<\/tr>\n<\/tbody>\n<\/table>\n<table width=\"100%\" cellspacing=\"0\" cellpadding=\"0\">\n<tbody>\n<tr>\n<td><\/td>\n<\/tr>\n<\/tbody>\n<\/table>\n<\/td>\n<\/tr>\n<\/tbody>\n<\/table>\n<\/div>\n<div class=\"x_col x_num6\">\n<table border=\"0\" width=\"100%\" cellspacing=\"0\" cellpadding=\"0\" align=\"center\">\n<tbody>\n<tr>\n<td>\n<table width=\"100%\" cellspacing=\"0\" cellpadding=\"0\">\n<tbody>\n<tr>\n<td><strong>FUORISALONE<\/strong><br \/>\n<strong>Universit\u00e0 degli Studi di Milano<\/strong><br \/>\n3 &#8211; 15 aprile, 10.00 &#8211; 24.00<br \/>\nvia Festa del Perdono 7&nbsp;<\/td>\n<\/tr>\n<\/tbody>\n<\/table>\n<\/td>\n<\/tr>\n<\/tbody>\n<\/table>\n<\/div>\n<\/td>\n<\/tr>\n<\/tbody>\n<\/table>\n<\/td>\n<\/tr>\n<\/tbody>\n<\/table>\n<\/td>\n<\/tr>\n<\/tbody>\n<\/table>\n<table border=\"0\" width=\"100%\" cellspacing=\"0\" cellpadding=\"0\" align=\"center\">\n<tbody>\n<tr>\n<td width=\"100%\">\n<table class=\"x_container\" border=\"0\" width=\"100%\" cellspacing=\"0\" cellpadding=\"0\" align=\"center\">\n<tbody>\n<tr>\n<td width=\"100%\">\n<table class=\"x_block-grid\" width=\"100%\" cellspacing=\"0\" cellpadding=\"0\" bgcolor=\"#FFFFFF\">\n<tbody>\n<tr>\n<td>\n<div class=\"x_col x_num12\">\n<table border=\"0\" width=\"100%\" cellspacing=\"0\" cellpadding=\"0\" align=\"center\">\n<tbody>\n<tr>\n<td>\n<table border=\"0\" width=\"100%\" cellspacing=\"0\" cellpadding=\"0\" align=\"center\">\n<tbody>\n<tr>\n<td align=\"center\">\n<div>\n<table border=\"0\" cellspacing=\"0\" align=\"center\">\n<tbody>\n<tr>\n<td align=\"center\"><\/td>\n<\/tr>\n<\/tbody>\n<\/table>\n<\/div>\n<\/td>\n<\/tr>\n<\/tbody>\n<\/table>\n<table width=\"100%\" cellspacing=\"0\" cellpadding=\"0\">\n<tbody>\n<tr>\n<td>\n<div>\n<div>\n<p><strong>SIEMATIC<\/strong><\/p>\n<\/div>\n<\/div>\n<\/td>\n<\/tr>\n<\/tbody>\n<\/table>\n<\/td>\n<\/tr>\n<\/tbody>\n<\/table>\n<\/div>\n<\/td>\n<\/tr>\n<\/tbody>\n<\/table>\n<\/td>\n<\/tr>\n<\/tbody>\n<\/table>\n<\/td>\n<\/tr>\n<\/tbody>\n<\/table>\n<table border=\"0\" width=\"100%\" cellspacing=\"0\" cellpadding=\"0\" align=\"center\">\n<tbody>\n<tr>\n<td width=\"100%\">\n<table class=\"x_container\" border=\"0\" width=\"100%\" cellspacing=\"0\" cellpadding=\"0\" align=\"center\">\n<tbody>\n<tr>\n<td width=\"100%\">\n<table class=\"x_block-grid x_two-up\" width=\"100%\" cellspacing=\"0\" cellpadding=\"0\" bgcolor=\"#FFFFFF\">\n<tbody>\n<tr>\n<td>\n<div class=\"x_col x_num6\">\n<table border=\"0\" width=\"100%\" cellspacing=\"0\" cellpadding=\"0\" align=\"center\">\n<tbody>\n<tr>\n<td>\n<table width=\"100%\" cellspacing=\"0\" cellpadding=\"0\">\n<tbody>\n<tr>\n<td>\n<div>\n<div>SieMatic accoglie l\u2019evento Berkel Red Week nella sua splendida show-room: un catering d\u2019alto livello accompagner\u00e0 gli ospiti in un viaggio tra i sapori dove il design del\u2019azienda tedesca si fonder\u00e0 con la tradizione di Berkel.<br \/>\nPer l\u2019occasione SieMatic presenter\u00e0 in anteprima due novit\u00e0 della collezione Pure.<\/div>\n<\/div>\n<\/td>\n<\/tr>\n<\/tbody>\n<\/table>\n<table width=\"100%\" cellspacing=\"0\" cellpadding=\"0\">\n<tbody>\n<tr>\n<td><\/td>\n<\/tr>\n<\/tbody>\n<\/table>\n<\/td>\n<\/tr>\n<\/tbody>\n<\/table>\n<\/div>\n<div class=\"x_col x_num6\">\n<table border=\"0\" width=\"100%\" cellspacing=\"0\" cellpadding=\"0\" align=\"center\">\n<tbody>\n<tr>\n<td>\n<table width=\"100%\" cellspacing=\"0\" cellpadding=\"0\">\n<tbody>\n<tr>\n<td>\n<div>\n<div>\n<p><strong>FUORISALONE<\/strong><br \/>\n<strong>Showroom SieMatic<\/strong><br \/>\nviale Monte Santo, 8<\/p>\n<\/div>\n<\/div>\n<\/td>\n<\/tr>\n<\/tbody>\n<\/table>\n<\/td>\n<\/tr>\n<\/tbody>\n<\/table>\n<\/div>\n<\/td>\n<\/tr>\n<\/tbody>\n<\/table>\n<\/td>\n<\/tr>\n<\/tbody>\n<\/table>\n<\/td>\n<\/tr>\n<\/tbody>\n<\/table>\n<table border=\"0\" width=\"100%\" cellspacing=\"0\" cellpadding=\"0\" align=\"center\">\n<tbody>\n<tr>\n<td width=\"100%\">\n<table class=\"x_container\" border=\"0\" width=\"100%\" cellspacing=\"0\" cellpadding=\"0\" align=\"center\">\n<tbody>\n<tr>\n<td width=\"100%\">\n<table class=\"x_block-grid\" width=\"100%\" cellspacing=\"0\" cellpadding=\"0\" bgcolor=\"#FFFFFF\">\n<tbody>\n<tr>\n<td>\n<div class=\"x_col x_num12\">\n<table border=\"0\" width=\"100%\" cellspacing=\"0\" cellpadding=\"0\" align=\"center\">\n<tbody>\n<tr>\n<td>\n<table border=\"0\" width=\"100%\" cellspacing=\"0\" cellpadding=\"0\" align=\"center\">\n<tbody>\n<tr>\n<td align=\"center\">\n<div>\n<table border=\"0\" cellspacing=\"0\" align=\"center\">\n<tbody>\n<tr>\n<td align=\"center\"><\/td>\n<\/tr>\n<\/tbody>\n<\/table>\n<\/div>\n<\/td>\n<\/tr>\n<\/tbody>\n<\/table>\n<table width=\"100%\" cellspacing=\"0\" cellpadding=\"0\">\n<tbody>\n<tr>\n<td>\n<div>\n<div>\n<p><strong>TALENTI OUTDOOR LIVING<\/strong><\/p>\n<\/div>\n<\/div>\n<\/td>\n<\/tr>\n<\/tbody>\n<\/table>\n<\/td>\n<\/tr>\n<\/tbody>\n<\/table>\n<\/div>\n<\/td>\n<\/tr>\n<\/tbody>\n<\/table>\n<\/td>\n<\/tr>\n<\/tbody>\n<\/table>\n<\/td>\n<\/tr>\n<\/tbody>\n<\/table>\n<table border=\"0\" width=\"100%\" cellspacing=\"0\" cellpadding=\"0\" align=\"center\">\n<tbody>\n<tr>\n<td width=\"100%\">\n<table class=\"x_container\" border=\"0\" width=\"100%\" cellspacing=\"0\" cellpadding=\"0\" align=\"center\">\n<tbody>\n<tr>\n<td width=\"100%\">\n<table class=\"x_block-grid x_two-up\" width=\"100%\" cellspacing=\"0\" cellpadding=\"0\" bgcolor=\"#FFFFFF\">\n<tbody>\n<tr>\n<td>\n<div class=\"x_col x_num6\">\n<table border=\"0\" width=\"100%\" cellspacing=\"0\" cellpadding=\"0\" align=\"center\">\n<tbody>\n<tr>\n<td>\n<table width=\"100%\" cellspacing=\"0\" cellpadding=\"0\">\n<tbody>\n<tr>\n<td>L&#8217;azienda italiana, specializzata nella progettazione di complementi d&#8217;arredo per l&#8217;outdoor dallo spiccato gusto contemporaneo, presenter\u00e0 le nuove collezioni di Ram\u00f3n Esteve e Marco Acerbis e offrir\u00e0 un momento di relax tra i viali dell&#8217;Orto Botanico con un allestimento appositamente studiato.<\/p>\n<p><strong>SALONE DEL MOBILE<\/strong><\/p>\n<p><strong>Hall 10, Stand\u00a0C03<\/strong><\/p>\n<p>&nbsp;<\/td>\n<\/tr>\n<\/tbody>\n<\/table>\n<\/td>\n<\/tr>\n<\/tbody>\n<\/table>\n<\/div>\n<div class=\"x_col x_num6\">\n<table border=\"0\" width=\"100%\" cellspacing=\"0\" cellpadding=\"0\" align=\"center\">\n<tbody>\n<tr>\n<td>\n<table width=\"100%\" cellspacing=\"0\" cellpadding=\"0\">\n<tbody>\n<tr>\n<td><strong>FUORISALONE<\/strong><br \/>\n<strong>Orto Botanico di Brera<\/strong>3 &#8211; 9 aprile, 10.00 &#8211; 18.00<br \/>\nvia Fratelli Gabba 10 &#8211;\u00a0via Brera 28<\/td>\n<\/tr>\n<\/tbody>\n<\/table>\n<\/td>\n<\/tr>\n<\/tbody>\n<\/table>\n<\/div>\n<\/td>\n<\/tr>\n<\/tbody>\n<\/table>\n<\/td>\n<\/tr>\n<\/tbody>\n<\/table>\n<\/td>\n<\/tr>\n<\/tbody>\n<\/table>\n<table border=\"0\" width=\"100%\" cellspacing=\"0\" cellpadding=\"0\" align=\"center\">\n<tbody>\n<tr>\n<td width=\"100%\">\n<table class=\"x_container\" border=\"0\" width=\"100%\" cellspacing=\"0\" cellpadding=\"0\" align=\"center\">\n<tbody>\n<tr>\n<td width=\"100%\">\n<table class=\"x_block-grid\" width=\"100%\" cellspacing=\"0\" cellpadding=\"0\" bgcolor=\"#FFFFFF\">\n<tbody>\n<tr>\n<td>\n<div class=\"x_col x_num12\">\n<table border=\"0\" width=\"100%\" cellspacing=\"0\" cellpadding=\"0\" align=\"center\">\n<tbody>\n<tr>\n<td>\n<table border=\"0\" width=\"100%\" cellspacing=\"0\" cellpadding=\"0\" align=\"center\">\n<tbody>\n<tr>\n<td align=\"center\">\n<div>\n<table border=\"0\" cellspacing=\"0\" align=\"center\">\n<tbody>\n<tr>\n<td align=\"center\"><\/td>\n<\/tr>\n<\/tbody>\n<\/table>\n<\/div>\n<\/td>\n<\/tr>\n<\/tbody>\n<\/table>\n<table width=\"100%\" cellspacing=\"0\" cellpadding=\"0\">\n<tbody>\n<tr>\n<td>\n<div>\n<div><strong>THONET GmbH<\/strong><\/div>\n<\/div>\n<\/td>\n<\/tr>\n<\/tbody>\n<\/table>\n<\/td>\n<\/tr>\n<\/tbody>\n<\/table>\n<\/div>\n<\/td>\n<\/tr>\n<\/tbody>\n<\/table>\n<\/td>\n<\/tr>\n<\/tbody>\n<\/table>\n<\/td>\n<\/tr>\n<\/tbody>\n<\/table>\n<table border=\"0\" width=\"100%\" cellspacing=\"0\" cellpadding=\"0\" align=\"center\">\n<tbody>\n<tr>\n<td width=\"100%\">\n<table class=\"x_container\" border=\"0\" width=\"100%\" cellspacing=\"0\" cellpadding=\"0\" align=\"center\">\n<tbody>\n<tr>\n<td width=\"100%\">\n<table class=\"x_block-grid x_two-up\" width=\"100%\" cellspacing=\"0\" cellpadding=\"0\" bgcolor=\"#FFFFFF\">\n<tbody>\n<tr>\n<td>\n<div class=\"x_col x_num6\">\n<table border=\"0\" width=\"100%\" cellspacing=\"0\" cellpadding=\"0\" align=\"center\">\n<tbody>\n<tr>\n<td>\n<table width=\"100%\" cellspacing=\"0\" cellpadding=\"0\">\n<tbody>\n<tr>\n<td>Thonet GmbH, pioniere nella storia del mobile, presenta la nuova serie S 1090 caratterizzata da un mix variegato e intrigante di materiali, all&#8217;insegna della conviviali e funzionalit\u00e0.<\/p>\n<p><strong>SALONE DEL MOBILE<\/strong><\/p>\n<p><strong>Hall 5, Stand E06<\/strong><\/td>\n<\/tr>\n<\/tbody>\n<\/table>\n<\/td>\n<\/tr>\n<\/tbody>\n<\/table>\n<\/div>\n<div class=\"x_col x_num6\">\n<table border=\"0\" width=\"100%\" cellspacing=\"0\" cellpadding=\"0\" align=\"center\">\n<tbody>\n<tr>\n<td>\n<table width=\"100%\" cellspacing=\"0\" cellpadding=\"0\">\n<tbody>\n<tr>\n<td>\n<div>\n<div>\n<p><strong>FUORISALONE<\/strong><br \/>\n<strong>Masterly \u2013 The Dutch in Milano<\/strong><br \/>\nPalazzo Francesco Turati<br \/>\nvia Meravigli 7<br \/>\n4 aprile, 11.00 &#8211; 18.00<br \/>\n5 aprile, 11.00 &#8211; 22.00<br \/>\n6 &#8211; 8 aprile, 11.00 &#8211; 19.00<br \/>\n9 aprile, 11.00 &#8211; 16.00<\/p>\n<\/div>\n<\/div>\n<\/td>\n<\/tr>\n<\/tbody>\n<\/table>\n<table width=\"100%\" cellspacing=\"0\" cellpadding=\"0\">\n<tbody>\n<tr>\n<td><\/td>\n<\/tr>\n<\/tbody>\n<\/table>\n<\/td>\n<\/tr>\n<\/tbody>\n<\/table>\n<\/div>\n<\/td>\n<\/tr>\n<\/tbody>\n<\/table>\n<\/td>\n<\/tr>\n<\/tbody>\n<\/table>\n<\/td>\n<\/tr>\n<\/tbody>\n<\/table>\n<table border=\"0\" width=\"100%\" cellspacing=\"0\" cellpadding=\"0\" align=\"center\">\n<tbody>\n<tr>\n<td width=\"100%\">\n<table class=\"x_container\" border=\"0\" width=\"100%\" cellspacing=\"0\" cellpadding=\"0\" align=\"center\">\n<tbody>\n<tr>\n<td width=\"100%\">\n<table class=\"x_block-grid\" width=\"100%\" cellspacing=\"0\" cellpadding=\"0\" bgcolor=\"#FFFFFF\">\n<tbody>\n<tr>\n<td>\n<div class=\"x_col x_num12\">\n<table border=\"0\" width=\"100%\" cellspacing=\"0\" cellpadding=\"0\" align=\"center\">\n<tbody>\n<tr>\n<td>\n<table border=\"0\" width=\"100%\" cellspacing=\"0\" cellpadding=\"0\" align=\"center\">\n<tbody>\n<tr>\n<td align=\"center\">\n<div>\n<table border=\"0\" cellspacing=\"0\" align=\"center\">\n<tbody>\n<tr>\n<td align=\"center\"><\/td>\n<\/tr>\n<\/tbody>\n<\/table>\n<\/div>\n<\/td>\n<\/tr>\n<\/tbody>\n<\/table>\n<table width=\"100%\" cellspacing=\"0\" cellpadding=\"0\">\n<tbody>\n<tr>\n<td>\n<div>\n<div>\n<p><strong>USM SISTEMI D&#8217;ARREDAMENTO<\/strong><\/p>\n<\/div>\n<\/div>\n<\/td>\n<\/tr>\n<\/tbody>\n<\/table>\n<\/td>\n<\/tr>\n<\/tbody>\n<\/table>\n<\/div>\n<\/td>\n<\/tr>\n<\/tbody>\n<\/table>\n<\/td>\n<\/tr>\n<\/tbody>\n<\/table>\n<\/td>\n<\/tr>\n<\/tbody>\n<\/table>\n<table border=\"0\" width=\"100%\" cellspacing=\"0\" cellpadding=\"0\" align=\"center\">\n<tbody>\n<tr>\n<td width=\"100%\">\n<table class=\"x_container\" border=\"0\" width=\"100%\" cellspacing=\"0\" cellpadding=\"0\" align=\"center\">\n<tbody>\n<tr>\n<td width=\"100%\">\n<table class=\"x_block-grid x_two-up\" width=\"100%\" cellspacing=\"0\" cellpadding=\"0\" bgcolor=\"#FFFFFF\">\n<tbody>\n<tr>\n<td>\n<div class=\"x_col x_num6\">\n<table border=\"0\" width=\"100%\" cellspacing=\"0\" cellpadding=\"0\" align=\"center\">\n<tbody>\n<tr>\n<td>\n<table width=\"100%\" cellspacing=\"0\" cellpadding=\"0\">\n<tbody>\n<tr>\n<td>\n<div>\n<div>\n<p>USM, azienda svizzera, specializzata nella progettazione di sistemi di arredamento modulare, presenta USM Haller E, innovativo sistema di arredamento con luce integrata. Allestimento stand\u00a0 a cura di atelier oi.<\/p>\n<p><strong>SALONE DEL MOBILE<\/strong><\/p>\n<p><strong>Hall 20, Stand F14<\/strong><\/p>\n<\/div>\n<\/div>\n<\/td>\n<\/tr>\n<\/tbody>\n<\/table>\n<\/td>\n<\/tr>\n<\/tbody>\n<\/table>\n<\/div>\n<div class=\"x_col x_num6\">\n<table border=\"0\" width=\"100%\" cellspacing=\"0\" cellpadding=\"0\" align=\"center\">\n<tbody>\n<tr>\n<td>\n<table width=\"100%\" cellspacing=\"0\" cellpadding=\"0\">\n<tbody>\n<tr>\n<td>\n<div>\n<div>\n<p><strong>FUORISALONE<\/strong><br \/>\n<strong>Showroom Spotti<\/strong><br \/>\n4 &#8211; 8 aprile, 10.00 &#8211; 19.00<br \/>\nviale Piave 27<\/p>\n<p>&nbsp;<\/p>\n<\/div>\n<\/div>\n<\/td>\n<\/tr>\n<\/tbody>\n<\/table>\n<\/td>\n<\/tr>\n<\/tbody>\n<\/table>\n<\/div>\n<\/td>\n<\/tr>\n<\/tbody>\n<\/table>\n<\/td>\n<\/tr>\n<\/tbody>\n<\/table>\n<\/td>\n<\/tr>\n<\/tbody>\n<\/table>\n","protected":false},"excerpt":{"rendered":"<p>BALERI ITALIA Back to the future: il restyling dei prodotti iconici come primo passo della nuova fase di rilancio del brand. AD Sebastiano Lang\u00e9, Art Director Aldo Parisotto di P+F architetti. SALONE DEL MOBILE Hall 16 Stand D51 FUORISALONE Back to the future Showroom Baleri Italia via Gastone Pisoni 6 Milano 4 &#8211; 8 aprile, &hellip; <a href=\"https:\/\/www.gdapress.it\/it\/index.php\/62851\/i-saloni-201220132014\/salone-del-mobile-fuorisalone-by-ghenos.html\" class=\"more-link\">Read more <span class=\"screen-reader-text\">Salone del Mobile e Fuorisalone  by Ghenos<\/span><\/a><\/p>\n","protected":false},"author":3,"featured_media":62852,"comment_status":"closed","ping_status":"open","sticky":false,"template":"","format":"standard","meta":{"footnotes":""},"categories":[8151],"tags":[15745,7481,4381],"class_list":["post-62851","post","type-post","status-publish","format-standard","has-post-thumbnail","hentry","category-i-saloni-201220132014","tag-ghenos","tag-i-saloni","tag-salone-del-mobile"],"_links":{"self":[{"href":"https:\/\/www.gdapress.it\/it\/index.php\/wp-json\/wp\/v2\/posts\/62851","targetHints":{"allow":["GET"]}}],"collection":[{"href":"https:\/\/www.gdapress.it\/it\/index.php\/wp-json\/wp\/v2\/posts"}],"about":[{"href":"https:\/\/www.gdapress.it\/it\/index.php\/wp-json\/wp\/v2\/types\/post"}],"author":[{"embeddable":true,"href":"https:\/\/www.gdapress.it\/it\/index.php\/wp-json\/wp\/v2\/users\/3"}],"replies":[{"embeddable":true,"href":"https:\/\/www.gdapress.it\/it\/index.php\/wp-json\/wp\/v2\/comments?post=62851"}],"version-history":[{"count":2,"href":"https:\/\/www.gdapress.it\/it\/index.php\/wp-json\/wp\/v2\/posts\/62851\/revisions"}],"predecessor-version":[{"id":62854,"href":"https:\/\/www.gdapress.it\/it\/index.php\/wp-json\/wp\/v2\/posts\/62851\/revisions\/62854"}],"wp:featuredmedia":[{"embeddable":true,"href":"https:\/\/www.gdapress.it\/it\/index.php\/wp-json\/wp\/v2\/media\/62852"}],"wp:attachment":[{"href":"https:\/\/www.gdapress.it\/it\/index.php\/wp-json\/wp\/v2\/media?parent=62851"}],"wp:term":[{"taxonomy":"category","embeddable":true,"href":"https:\/\/www.gdapress.it\/it\/index.php\/wp-json\/wp\/v2\/categories?post=62851"},{"taxonomy":"post_tag","embeddable":true,"href":"https:\/\/www.gdapress.it\/it\/index.php\/wp-json\/wp\/v2\/tags?post=62851"}],"curies":[{"name":"wp","href":"https:\/\/api.w.org\/{rel}","templated":true}]}}