
{"id":62802,"date":"2017-04-29T08:47:36","date_gmt":"2017-04-29T06:47:36","guid":{"rendered":"http:\/\/www.gdapress.it\/it\/?p=62802"},"modified":"2017-04-29T08:47:36","modified_gmt":"2017-04-29T06:47:36","slug":"larco-palmira-trionfa-ad-arona","status":"publish","type":"post","link":"https:\/\/www.gdapress.it\/it\/index.php\/62802\/arte\/larco-palmira-trionfa-ad-arona.html","title":{"rendered":"L\u2019ARCO DI PALMIRA TRIONFA AD ARONA"},"content":{"rendered":"<p><img loading=\"lazy\" decoding=\"async\" class=\"alignnone size-large wp-image-62803\" src=\"http:\/\/www.gdapress.it\/it\/..\/public\/it\/2017\/04\/Costruzione-dell27Arco_Carrara-2-300x400.jpeg\" alt=\"\" width=\"300\" height=\"400\" srcset=\"https:\/\/www.gdapress.it\/it\/..\/public\/it\/2017\/04\/Costruzione-dell27Arco_Carrara-2-300x400.jpeg 300w, https:\/\/www.gdapress.it\/it\/..\/public\/it\/2017\/04\/Costruzione-dell27Arco_Carrara-2-225x300.jpeg 225w, https:\/\/www.gdapress.it\/it\/..\/public\/it\/2017\/04\/Costruzione-dell27Arco_Carrara-2-768x1024.jpeg 768w, https:\/\/www.gdapress.it\/it\/..\/public\/it\/2017\/04\/Costruzione-dell27Arco_Carrara-2.jpeg 960w\" sizes=\"auto, (max-width: 300px) 100vw, 300px\" \/>\u00a0<img loading=\"lazy\" decoding=\"async\" class=\"alignnone size-medium wp-image-62804\" src=\"http:\/\/www.gdapress.it\/it\/..\/public\/it\/2017\/04\/SIndaco-Gusmeroli-e-Assessore-Autunno-300x225.jpg\" alt=\"\" width=\"300\" height=\"225\" srcset=\"https:\/\/www.gdapress.it\/it\/..\/public\/it\/2017\/04\/SIndaco-Gusmeroli-e-Assessore-Autunno-300x225.jpg 300w, https:\/\/www.gdapress.it\/it\/..\/public\/it\/2017\/04\/SIndaco-Gusmeroli-e-Assessore-Autunno-768x576.jpg 768w, https:\/\/www.gdapress.it\/it\/..\/public\/it\/2017\/04\/SIndaco-Gusmeroli-e-Assessore-Autunno-500x375.jpg 500w\" sizes=\"auto, (max-width: 300px) 100vw, 300px\" \/><\/p>\n<p><strong>DAL 29 APRILE AL 30 LUGLIO L\u2019ARCO DI PALMIRA TRIONFA AD ARONA<\/strong><\/p>\n<p><em>L<\/em><em>\u2019evento internazionale dal titolo \u00abPassing through, moving forward<\/em><em>\u00bb<\/em><em> verr\u00e0 inaugurato con un\u2019emozionante cerimonia a cui parteciperanno il tenore Giorgio Casciarri, il soprano Sara Cervasio, il Maestro Paolo Beretta e la cantautrice Matilde Mirotti. <\/em><\/p>\n<p>Dopo essere stata esposta a Londra, New York, Dubai e Firenze in occasione del G7 culturale la riproduzione 3D dell\u2019Arco di Palmira (5,50&#215;3,80mt) trionfer\u00e0 nella <strong>piazza San Graziano <\/strong>di Arona <strong>dal 29 aprile al 30 luglio 2017.<\/strong><\/p>\n<p>Per l\u2019occasione saranno per la prima volta in Italia i due figli di Al-Asaad, Waled e Omar, che assisteranno agli eventi organizzati dal Comune di Arona.<\/p>\n<p>\u201cSiamo onorati che Waled e Omar Asaad, solitamente molto riservati, abbiano accolto il nostro invito\u201d affermano il Sindaco di Arona Alberto Gusmeroli e l\u2019Assessore alla Cultura Chiara Autunno \u201cl\u2019evento internazionale \u00ab<em>Passing through, moving forward<\/em>\u00bb vuole portare testimonianza positiva di continuit\u00e0 e pace e la loro presenza ad Arona contribuisce a rafforzare questi messaggi\u201d.<\/p>\n<p>Nel pomeriggio presso il Civico Museo Archeologico, l\u2019IDA &#8211; Institute for Digital Archaeology di Oxford, promotore della ricostruzione in 3d dell\u2019Arco di Palmira e del suo tour mondiale consegner\u00e0 al museo un ritratto dell\u2019archeologo scomparso.<\/p>\n<p>La cerimonia di inaugurazione (h. 20.30) sar\u00e0 molto suggestiva e prevede un\u2019introduzione da parte della nuova filarmonica aronese seguita da una performance della cantautrice Matilde Mirotti; al termine il tenore Giorgio Casciarri e il soprano Sara Cervasio diretti dal Maestro Paolo Beretta condurranno con le loro voci all\u2019<em>unveiling<\/em> dell\u2019Arco. Alle ore 21.00 un emozionante spettacolo di luci e musica ideato dallo scenografo Sebastiano Romano, che sar\u00e0 poi ripetuto fino al 30 luglio.<\/p>\n<p>Ad Arona sono attesi migliaia di visitatori nei tre mesi in cui l\u2019Arco, diventato un simbolo globale del trionfo della cooperazione in materia di conflitti, di ottimismo, e dell\u2019ingegno dell&#8217;uomo sulla distruzione insensata, far\u00e0 bella mostra di s\u00e9.<\/p>\n<p>La struttura originale situata nel sito archeologico di Palmira e dedicata all\u2019imperatore romano Settimio Severo quasi 2 mila anni fa, \u00e8 stata distrutta nell\u2019ottobre 2015 da un gruppo jihadista ed \u00e8 stata ricostruita in scala utilizzando la stampa in 3D dall\u2019IDA, Institute for Digital Archaeology di Oxford e realizzata con il supporto di Torart, un\u2019azienda di Carrara.<\/p>\n<p>\u201cLa struttura ha un forte valore simbolico \u2013 commenta Alberto Gusmeroli, Sindaco del Comune di Arona &#8211; \u00ab<em>Passing through, moving forward<\/em>\u00bb vuole portare un messaggio positivo di continuit\u00e0 e pace ed \u00e8 un importante esempio di come la tecnologia moderna possa mettersi a servizio della cultura per ricostruire pezzi di storia che non ci sono pi\u00f9. Il suo arrivo ad Arona sar\u00e0 celebrato da un evento inaugurale di grande impatto emotivo e la permanenza animata da numerose iniziative tra cui la possibilit\u00e0 di accedere gratuitamente a una mostra di approfondimento allestita nell\u2019adiacente <strong>Civico Museo Archeologico intitolato a Khaled al-Asaad<\/strong>, l\u2019archeologo siriano custode del sito di Palmira motivo per cui IDA ha scelto proprio Arona per la tappa italiana\u201d conclude Gusmeroli.<\/p>\n<p>\u201cIl Sindaco di Londra, con riferimento all\u2019installazione della ricostruzione dell\u2019Arco di Palmira a Trafalgar Square ha recentemente affermato che gli archeologi hanno il dovere di aiutare a ricostruire i monumenti del Medio Oriente andati distrutti\u201d afferma Roger Michel, Executive Director dell\u2019Institute for Digital Archaeology \u201cConcordo pienamente con il Sindaco, ma vorrei spingermi oltre. Chiunque apprezzi l\u2019arte e l\u2019architettura che impreziosiscono le grandi citt\u00e0 d\u2019Europa e del Nord America, la scienza e la tecnologia che migliorano le nostre vite o chi gode della libert\u00e0 della democrazia, ha il dovere di aiutare a ricostruire questi siti perch\u00e9 in loro \u00e8 custodita la storia di una regione in cui nacquero le nostre tradizioni artistiche, scientifiche e politiche. Questi monumenti rappresentano la storia che l\u2019umanit\u00e0 ha in comune e un passato ricco e complesso che unisce tutti. Ricostruendo queste strutture, non ricostruiamo solamente le nostre storie di nazioni, ma il legame che ci unisce gli uni agli altri\u201d termina Michel.<\/p>\n<p>&nbsp;<\/p>\n","protected":false},"excerpt":{"rendered":"<p>\u00a0 DAL 29 APRILE AL 30 LUGLIO L\u2019ARCO DI PALMIRA TRIONFA AD ARONA L\u2019evento internazionale dal titolo \u00abPassing through, moving forward\u00bb verr\u00e0 inaugurato con un\u2019emozionante cerimonia a cui parteciperanno il tenore Giorgio Casciarri, il soprano Sara Cervasio, il Maestro Paolo Beretta e la cantautrice Matilde Mirotti. Dopo essere stata esposta a Londra, New York, Dubai &hellip; <a href=\"https:\/\/www.gdapress.it\/it\/index.php\/62802\/arte\/larco-palmira-trionfa-ad-arona.html\" class=\"more-link\">Read more <span class=\"screen-reader-text\">L\u2019ARCO DI PALMIRA TRIONFA AD ARONA<\/span><\/a><\/p>\n","protected":false},"author":3,"featured_media":62803,"comment_status":"closed","ping_status":"open","sticky":false,"template":"","format":"standard","meta":{"footnotes":""},"categories":[4],"tags":[19755,19756],"class_list":["post-62802","post","type-post","status-publish","format-standard","has-post-thumbnail","hentry","category-arte","tag-arco-di-palmira","tag-arona"],"_links":{"self":[{"href":"https:\/\/www.gdapress.it\/it\/index.php\/wp-json\/wp\/v2\/posts\/62802","targetHints":{"allow":["GET"]}}],"collection":[{"href":"https:\/\/www.gdapress.it\/it\/index.php\/wp-json\/wp\/v2\/posts"}],"about":[{"href":"https:\/\/www.gdapress.it\/it\/index.php\/wp-json\/wp\/v2\/types\/post"}],"author":[{"embeddable":true,"href":"https:\/\/www.gdapress.it\/it\/index.php\/wp-json\/wp\/v2\/users\/3"}],"replies":[{"embeddable":true,"href":"https:\/\/www.gdapress.it\/it\/index.php\/wp-json\/wp\/v2\/comments?post=62802"}],"version-history":[{"count":1,"href":"https:\/\/www.gdapress.it\/it\/index.php\/wp-json\/wp\/v2\/posts\/62802\/revisions"}],"predecessor-version":[{"id":62805,"href":"https:\/\/www.gdapress.it\/it\/index.php\/wp-json\/wp\/v2\/posts\/62802\/revisions\/62805"}],"wp:featuredmedia":[{"embeddable":true,"href":"https:\/\/www.gdapress.it\/it\/index.php\/wp-json\/wp\/v2\/media\/62803"}],"wp:attachment":[{"href":"https:\/\/www.gdapress.it\/it\/index.php\/wp-json\/wp\/v2\/media?parent=62802"}],"wp:term":[{"taxonomy":"category","embeddable":true,"href":"https:\/\/www.gdapress.it\/it\/index.php\/wp-json\/wp\/v2\/categories?post=62802"},{"taxonomy":"post_tag","embeddable":true,"href":"https:\/\/www.gdapress.it\/it\/index.php\/wp-json\/wp\/v2\/tags?post=62802"}],"curies":[{"name":"wp","href":"https:\/\/api.w.org\/{rel}","templated":true}]}}