
{"id":62614,"date":"2017-03-31T00:44:13","date_gmt":"2017-03-30T22:44:13","guid":{"rendered":"http:\/\/www.gdapress.it\/it\/?p=62614"},"modified":"2017-03-31T00:44:13","modified_gmt":"2017-03-30T22:44:13","slug":"sorgentedelvino-live2017-piacenza","status":"publish","type":"post","link":"https:\/\/www.gdapress.it\/it\/index.php\/62614\/enogastronomia\/sorgentedelvino-live2017-piacenza.html","title":{"rendered":"SORGENTEDELVINO LIVE2017 PIACENZA"},"content":{"rendered":"<p><img loading=\"lazy\" decoding=\"async\" class=\"alignnone size-large wp-image-62615\" src=\"http:\/\/www.gdapress.it\/it\/..\/public\/it\/2017\/03\/dsc_6224-CASTELLO-di-STEFANAGO-SORGENTE-del-VINO-LIVE-2017-11-marzo-.-endstartphoto-240x400.jpg\" alt=\"\" width=\"240\" height=\"400\" srcset=\"https:\/\/www.gdapress.it\/it\/..\/public\/it\/2017\/03\/dsc_6224-CASTELLO-di-STEFANAGO-SORGENTE-del-VINO-LIVE-2017-11-marzo-.-endstartphoto-240x400.jpg 240w, https:\/\/www.gdapress.it\/it\/..\/public\/it\/2017\/03\/dsc_6224-CASTELLO-di-STEFANAGO-SORGENTE-del-VINO-LIVE-2017-11-marzo-.-endstartphoto-180x300.jpg 180w, https:\/\/www.gdapress.it\/it\/..\/public\/it\/2017\/03\/dsc_6224-CASTELLO-di-STEFANAGO-SORGENTE-del-VINO-LIVE-2017-11-marzo-.-endstartphoto.jpg 461w\" sizes=\"auto, (max-width: 240px) 100vw, 240px\" \/>\u00a0<img loading=\"lazy\" decoding=\"async\" class=\"alignnone size-large wp-image-62616\" src=\"http:\/\/www.gdapress.it\/it\/..\/public\/it\/2017\/03\/dsc_6231-CASCINA-BOCCACCIO-SORGENTE-del-VINO-LIVE-2017-11-marzo-.-endstartphoto-266x400.jpg\" alt=\"\" width=\"266\" height=\"400\" srcset=\"https:\/\/www.gdapress.it\/it\/..\/public\/it\/2017\/03\/dsc_6231-CASCINA-BOCCACCIO-SORGENTE-del-VINO-LIVE-2017-11-marzo-.-endstartphoto-266x400.jpg 266w, https:\/\/www.gdapress.it\/it\/..\/public\/it\/2017\/03\/dsc_6231-CASCINA-BOCCACCIO-SORGENTE-del-VINO-LIVE-2017-11-marzo-.-endstartphoto-200x300.jpg 200w, https:\/\/www.gdapress.it\/it\/..\/public\/it\/2017\/03\/dsc_6231-CASCINA-BOCCACCIO-SORGENTE-del-VINO-LIVE-2017-11-marzo-.-endstartphoto.jpg 511w\" sizes=\"auto, (max-width: 266px) 100vw, 266px\" \/>\u00a0<img loading=\"lazy\" decoding=\"async\" class=\"alignnone size-large wp-image-62617\" src=\"http:\/\/www.gdapress.it\/it\/..\/public\/it\/2017\/03\/dsc_6237-TIBERI-DAVID-SORGENTE-del-VINO-LIVE-2017-11-marzo-.-endstartphoto-500x366.jpg\" alt=\"\" width=\"500\" height=\"366\" srcset=\"https:\/\/www.gdapress.it\/it\/..\/public\/it\/2017\/03\/dsc_6237-TIBERI-DAVID-SORGENTE-del-VINO-LIVE-2017-11-marzo-.-endstartphoto-500x366.jpg 500w, https:\/\/www.gdapress.it\/it\/..\/public\/it\/2017\/03\/dsc_6237-TIBERI-DAVID-SORGENTE-del-VINO-LIVE-2017-11-marzo-.-endstartphoto-300x219.jpg 300w, https:\/\/www.gdapress.it\/it\/..\/public\/it\/2017\/03\/dsc_6237-TIBERI-DAVID-SORGENTE-del-VINO-LIVE-2017-11-marzo-.-endstartphoto-768x562.jpg 768w, https:\/\/www.gdapress.it\/it\/..\/public\/it\/2017\/03\/dsc_6237-TIBERI-DAVID-SORGENTE-del-VINO-LIVE-2017-11-marzo-.-endstartphoto.jpg 1024w\" sizes=\"auto, (max-width: 500px) 100vw, 500px\" \/>\u00a0\u00a0\u00a0<img loading=\"lazy\" decoding=\"async\" class=\"alignnone size-large wp-image-62618\" src=\"http:\/\/www.gdapress.it\/it\/..\/public\/it\/2017\/03\/dsc_6265-TAMARIE-SORGENTE-del-VINO-LIVE-2017-11-marzo-.-endstartphoto-266x400.jpg\" alt=\"\" width=\"266\" height=\"400\" srcset=\"https:\/\/www.gdapress.it\/it\/..\/public\/it\/2017\/03\/dsc_6265-TAMARIE-SORGENTE-del-VINO-LIVE-2017-11-marzo-.-endstartphoto-266x400.jpg 266w, https:\/\/www.gdapress.it\/it\/..\/public\/it\/2017\/03\/dsc_6265-TAMARIE-SORGENTE-del-VINO-LIVE-2017-11-marzo-.-endstartphoto-200x300.jpg 200w, https:\/\/www.gdapress.it\/it\/..\/public\/it\/2017\/03\/dsc_6265-TAMARIE-SORGENTE-del-VINO-LIVE-2017-11-marzo-.-endstartphoto.jpg 511w\" sizes=\"auto, (max-width: 266px) 100vw, 266px\" \/>\u00a0<img loading=\"lazy\" decoding=\"async\" class=\"alignnone size-large wp-image-62619\" src=\"http:\/\/www.gdapress.it\/it\/..\/public\/it\/2017\/03\/dsc_6278-SUOLI-CATALDI-SORGENTE-del-VINO-LIVE-2017-11-marzo-.-endstartphoto-289x400.jpg\" alt=\"\" width=\"289\" height=\"400\" srcset=\"https:\/\/www.gdapress.it\/it\/..\/public\/it\/2017\/03\/dsc_6278-SUOLI-CATALDI-SORGENTE-del-VINO-LIVE-2017-11-marzo-.-endstartphoto-289x400.jpg 289w, https:\/\/www.gdapress.it\/it\/..\/public\/it\/2017\/03\/dsc_6278-SUOLI-CATALDI-SORGENTE-del-VINO-LIVE-2017-11-marzo-.-endstartphoto-217x300.jpg 217w, https:\/\/www.gdapress.it\/it\/..\/public\/it\/2017\/03\/dsc_6278-SUOLI-CATALDI-SORGENTE-del-VINO-LIVE-2017-11-marzo-.-endstartphoto.jpg 555w\" sizes=\"auto, (max-width: 289px) 100vw, 289px\" \/>\u00a0<img loading=\"lazy\" decoding=\"async\" class=\"alignnone size-large wp-image-62620\" src=\"http:\/\/www.gdapress.it\/it\/..\/public\/it\/2017\/03\/dsc_6286-TENUTA-BELVEDERE-SORGENTE-del-VINO-LIVE-2017-11-marzo-.-endstartphoto-500x333.jpg\" alt=\"\" width=\"500\" height=\"333\" srcset=\"https:\/\/www.gdapress.it\/it\/..\/public\/it\/2017\/03\/dsc_6286-TENUTA-BELVEDERE-SORGENTE-del-VINO-LIVE-2017-11-marzo-.-endstartphoto-500x333.jpg 500w, https:\/\/www.gdapress.it\/it\/..\/public\/it\/2017\/03\/dsc_6286-TENUTA-BELVEDERE-SORGENTE-del-VINO-LIVE-2017-11-marzo-.-endstartphoto-300x200.jpg 300w, https:\/\/www.gdapress.it\/it\/..\/public\/it\/2017\/03\/dsc_6286-TENUTA-BELVEDERE-SORGENTE-del-VINO-LIVE-2017-11-marzo-.-endstartphoto-768x511.jpg 768w, https:\/\/www.gdapress.it\/it\/..\/public\/it\/2017\/03\/dsc_6286-TENUTA-BELVEDERE-SORGENTE-del-VINO-LIVE-2017-11-marzo-.-endstartphoto-720x480.jpg 720w, https:\/\/www.gdapress.it\/it\/..\/public\/it\/2017\/03\/dsc_6286-TENUTA-BELVEDERE-SORGENTE-del-VINO-LIVE-2017-11-marzo-.-endstartphoto-272x182.jpg 272w, https:\/\/www.gdapress.it\/it\/..\/public\/it\/2017\/03\/dsc_6286-TENUTA-BELVEDERE-SORGENTE-del-VINO-LIVE-2017-11-marzo-.-endstartphoto.jpg 1024w\" sizes=\"auto, (max-width: 500px) 100vw, 500px\" \/>\u00a0<img loading=\"lazy\" decoding=\"async\" class=\"alignnone size-large wp-image-62621\" src=\"http:\/\/www.gdapress.it\/it\/..\/public\/it\/2017\/03\/dsc_6293-BARBARA-AVELLINO-SORGENTE-del-VINO-LIVE-2017-11-marzo-.-endstartphoto-279x400.jpg\" alt=\"\" width=\"279\" height=\"400\" srcset=\"https:\/\/www.gdapress.it\/it\/..\/public\/it\/2017\/03\/dsc_6293-BARBARA-AVELLINO-SORGENTE-del-VINO-LIVE-2017-11-marzo-.-endstartphoto-279x400.jpg 279w, https:\/\/www.gdapress.it\/it\/..\/public\/it\/2017\/03\/dsc_6293-BARBARA-AVELLINO-SORGENTE-del-VINO-LIVE-2017-11-marzo-.-endstartphoto-209x300.jpg 209w, https:\/\/www.gdapress.it\/it\/..\/public\/it\/2017\/03\/dsc_6293-BARBARA-AVELLINO-SORGENTE-del-VINO-LIVE-2017-11-marzo-.-endstartphoto.jpg 535w\" sizes=\"auto, (max-width: 279px) 100vw, 279px\" \/>\u00a0<img loading=\"lazy\" decoding=\"async\" class=\"alignnone size-large wp-image-62622\" src=\"http:\/\/www.gdapress.it\/it\/..\/public\/it\/2017\/03\/dsc_6319-TORRE-ORSAIA-SORGENTE-del-VINO-LIVE-2017-11-marzo-.-endstartphoto_1-500x390.jpg\" alt=\"\" width=\"500\" height=\"390\" srcset=\"https:\/\/www.gdapress.it\/it\/..\/public\/it\/2017\/03\/dsc_6319-TORRE-ORSAIA-SORGENTE-del-VINO-LIVE-2017-11-marzo-.-endstartphoto_1-500x390.jpg 500w, https:\/\/www.gdapress.it\/it\/..\/public\/it\/2017\/03\/dsc_6319-TORRE-ORSAIA-SORGENTE-del-VINO-LIVE-2017-11-marzo-.-endstartphoto_1-300x234.jpg 300w, https:\/\/www.gdapress.it\/it\/..\/public\/it\/2017\/03\/dsc_6319-TORRE-ORSAIA-SORGENTE-del-VINO-LIVE-2017-11-marzo-.-endstartphoto_1-768x599.jpg 768w, https:\/\/www.gdapress.it\/it\/..\/public\/it\/2017\/03\/dsc_6319-TORRE-ORSAIA-SORGENTE-del-VINO-LIVE-2017-11-marzo-.-endstartphoto_1.jpg 985w\" sizes=\"auto, (max-width: 500px) 100vw, 500px\" \/>\u00a0<img loading=\"lazy\" decoding=\"async\" class=\"alignnone size-large wp-image-62623\" src=\"http:\/\/www.gdapress.it\/it\/..\/public\/it\/2017\/03\/dsc_6325-COLICCHIO-SORGENTE-del-VINO-LIVE-2017-11-marzo-.-endstartphoto-266x400.jpg\" alt=\"\" width=\"266\" height=\"400\" srcset=\"https:\/\/www.gdapress.it\/it\/..\/public\/it\/2017\/03\/dsc_6325-COLICCHIO-SORGENTE-del-VINO-LIVE-2017-11-marzo-.-endstartphoto-266x400.jpg 266w, https:\/\/www.gdapress.it\/it\/..\/public\/it\/2017\/03\/dsc_6325-COLICCHIO-SORGENTE-del-VINO-LIVE-2017-11-marzo-.-endstartphoto-200x300.jpg 200w, https:\/\/www.gdapress.it\/it\/..\/public\/it\/2017\/03\/dsc_6325-COLICCHIO-SORGENTE-del-VINO-LIVE-2017-11-marzo-.-endstartphoto.jpg 511w\" sizes=\"auto, (max-width: 266px) 100vw, 266px\" \/>\u00a0<img loading=\"lazy\" decoding=\"async\" class=\"alignnone size-large wp-image-62624\" src=\"http:\/\/www.gdapress.it\/it\/..\/public\/it\/2017\/03\/dsc_6354-NOVENTA-SORGENTE-del-VINO-LIVE-2017-11-marzo-.-endstartphoto-278x400.jpg\" alt=\"\" width=\"278\" height=\"400\" srcset=\"https:\/\/www.gdapress.it\/it\/..\/public\/it\/2017\/03\/dsc_6354-NOVENTA-SORGENTE-del-VINO-LIVE-2017-11-marzo-.-endstartphoto-278x400.jpg 278w, https:\/\/www.gdapress.it\/it\/..\/public\/it\/2017\/03\/dsc_6354-NOVENTA-SORGENTE-del-VINO-LIVE-2017-11-marzo-.-endstartphoto-208x300.jpg 208w, https:\/\/www.gdapress.it\/it\/..\/public\/it\/2017\/03\/dsc_6354-NOVENTA-SORGENTE-del-VINO-LIVE-2017-11-marzo-.-endstartphoto.jpg 533w\" sizes=\"auto, (max-width: 278px) 100vw, 278px\" \/>\u00a0<img loading=\"lazy\" decoding=\"async\" class=\"alignnone size-large wp-image-62625\" src=\"http:\/\/www.gdapress.it\/it\/..\/public\/it\/2017\/03\/dsc_6370-LA-CAVALIERA-SORGENTE-del-VINO-LIVE-2017-11-marzo-.-endstartphoto-500x333.jpg\" alt=\"\" width=\"500\" height=\"333\" srcset=\"https:\/\/www.gdapress.it\/it\/..\/public\/it\/2017\/03\/dsc_6370-LA-CAVALIERA-SORGENTE-del-VINO-LIVE-2017-11-marzo-.-endstartphoto-500x333.jpg 500w, https:\/\/www.gdapress.it\/it\/..\/public\/it\/2017\/03\/dsc_6370-LA-CAVALIERA-SORGENTE-del-VINO-LIVE-2017-11-marzo-.-endstartphoto-300x200.jpg 300w, https:\/\/www.gdapress.it\/it\/..\/public\/it\/2017\/03\/dsc_6370-LA-CAVALIERA-SORGENTE-del-VINO-LIVE-2017-11-marzo-.-endstartphoto-768x511.jpg 768w, https:\/\/www.gdapress.it\/it\/..\/public\/it\/2017\/03\/dsc_6370-LA-CAVALIERA-SORGENTE-del-VINO-LIVE-2017-11-marzo-.-endstartphoto-720x480.jpg 720w, https:\/\/www.gdapress.it\/it\/..\/public\/it\/2017\/03\/dsc_6370-LA-CAVALIERA-SORGENTE-del-VINO-LIVE-2017-11-marzo-.-endstartphoto-272x182.jpg 272w, https:\/\/www.gdapress.it\/it\/..\/public\/it\/2017\/03\/dsc_6370-LA-CAVALIERA-SORGENTE-del-VINO-LIVE-2017-11-marzo-.-endstartphoto.jpg 1024w\" sizes=\"auto, (max-width: 500px) 100vw, 500px\" \/>\u00a0<img loading=\"lazy\" decoding=\"async\" class=\"alignnone size-large wp-image-62626\" src=\"http:\/\/www.gdapress.it\/it\/..\/public\/it\/2017\/03\/dsc_6389-SIEMAN-SORGENTE-del-VINO-LIVE-2017-11-marzo-.-endstartphoto-266x400.jpg\" alt=\"\" width=\"266\" height=\"400\" srcset=\"https:\/\/www.gdapress.it\/it\/..\/public\/it\/2017\/03\/dsc_6389-SIEMAN-SORGENTE-del-VINO-LIVE-2017-11-marzo-.-endstartphoto-266x400.jpg 266w, https:\/\/www.gdapress.it\/it\/..\/public\/it\/2017\/03\/dsc_6389-SIEMAN-SORGENTE-del-VINO-LIVE-2017-11-marzo-.-endstartphoto-200x300.jpg 200w, https:\/\/www.gdapress.it\/it\/..\/public\/it\/2017\/03\/dsc_6389-SIEMAN-SORGENTE-del-VINO-LIVE-2017-11-marzo-.-endstartphoto.jpg 511w\" sizes=\"auto, (max-width: 266px) 100vw, 266px\" \/>\u00a0<img loading=\"lazy\" decoding=\"async\" class=\"alignnone size-large wp-image-62627\" src=\"http:\/\/www.gdapress.it\/it\/..\/public\/it\/2017\/03\/dsc_6406-SAN-LURINS-SORGENTE-del-VINO-LIVE-2017-11-marzo-.-endstartphoto-266x400.jpg\" alt=\"\" width=\"266\" height=\"400\" srcset=\"https:\/\/www.gdapress.it\/it\/..\/public\/it\/2017\/03\/dsc_6406-SAN-LURINS-SORGENTE-del-VINO-LIVE-2017-11-marzo-.-endstartphoto-266x400.jpg 266w, https:\/\/www.gdapress.it\/it\/..\/public\/it\/2017\/03\/dsc_6406-SAN-LURINS-SORGENTE-del-VINO-LIVE-2017-11-marzo-.-endstartphoto-200x300.jpg 200w, https:\/\/www.gdapress.it\/it\/..\/public\/it\/2017\/03\/dsc_6406-SAN-LURINS-SORGENTE-del-VINO-LIVE-2017-11-marzo-.-endstartphoto.jpg 511w\" sizes=\"auto, (max-width: 266px) 100vw, 266px\" \/>\u00a0<img loading=\"lazy\" decoding=\"async\" class=\"alignnone size-large wp-image-62628\" src=\"http:\/\/www.gdapress.it\/it\/..\/public\/it\/2017\/03\/dsc_6418-GARGANUDA-SORGENTE-del-VINO-LIVE-2017-11-marzo-.-endstartphoto-266x400.jpg\" alt=\"\" width=\"266\" height=\"400\" srcset=\"https:\/\/www.gdapress.it\/it\/..\/public\/it\/2017\/03\/dsc_6418-GARGANUDA-SORGENTE-del-VINO-LIVE-2017-11-marzo-.-endstartphoto-266x400.jpg 266w, https:\/\/www.gdapress.it\/it\/..\/public\/it\/2017\/03\/dsc_6418-GARGANUDA-SORGENTE-del-VINO-LIVE-2017-11-marzo-.-endstartphoto-200x300.jpg 200w, https:\/\/www.gdapress.it\/it\/..\/public\/it\/2017\/03\/dsc_6418-GARGANUDA-SORGENTE-del-VINO-LIVE-2017-11-marzo-.-endstartphoto.jpg 511w\" sizes=\"auto, (max-width: 266px) 100vw, 266px\" \/>\u00a0<img loading=\"lazy\" decoding=\"async\" class=\"alignnone size-large wp-image-62629\" src=\"http:\/\/www.gdapress.it\/it\/..\/public\/it\/2017\/03\/dsc_6431-CATARTICO-SORGENTE-del-VINO-LIVE-2017-11-marzo-.-endstartphoto_1-294x400.jpg\" alt=\"\" width=\"294\" height=\"400\" srcset=\"https:\/\/www.gdapress.it\/it\/..\/public\/it\/2017\/03\/dsc_6431-CATARTICO-SORGENTE-del-VINO-LIVE-2017-11-marzo-.-endstartphoto_1-294x400.jpg 294w, https:\/\/www.gdapress.it\/it\/..\/public\/it\/2017\/03\/dsc_6431-CATARTICO-SORGENTE-del-VINO-LIVE-2017-11-marzo-.-endstartphoto_1-220x300.jpg 220w, https:\/\/www.gdapress.it\/it\/..\/public\/it\/2017\/03\/dsc_6431-CATARTICO-SORGENTE-del-VINO-LIVE-2017-11-marzo-.-endstartphoto_1.jpg 564w\" sizes=\"auto, (max-width: 294px) 100vw, 294px\" \/>\u00a0<img loading=\"lazy\" decoding=\"async\" class=\"alignnone size-large wp-image-62630\" src=\"http:\/\/www.gdapress.it\/it\/..\/public\/it\/2017\/03\/dsc_6436-LAPALAZZINA-SORGENTE-del-VINO-LIVE-2017-11-marzo-.-endstartphoto-266x400.jpg\" alt=\"\" width=\"266\" height=\"400\" srcset=\"https:\/\/www.gdapress.it\/it\/..\/public\/it\/2017\/03\/dsc_6436-LAPALAZZINA-SORGENTE-del-VINO-LIVE-2017-11-marzo-.-endstartphoto-266x400.jpg 266w, https:\/\/www.gdapress.it\/it\/..\/public\/it\/2017\/03\/dsc_6436-LAPALAZZINA-SORGENTE-del-VINO-LIVE-2017-11-marzo-.-endstartphoto-200x300.jpg 200w, https:\/\/www.gdapress.it\/it\/..\/public\/it\/2017\/03\/dsc_6436-LAPALAZZINA-SORGENTE-del-VINO-LIVE-2017-11-marzo-.-endstartphoto.jpg 511w\" sizes=\"auto, (max-width: 266px) 100vw, 266px\" \/>\u00a0<img loading=\"lazy\" decoding=\"async\" class=\"alignnone size-large wp-image-62631\" src=\"http:\/\/www.gdapress.it\/it\/..\/public\/it\/2017\/03\/dsc_6444-GRIFALCO-SORGENTE-del-VINO-LIVE-2017-11-marzo-.-endstartphoto-500x333.jpg\" alt=\"\" width=\"500\" height=\"333\" srcset=\"https:\/\/www.gdapress.it\/it\/..\/public\/it\/2017\/03\/dsc_6444-GRIFALCO-SORGENTE-del-VINO-LIVE-2017-11-marzo-.-endstartphoto-500x333.jpg 500w, https:\/\/www.gdapress.it\/it\/..\/public\/it\/2017\/03\/dsc_6444-GRIFALCO-SORGENTE-del-VINO-LIVE-2017-11-marzo-.-endstartphoto-300x200.jpg 300w, https:\/\/www.gdapress.it\/it\/..\/public\/it\/2017\/03\/dsc_6444-GRIFALCO-SORGENTE-del-VINO-LIVE-2017-11-marzo-.-endstartphoto-768x511.jpg 768w, https:\/\/www.gdapress.it\/it\/..\/public\/it\/2017\/03\/dsc_6444-GRIFALCO-SORGENTE-del-VINO-LIVE-2017-11-marzo-.-endstartphoto-720x480.jpg 720w, https:\/\/www.gdapress.it\/it\/..\/public\/it\/2017\/03\/dsc_6444-GRIFALCO-SORGENTE-del-VINO-LIVE-2017-11-marzo-.-endstartphoto-272x182.jpg 272w, https:\/\/www.gdapress.it\/it\/..\/public\/it\/2017\/03\/dsc_6444-GRIFALCO-SORGENTE-del-VINO-LIVE-2017-11-marzo-.-endstartphoto.jpg 1024w\" sizes=\"auto, (max-width: 500px) 100vw, 500px\" \/><\/p>\n<h1 class=\"site-title\"><a title=\"Sorgentedelvino Live2017\" href=\"http:\/\/sorgentedelvinolive.org\/it\/sorgentedelvino-live-2017\/\" rel=\"home\">SORGENTEDELVINO LIVE2017<\/a><\/h1>\n<h2 class=\"site-description\">Vini naturali, tradizione, territorio \u2013 PiacenzaExpo 11-12-13 marzo<\/h2>\n<p>Nella rincorsa verso la natura istintiva delle pratiche che si perdono nel tempo, le tradizioni, il recupero, il passo Lento, il vivere a misura d\u2019uomo, il mondo slow \u2026.la terra contadina e l\u2019allevamento a terra: il Vino sta dimostrando di avere un ruolo determinante al centro della tavola.<\/p>\n<p>Tavola contenitore-espositore di intrecci umani e culturali.<\/p>\n<p>L\u2019industria dell\u2019agricoltura rimane alla finestra incredula ad ammirare la figura incredibile del Vigneron, prodotto anche Lui della Sua Terra.<\/p>\n<p>Lino Maga e il suo Barbacarlo, Emidio Pepe in Abruzzo, Dettori nel Sassarese, Foradori nella Piana Rotaliana forse i classici iniziatori del Ritorno\u2026.affiancati dalle nuove generazioni Sabino Loffredo a Montefredane e Nanni Cop\u00e8 nelle terre del Volturno.<\/p>\n<p>Sono solo i pi\u00f9 noti di un mondo che sta riscoprendo il suo ruolo.<\/p>\n<p>Non \u00e8 pi\u00f9 il ritmo industriale a scandire i movimenti in cantina, ma l\u2019armonia del mosto che bolle, fermenta e si trasforma nel nettare degli dei: alchimia essenziale.<\/p>\n<p>L\u2019eccellenza di un incontro ravvicinato con 150 Piccoli Produttori che fanno del loro Vino la\u00a0 \u201cPoesia della Terra\u201d come anticipava Mario Soldati.<\/p>\n<p>E\u2019 la Vigna che parla, non ci sono additivi n\u00e9 conservanti ed ogni annata \u00e8 diversa seguendo la natura e il suo clima. La permanenza sulle bucce \u00e8 lunga e il Vino acquista il suo colore naturale, vero non piegato a esigenze estetiche da scaffale.<\/p>\n<p>E\u2019 il lavoro del Vignaiolo che conosce e coccola la terra e i suoi frutti, e con maestria e sapienza imbottiglia ogni vendemmia seguendo i ritmi dell\u2019antica tradizione trasmessa nel tempo e in quel luogo, senza rinnegare le essenziali innovazioni tecniche e scientifiche dell\u2019enologia contemporanea.<\/p>\n<p>Vino, umanit\u00e0\u2026<\/p>\n<p>&nbsp;<\/p>\n<p>Metodo Ancestrale, Metodo Classico, Sui Lieviti o Cotto Stravecchio a parlare ora sono i Volti del Vino e l\u2019invito \u00e8 all\u2019approccio diretto, alla scoperta attraverso la visita in Cantina ai Vignaioli: nobile ingresso per la scoperta di un Territorio.\u00a0Gianpaolo Finizio<\/p>\n","protected":false},"excerpt":{"rendered":"<p>\u00a0\u00a0\u00a0\u00a0\u00a0\u00a0\u00a0\u00a0\u00a0\u00a0\u00a0\u00a0\u00a0\u00a0\u00a0\u00a0\u00a0\u00a0 SORGENTEDELVINO LIVE2017 Vini naturali, tradizione, territorio \u2013 PiacenzaExpo 11-12-13 marzo Nella rincorsa verso la natura istintiva delle pratiche che si perdono nel tempo, le tradizioni, il recupero, il passo Lento, il vivere a misura d\u2019uomo, il mondo slow \u2026.la terra contadina e l\u2019allevamento a terra: il Vino sta dimostrando di avere un ruolo determinante &hellip; <a href=\"https:\/\/www.gdapress.it\/it\/index.php\/62614\/enogastronomia\/sorgentedelvino-live2017-piacenza.html\" class=\"more-link\">Read more <span class=\"screen-reader-text\">SORGENTEDELVINO LIVE2017 PIACENZA<\/span><\/a><\/p>\n","protected":false},"author":3,"featured_media":62622,"comment_status":"closed","ping_status":"open","sticky":false,"template":"","format":"standard","meta":{"footnotes":""},"categories":[20],"tags":[18548,19665],"class_list":["post-62614","post","type-post","status-publish","format-standard","has-post-thumbnail","hentry","category-enogastronomia","tag-interni-open-borders-piacenza","tag-sorgentedelvino-live2017"],"_links":{"self":[{"href":"https:\/\/www.gdapress.it\/it\/index.php\/wp-json\/wp\/v2\/posts\/62614","targetHints":{"allow":["GET"]}}],"collection":[{"href":"https:\/\/www.gdapress.it\/it\/index.php\/wp-json\/wp\/v2\/posts"}],"about":[{"href":"https:\/\/www.gdapress.it\/it\/index.php\/wp-json\/wp\/v2\/types\/post"}],"author":[{"embeddable":true,"href":"https:\/\/www.gdapress.it\/it\/index.php\/wp-json\/wp\/v2\/users\/3"}],"replies":[{"embeddable":true,"href":"https:\/\/www.gdapress.it\/it\/index.php\/wp-json\/wp\/v2\/comments?post=62614"}],"version-history":[{"count":1,"href":"https:\/\/www.gdapress.it\/it\/index.php\/wp-json\/wp\/v2\/posts\/62614\/revisions"}],"predecessor-version":[{"id":62632,"href":"https:\/\/www.gdapress.it\/it\/index.php\/wp-json\/wp\/v2\/posts\/62614\/revisions\/62632"}],"wp:featuredmedia":[{"embeddable":true,"href":"https:\/\/www.gdapress.it\/it\/index.php\/wp-json\/wp\/v2\/media\/62622"}],"wp:attachment":[{"href":"https:\/\/www.gdapress.it\/it\/index.php\/wp-json\/wp\/v2\/media?parent=62614"}],"wp:term":[{"taxonomy":"category","embeddable":true,"href":"https:\/\/www.gdapress.it\/it\/index.php\/wp-json\/wp\/v2\/categories?post=62614"},{"taxonomy":"post_tag","embeddable":true,"href":"https:\/\/www.gdapress.it\/it\/index.php\/wp-json\/wp\/v2\/tags?post=62614"}],"curies":[{"name":"wp","href":"https:\/\/api.w.org\/{rel}","templated":true}]}}