
{"id":62512,"date":"2017-03-26T23:24:14","date_gmt":"2017-03-26T21:24:14","guid":{"rendered":"http:\/\/www.gdapress.it\/it\/?p=62512"},"modified":"2017-03-26T23:24:14","modified_gmt":"2017-03-26T21:24:14","slug":"salone-del-mobile-salonesatellite-compie-20-anni","status":"publish","type":"post","link":"https:\/\/www.gdapress.it\/it\/index.php\/62512\/i-saloni-201220132014\/salone-del-mobile-salonesatellite-compie-20-anni.html","title":{"rendered":"Salone del Mobile Il SaloneSatellite compie 20 anni"},"content":{"rendered":"<p><img loading=\"lazy\" decoding=\"async\" class=\"alignnone size-medium wp-image-62513\" src=\"http:\/\/www.gdapress.it\/it\/..\/public\/it\/2017\/03\/32758168846_fa891b369f_b-2-212x300.jpg\" alt=\"\" width=\"212\" height=\"300\" srcset=\"https:\/\/www.gdapress.it\/it\/..\/public\/it\/2017\/03\/32758168846_fa891b369f_b-2-212x300.jpg 212w, https:\/\/www.gdapress.it\/it\/..\/public\/it\/2017\/03\/32758168846_fa891b369f_b-2-283x400.jpg 283w, https:\/\/www.gdapress.it\/it\/..\/public\/it\/2017\/03\/32758168846_fa891b369f_b-2.jpg 724w\" sizes=\"auto, (max-width: 212px) 100vw, 212px\" \/><br \/>\nDal 1998 il SaloneSatellite \u00e8 il trampolino di lancio internazionale dei giovani under 35 e<br \/>\npunto di incontro tra i giovani e gli imprenditori del settore arredo. Appuntamento con la<br \/>\n20a edizione dedicata pi\u00f9 che mai al design, e celebrata con dei pezzi di design realizzati<br \/>\nad hoc e una grande mostra in citt\u00e0.<br \/>\nFesta grande per il SaloneSatellite che il prossimo aprile compie 20 anni: un pedigree<br \/>\nineccepibile \u2013 insignito nel 2014 del Compasso d\u2019Oro alla carriera \u2013 e una ricca storia:<br \/>\noltre 10.000 i giovani che sono passati tra le sue fila, molti divenuti designer acclamati a<br \/>\nlivello globale \u2013 dai francesi Matali Crasset e Patrick Jouin, ai finlandesi Harri Koskinen e<br \/>\nIlkka Suppanen, ai giapponesi Tomoko Azumi e Nendo, agli americani Sean Yoo e Cory<br \/>\nGrosser, alle svedesi Front e Johan Lindst\u00e9n, al belga Xavier Lust, al norvegese Daniel<br \/>\nRybakken, all\u2019indiano Satyendra Pakhal\u00e9, all\u2019argentino Federico Churba e agli italiani<br \/>\nLorenzo Damiani, Tommaso Nani, Cristina Celestino e Francesca Lanzavecchia solo per<br \/>\ncitarne alcuni \u2013 oltre a 270 scuole internazionali di design tra le pi\u00f9 prestigiose.<br \/>\nAllestito nei padiglioni 22-24 e con ingresso libero anche al pubblico da Cargo 5, e per<br \/>\nchi \u00e8 invece gi\u00e0 all\u2019interno del quartiere fieristico attraversando Workplace3.0, la biennale<br \/>\ndedicata agli ambienti di lavoro con cui condivide gli stessi padiglioni, il SaloneSatellite si<br \/>\nsvolger\u00e0 dal 4 al 9 aprile presso Fiera Milano a Rho in concomitanza con il Salone<br \/>\nInternazionale del Mobile, il Salone Internazionale del Complemento, Euroluce e, come<br \/>\nanticipato, Workplace3.0.<br \/>\nCome ogni anno l\u2019allestimento della manifestazione nonch\u00e9 alcuni dei progetti dei giovani<br \/>\ndesigner seguiranno il tema prescelto che, per questa edizione, \u00e8 \u201cDESIGN is&#8230;?\u201d: una<br \/>\ndomanda aperta, attuale e cruciale. Non chiede risposte ma apre a nuove riflessioni sul<br \/>\nvalore dei processi e dei progetti: un invito, dunque, a misurarsi sulla capacit\u00e0 di ascolto<br \/>\ne dialogo con un pubblico sempre pi\u00f9 maturo, attento a nuove esigenze, sollecitato dai<br \/>\ntraguardi della ricerca di nuove soluzioni, tangibili e intangibili, individuali e collettive, in<br \/>\ngrado di restituirci un futuro migliore. Anche nell\u2019abitare.<br \/>\nIl progresso tecnologico e l\u2019evoluzione del web, negli ultimi anni, stanno ridefinendo i<br \/>\nparadigmi della progettazione, aprendo al design nuovi campi di azione: dalla ricerca<br \/>\navanzata sui materiali al design delle interfacce, dal design di servizi alla prototipazione<br \/>\nrapida. In questo scenario complesso e multiforme, l\u2019industrial design guarda al futuro,<br \/>\ncercando di rispondere a nuovi bisogni e desideri, in un dialogo costante con un mondo<br \/>\nin trasformazione.<br \/>\nI progetti dei circa 650 giovani designer che parteciperanno da tutto il mondo sono stati<br \/>\nselezionati lo scorso ottobre da un prestigioso Comitato di Selezione, composto da<br \/>\npersonalit\u00e0 di rilievo internazionale nel mondo del design, della progettazione e della<br \/>\nproduzione: Aldo Cibic, Architetto\/Designer; Beppe Finessi, Critico di Design; Corinne<br \/>\nJulius, Giornalista, London Evening Standart, Homes &amp; Property, Blueprint, BBC Front<br \/>\nRow; Davide Groppi, Architetto\/Designer \u2013 CEO Davide Groppi SRL; Francesca Taroni,<br \/>\nGiornalista, Living (RCS); Giovanni Anzani, Amministratore Delegato Poliform SpA: Matteo<br \/>\nThun, Architetto\/Designer; Michael Erlhoff, Professore, Hochschule f\u00fcr Bildende K\u00fcnste<br \/>\nBraunschweig (HBK); Paolo Ulian, Designer; Terry Dwan, Architetto\/Designer e Marva<br \/>\nGriffin, Fondatrice e Curatrice del SaloneSatellite.<br \/>\n8a edizione invece per il concorso SaloneSatellite Award che favorisce i contatti mirati tra<br \/>\ngli under 35 e le aziende espositrici al Salone del Mobile.Milano. Una Giuria, anch\u2019essa<br \/>\ncomposta da personalit\u00e0 di spicco nel mondo del progetto, con la presidenza di Paola<br \/>\nAntonelli, Senior Curator, Architecture &amp; Design-Director, Research &amp; Development del<br \/>\nMoMA di New York, sceglier\u00e0 i 3 progetti migliori e ai loro designer verr\u00e0 consegnato un<br \/>\ngettone di presenza. Ai vincitori si garantir\u00e0 anche un servizio di consulenza e ufficio<br \/>\nstampa, al fine di garantire la massima diffusione del prodotto vincitore.<br \/>\nI 20 anni del SaloneSatellite vengono festeggiati con una speciale edizione di pezzi fatti<br \/>\ndisegnare appositamente per l\u2019occasione da affermati designer internazionali che hanno<br \/>\ncome minimo comun denominatore il debutto della loro carriera nelle varie edizioni del<br \/>\nSaloneSatellite. Alcuni pezzi saranno autoprodotti dai designer stessi, altri invece saranno<br \/>\npresentati e commercializzati dalle aziende presenti al Salone del Mobile.Milano.<br \/>\nL\u2019insieme dei pezzi andr\u00e0 a formare la Collezione SaloneSatellite 20 anni che sar\u00e0<br \/>\nesposta nei padiglioni 22-24 del SaloneSatellite dal 4 al 9 aprile.<br \/>\nI festeggiamenti del compleanno del SaloneSatellite continuano in citt\u00e0 presso la Fabbrica<br \/>\ndel Vapore dove una grande mostra antologica, a cura di Beppe Finessi, intitolata<br \/>\nSALONESATELLITE. 20 anni di nuova creativit\u00e0 presenta un\u2019antologia di pezzi entrati in<br \/>\nproduzione.<br \/>\n\u201cRileggere i vent&#8217;anni del SaloneSatellite\u201d, afferma l\u2019architetto Finessi \u201cVuol dire<br \/>\nincontrare molti dei protagonisti del design di oggi, che proprio al SaloneSatellite sono<br \/>\nnati e cresciuti. E che qui hanno trovato il primo momento di ascolto e confronto.<br \/>\nEmoziona rivedere la qualit\u00e0 del loro lavoro, ma impressiona considerare anche il loro<br \/>\nnumero: sono pi\u00f9 di 100 gli autori che si sono affermati e sono oggi progettisti<br \/>\nriconosciuti per la loro autorialit\u00e0, personalit\u00e0 e originalit\u00e0. E cos\u00ec scorrere l&#8217;elenco dei<br \/>\npartecipanti di questi 20 anni vuol dire fare proprio un dizionario imprescindibile della<br \/>\nstoria della creativit\u00e0 di questo nuovo terzo millennio\u201d.<br \/>\nLa mostra \u00e8 una sorta di capitolo due di quella fatta nel 2007, intitolata Avverati. Progetti<br \/>\ndal SaloneSatellite alla produzione, anch\u2019essa curata dallo stesso architetto Finessi: una<br \/>\ncarrellata di alcune centinaia di prodotti che presentati durante le venti edizioni del<br \/>\nSaloneSatellite come prototipi e poi entrati nel mercato, tra i cataloghi di aziende<br \/>\nprestigiose e di grande diffusione, e altre realt\u00e0 produttive di particolare significato.<br \/>\nAlcuni dei progetti di questi vent\u2019anni sono diventati prodotti di successo, altri addirittura<br \/>\nicone di questa nuova stagione del design, altri hanno ricevuto prestigiosi premi e<br \/>\nriconoscimenti, altri ancora sono entrati nei musei di design pi\u00f9 importanti.<\/p>\n","protected":false},"excerpt":{"rendered":"<p>Dal 1998 il SaloneSatellite \u00e8 il trampolino di lancio internazionale dei giovani under 35 e punto di incontro tra i giovani e gli imprenditori del settore arredo. Appuntamento con la 20a edizione dedicata pi\u00f9 che mai al design, e celebrata con dei pezzi di design realizzati ad hoc e una grande mostra in citt\u00e0. Festa &hellip; <a href=\"https:\/\/www.gdapress.it\/it\/index.php\/62512\/i-saloni-201220132014\/salone-del-mobile-salonesatellite-compie-20-anni.html\" class=\"more-link\">Read more <span class=\"screen-reader-text\">Salone del Mobile Il SaloneSatellite compie 20 anni<\/span><\/a><\/p>\n","protected":false},"author":3,"featured_media":62513,"comment_status":"closed","ping_status":"open","sticky":false,"template":"","format":"standard","meta":{"footnotes":""},"categories":[8151],"tags":[4381,19630],"class_list":["post-62512","post","type-post","status-publish","format-standard","has-post-thumbnail","hentry","category-i-saloni-201220132014","tag-salone-del-mobile","tag-salonesatellite"],"_links":{"self":[{"href":"https:\/\/www.gdapress.it\/it\/index.php\/wp-json\/wp\/v2\/posts\/62512","targetHints":{"allow":["GET"]}}],"collection":[{"href":"https:\/\/www.gdapress.it\/it\/index.php\/wp-json\/wp\/v2\/posts"}],"about":[{"href":"https:\/\/www.gdapress.it\/it\/index.php\/wp-json\/wp\/v2\/types\/post"}],"author":[{"embeddable":true,"href":"https:\/\/www.gdapress.it\/it\/index.php\/wp-json\/wp\/v2\/users\/3"}],"replies":[{"embeddable":true,"href":"https:\/\/www.gdapress.it\/it\/index.php\/wp-json\/wp\/v2\/comments?post=62512"}],"version-history":[{"count":1,"href":"https:\/\/www.gdapress.it\/it\/index.php\/wp-json\/wp\/v2\/posts\/62512\/revisions"}],"predecessor-version":[{"id":62514,"href":"https:\/\/www.gdapress.it\/it\/index.php\/wp-json\/wp\/v2\/posts\/62512\/revisions\/62514"}],"wp:featuredmedia":[{"embeddable":true,"href":"https:\/\/www.gdapress.it\/it\/index.php\/wp-json\/wp\/v2\/media\/62513"}],"wp:attachment":[{"href":"https:\/\/www.gdapress.it\/it\/index.php\/wp-json\/wp\/v2\/media?parent=62512"}],"wp:term":[{"taxonomy":"category","embeddable":true,"href":"https:\/\/www.gdapress.it\/it\/index.php\/wp-json\/wp\/v2\/categories?post=62512"},{"taxonomy":"post_tag","embeddable":true,"href":"https:\/\/www.gdapress.it\/it\/index.php\/wp-json\/wp\/v2\/tags?post=62512"}],"curies":[{"name":"wp","href":"https:\/\/api.w.org\/{rel}","templated":true}]}}