
{"id":62272,"date":"2017-03-12T10:30:15","date_gmt":"2017-03-12T08:30:15","guid":{"rendered":"http:\/\/www.gdapress.it\/it\/?p=62272"},"modified":"2017-03-13T00:36:26","modified_gmt":"2017-03-12T22:36:26","slug":"manzoni-derby-cabaret-talent-show-della-comicita","status":"publish","type":"post","link":"https:\/\/www.gdapress.it\/it\/index.php\/62272\/spettacoli\/manzoni-derby-cabaret-talent-show-della-comicita.html","title":{"rendered":"MANZONI DERBY CABARET   il  Talent  Show della comicit\u00e0"},"content":{"rendered":"<p><img loading=\"lazy\" decoding=\"async\" class=\"alignnone size-medium wp-image-62273\" src=\"http:\/\/www.gdapress.it\/it\/..\/public\/it\/2017\/03\/08-ph-angelo-redaelli-300x200.jpg\" alt=\"08-ph-angelo-redaelli\" width=\"300\" height=\"200\" srcset=\"https:\/\/www.gdapress.it\/it\/..\/public\/it\/2017\/03\/08-ph-angelo-redaelli-300x200.jpg 300w, https:\/\/www.gdapress.it\/it\/..\/public\/it\/2017\/03\/08-ph-angelo-redaelli-768x512.jpg 768w, https:\/\/www.gdapress.it\/it\/..\/public\/it\/2017\/03\/08-ph-angelo-redaelli-500x333.jpg 500w, https:\/\/www.gdapress.it\/it\/..\/public\/it\/2017\/03\/08-ph-angelo-redaelli-720x480.jpg 720w, https:\/\/www.gdapress.it\/it\/..\/public\/it\/2017\/03\/08-ph-angelo-redaelli-272x182.jpg 272w\" sizes=\"auto, (max-width: 300px) 100vw, 300px\" \/><\/p>\n<p><strong>SECONDA SEMIFINALE<\/strong><\/p>\n<p><strong>12 Marzo 2017<\/strong><\/p>\n<p><strong>Dinner, Wine &amp; Show<\/strong><br \/>\n<strong><em>Il talent show della comicit\u00e0<\/em><\/strong><br \/>\nLa domenica sera dalle 19.30 alle 22.00<\/p>\n<p>presentano<br \/>\n<strong>MAURIZIO COLOMBI <\/strong>e <strong>LUISA CORNA<\/strong><\/p>\n<p>con l\u2019esilarante comicit\u00e0 dei <strong>coach<\/strong><\/p>\n<p><strong>Omar Pirovano, Giovanni d&#8217;Angella, Riky Bokor<\/strong><\/p>\n<p>e gli\u00a0 <strong>esordienti<\/strong><\/p>\n<p><strong>\u00a0\u00a0\u00a0\u00a0\u00a0\u00a0\u00a0\u00a0\u00a0\u00a0\u00a0\u00a0\u00a0\u00a0\u00a0\u00a0\u00a0\u00a0\u00a0\u00a0\u00a0\u00a0\u00a0\u00a0\u00a0\u00a0\u00a0\u00a0\u00a0\u00a0\u00a0\u00a0\u00a0\u00a0\u00a0\u00a0\u00a0\u00a0\u00a0\u00a0 \u00a0\u00a0\u00a0<\/strong><strong>Michele Giunta, Mario Raz, Marco Brioschi<\/strong><\/p>\n<p><strong>Ospite della serata\u00a0 <\/strong><strong>Rino Ceronte <\/strong><strong>(da Colorado)<\/strong><\/p>\n<p>Il <strong>Fioraio Bianchi Caff\u00e8<\/strong><br \/>\npropone una cena completa, dall\u2019antipasto al dolce.<br \/>\nUna <strong>rock band di grandi musicisti<\/strong><br \/>\naccompagner\u00e0 spettacolo e serata.<br \/>\nL\u2019<strong>Associazione Italiana Sommelier Lombardia<\/strong><br \/>\npresenter\u00e0 vini e cantine di grande livello.<\/p>\n<p><strong>Finalissima<\/strong>\u00a0\u00a0 <strong>2 aprile 2017<\/strong><\/p>\n<p><strong>Manzoni Derby Cabaret<\/strong>, che accoglie lo storico marchio del <strong>Derby<\/strong>, \u00e8 un talent show della comicit\u00e0, trasversale per et\u00e0 e gusti del pubblico. Sulla scia del successo ottenuto nelle precedenti<\/p>\n<p>edizioni si ripropone con la formula del <strong>Dinner, Wine&amp;Show<\/strong>, la <strong>domenica a partire dalle 19,30<\/strong>, per dare vita ad un vero laboratorio della comicit\u00e0 milanese, con cui concludere in modo diverso la<\/p>\n<p>settimana. Anticipano lo spettacolo una <strong>cena a buffet<\/strong> curata dal rinomato <strong>Fioraio<\/strong> <strong>Bianchi Caff\u00e8<\/strong>, che presenta un ricco e allettante men\u00f9, abbinata alla <strong>degustazione di grandi vini italiani<\/strong> con la<\/p>\n<p>guida di sommelier professionisti dell\u2019<strong>Associazione \u00a0Italiana Sommelier Lombardia<\/strong>.<\/p>\n<p>Questa settimana<strong>\u00a0 <\/strong>l\u2019<strong>Azienda<\/strong> <strong>CARLI <\/strong>presenta <strong>BONARDA DELL\u2019OLTREP\u00d2 PAVESE <\/strong>e l\u2019<strong>Azienda<\/strong> <strong>\u00a0CANTINA<\/strong><\/p>\n<p><strong>\u00a0DEL GIOGANTINU<\/strong> presenta\u00a0 <strong>VERMENTINO DI GALLURA SUPERIORE VIGNE STORICHE.<\/strong><\/p>\n<p><strong>Conducono<\/strong> <strong>Maurizio Colombi<\/strong> e l\u2019eclettica <strong>Luisa Corna<\/strong>, <strong>accompagnati da <\/strong><strong>una\u00a0 rock band<\/strong> con musicisti di fama nazionale che si esibiscono <strong>dal vivo<\/strong>.<\/p>\n<p>In palcoscenico una sfida tra i <strong>nuovi talenti<\/strong> della comicit\u00e0 <strong>Michele Giunta, Mario Raz, Marco Brioschi<\/strong><\/p>\n<p>accompagnati \u00a0per questa serata nel ruolo di <strong>coach<\/strong> da \u00a0<strong>Omar Pirovano, Giovanni d&#8217;Angella, Riky Bokor.<\/strong><\/p>\n<p>Ciascun giurato, tra i <strong>4 <\/strong>che compongono la <strong>giuria di qualit\u00e0<\/strong>, esprimer\u00e0 un <strong>parere tecnico<\/strong> per facilitare il pubblico nella scelta del vincitore. La signora Walda Foscale, Presidente onorario del <strong>Teatro Manzoni<\/strong>\u00a0 per la teatralit\u00e0;\u00a0\u00a0 <strong>Radio Reporter<\/strong> per il ritmo; \u00a0<strong>Tv Sorrisi e Canzoni<\/strong> per il look; <strong>Bruceketta<\/strong>\u00a0 per la comicit\u00e0. <strong>Mario Luzzatto Fegiz<\/strong>, Presidente della giuria, esprimer\u00e0 il giudizio finale.<\/p>\n<p>Dopo le <strong>3 serate di qualificazione, siamo giunti all\u2019ultima delle<\/strong> <strong>2<\/strong> <strong>semifinali<\/strong> , in attesa della <strong>finale <\/strong>del<strong> \u00a02 aprile che decreter\u00e0 il giovane talento comico dell\u2019anno<\/strong>.<\/p>\n<p>Come \u00e8 accaduto nelle precedenti edizioni,\u00a0 <strong>tanti saranno gli ospiti<\/strong> <strong>a sorpresa<\/strong> provenienti dal mondo dello spettacolo. Comicit\u00e0, musica, buon cibo e buon vino si fondono in un\u2019esperienza multisensoriale per dare vita ad una serata unica.<\/p>\n<p><strong>Biglietto<\/strong>: Cena, Degustazione vini e Spettacolo \u20ac 29,00<\/p>\n<p>Solo spettacolo \u20ac 17,00<\/p>\n<p>&nbsp;<\/p>\n","protected":false},"excerpt":{"rendered":"<p>SECONDA SEMIFINALE 12 Marzo 2017 Dinner, Wine &amp; Show Il talent show della comicit\u00e0 La domenica sera dalle 19.30 alle 22.00 presentano MAURIZIO COLOMBI e LUISA CORNA con l\u2019esilarante comicit\u00e0 dei coach Omar Pirovano, Giovanni d&#8217;Angella, Riky Bokor e gli\u00a0 esordienti \u00a0\u00a0\u00a0\u00a0\u00a0\u00a0\u00a0\u00a0\u00a0\u00a0\u00a0\u00a0\u00a0\u00a0\u00a0\u00a0\u00a0\u00a0\u00a0\u00a0\u00a0\u00a0\u00a0\u00a0\u00a0\u00a0\u00a0\u00a0\u00a0\u00a0\u00a0\u00a0\u00a0\u00a0\u00a0\u00a0\u00a0\u00a0\u00a0\u00a0 \u00a0\u00a0\u00a0Michele Giunta, Mario Raz, Marco Brioschi Ospite della serata\u00a0 Rino Ceronte (da Colorado) &hellip; <a href=\"https:\/\/www.gdapress.it\/it\/index.php\/62272\/spettacoli\/manzoni-derby-cabaret-talent-show-della-comicita.html\" class=\"more-link\">Read more <span class=\"screen-reader-text\">MANZONI DERBY CABARET   il  Talent  Show della comicit\u00e0<\/span><\/a><\/p>\n","protected":false},"author":3,"featured_media":62273,"comment_status":"closed","ping_status":"open","sticky":false,"template":"","format":"standard","meta":{"footnotes":""},"categories":[8],"tags":[15300],"class_list":["post-62272","post","type-post","status-publish","format-standard","has-post-thumbnail","hentry","category-spettacoli","tag-manzoni-derby-cabaret"],"_links":{"self":[{"href":"https:\/\/www.gdapress.it\/it\/index.php\/wp-json\/wp\/v2\/posts\/62272","targetHints":{"allow":["GET"]}}],"collection":[{"href":"https:\/\/www.gdapress.it\/it\/index.php\/wp-json\/wp\/v2\/posts"}],"about":[{"href":"https:\/\/www.gdapress.it\/it\/index.php\/wp-json\/wp\/v2\/types\/post"}],"author":[{"embeddable":true,"href":"https:\/\/www.gdapress.it\/it\/index.php\/wp-json\/wp\/v2\/users\/3"}],"replies":[{"embeddable":true,"href":"https:\/\/www.gdapress.it\/it\/index.php\/wp-json\/wp\/v2\/comments?post=62272"}],"version-history":[{"count":1,"href":"https:\/\/www.gdapress.it\/it\/index.php\/wp-json\/wp\/v2\/posts\/62272\/revisions"}],"predecessor-version":[{"id":62274,"href":"https:\/\/www.gdapress.it\/it\/index.php\/wp-json\/wp\/v2\/posts\/62272\/revisions\/62274"}],"wp:featuredmedia":[{"embeddable":true,"href":"https:\/\/www.gdapress.it\/it\/index.php\/wp-json\/wp\/v2\/media\/62273"}],"wp:attachment":[{"href":"https:\/\/www.gdapress.it\/it\/index.php\/wp-json\/wp\/v2\/media?parent=62272"}],"wp:term":[{"taxonomy":"category","embeddable":true,"href":"https:\/\/www.gdapress.it\/it\/index.php\/wp-json\/wp\/v2\/categories?post=62272"},{"taxonomy":"post_tag","embeddable":true,"href":"https:\/\/www.gdapress.it\/it\/index.php\/wp-json\/wp\/v2\/tags?post=62272"}],"curies":[{"name":"wp","href":"https:\/\/api.w.org\/{rel}","templated":true}]}}