
{"id":62108,"date":"2017-02-22T01:36:07","date_gmt":"2017-02-21T23:36:07","guid":{"rendered":"http:\/\/www.gdapress.it\/it\/?p=62108"},"modified":"2017-02-22T01:36:07","modified_gmt":"2017-02-21T23:36:07","slug":"talkin-menotti-souper-teatro-stabile-del-friuli-venezia-giulia","status":"publish","type":"post","link":"https:\/\/www.gdapress.it\/it\/index.php\/62108\/teatro\/talkin-menotti-souper-teatro-stabile-del-friuli-venezia-giulia.html","title":{"rendered":"TALKIN\u2019 MENOTTI SOUPER Teatro Stabile del Friuli Venezia Giulia"},"content":{"rendered":"<p><img loading=\"lazy\" decoding=\"async\" class=\"alignnone size-medium wp-image-62109\" src=\"http:\/\/www.gdapress.it\/it\/..\/public\/it\/2017\/02\/Souper4_ph-Simone-di-Luca-Copia-300x200.jpg\" alt=\"Souper4_ph Simone di Luca - Copia\" width=\"300\" height=\"200\" srcset=\"https:\/\/www.gdapress.it\/it\/..\/public\/it\/2017\/02\/Souper4_ph-Simone-di-Luca-Copia-300x200.jpg 300w, https:\/\/www.gdapress.it\/it\/..\/public\/it\/2017\/02\/Souper4_ph-Simone-di-Luca-Copia-768x513.jpg 768w, https:\/\/www.gdapress.it\/it\/..\/public\/it\/2017\/02\/Souper4_ph-Simone-di-Luca-Copia-500x334.jpg 500w, https:\/\/www.gdapress.it\/it\/..\/public\/it\/2017\/02\/Souper4_ph-Simone-di-Luca-Copia-720x480.jpg 720w, https:\/\/www.gdapress.it\/it\/..\/public\/it\/2017\/02\/Souper4_ph-Simone-di-Luca-Copia-272x182.jpg 272w, https:\/\/www.gdapress.it\/it\/..\/public\/it\/2017\/02\/Souper4_ph-Simone-di-Luca-Copia.jpg 1000w\" sizes=\"auto, (max-width: 300px) 100vw, 300px\" \/><\/p>\n<p><strong>TALKIN\u2019 MENOTTI<\/strong><\/p>\n<p>21 | 23 febbraio<\/p>\n<p><strong>Teatro Stabile del Friuli Venezia Giulia<\/strong><\/p>\n<p><strong>SOUPER<\/strong><\/p>\n<p><strong><u>prima milanese<\/u><\/strong><\/p>\n<p><em>di\u00a0<\/em>Ferenc Molnar<br \/>\n<em>traduzione<\/em> Ada Salvatore<br \/>\n<em>adattamento e regia<\/em> Fausto Paravidino<br \/>\n<em>scene<\/em>\u00a0Laura Benzi<br \/>\n<em>costumi<\/em>\u00a0Sandra Cardini<\/p>\n<p><em>con<\/em> Filippo Borghi, Adriano Braidotti, Ester Galazzi, Andrea Germani, Lara Komar, Riccardo Maranzana, Francesco Migliaccio, Maria Grazia Plos e Federica De Benedittis<\/p>\n<p>Si alza il sipario del <strong>Teatro Menotti<\/strong> dal 21 al 23 febbraio per il festival <strong><em>Talkin\u2019 Menotti<\/em><\/strong> con <strong><em>Souper<\/em><\/strong>, gustosa e attuale commedia scritta da <em>Federec Moln\u00e0r<\/em> nel 1930, di cui <strong>Fausto Paravidino<\/strong>, che ha curato l\u2019adattamento e la regia, sottolinea l\u2019incisivit\u00e0 e l\u2019ironia, dirigendo la <em>Compagnia del Teatro Stabile del Friuli Venezia Giulia<\/em>.<\/p>\n<p>Un direttore di banca, il giorno del suo Compleanno, invita gli amici a cena. \u00c8 un anniversario speciale per lui: giunto all\u2019apice della carriera, vuole condividere questo momento con le persone che pi\u00f9 gli sono vicine, con le quali ha condiviso tanti momenti importanti. Prepara anche un discorso per ringraziare tutti, ma, proprio mentre lo legge, il maggiordomo comunica che alla porta c\u2019\u00e8 un uomo: un ispettore di polizia venuto proprio per lui, per il direttore\u2026 scompiglio tra i convitati; qualche domanda, qualche sguardo, e tutto all\u2019 improvviso cambia di prospettiva: le persone radunate attorno a quella tavola sono ancora gli amici che qualche istante prima brindavano e ridevano? Tutto il sostegno avuto nel costruire questa luminosa carriera \u00e8 sempre avvenuto alla luce del sole e nella piena legalit\u00e0?<\/p>\n<p>Con una capacit\u00e0 straordinaria nel costruire dialoghi che, attraverso la massima levit\u00e0, in un momento spalancano davanti agli occhi dello spettatore mondi ben pi\u00f9 grevi, l\u2019incantevole autore de <em>I ragazzi della Via P\u00e0l<\/em> dipinge una societ\u00e0 della quale la corruzione sembra il tratto essenziale: che non lascia scoperta alcune ruota dell\u2019ingranaggio, perfettamente oliato, entro cui la Classe Dominante si muove. Un mondo lontano dal nostro? A vedere le reazioni dei singoli personaggi ai vari <em>coups de sc\u00e8ne<\/em> che si susseguono nella serata, non sembrerebbe proprio; la casta, gli interessi, i tradimenti, i regali, i ricatti, il gioco degli amanti e degli affari non sono affatto cos\u00ec lontani nel tempo e anzi, ti chiedi: ma davvero l\u2019ha scritto Moln\u00e0r nel 1930?! Fausto Paravidino dirige la Compagnia del Teatro Stabile in questa gustosa e attuale commedia, sottolineando l\u2019incisivit\u00e0 e l\u2019ironia di Moln\u00e0r.<\/p>\n<p><em>L\u2019attualit\u00e0 \u00e8 nel testo e non credo che vada particolarmente forzata \u2013 commenta infatti il regista \u2013 perch\u00e9 l\u2019attualit\u00e0 vera a teatro annoia\u2026 Invece \u00e8 pi\u00f9 divertente trovare l\u2019attualit\u00e0 nei testi scritti tanto tempo fa: si fa il percorso inverso. Si guarda la nostra attualit\u00e0 del momento e si scopre che non \u00e8 attualit\u00e0 per niente, che pi\u00f9 o meno siamo fatti sempre cos\u00ec! L\u2019effetto che si ottiene \u00e8 di perdere quella specie di presunzione per cui crediamo di essere speciali\u2026 Ad esempio siamo &#8211; giustamente &#8211; cos\u00ec sconvolti dalla nostra corruzione, che sembra sia stata inventata adesso. E invece c\u2019\u00e8 una notizia pi\u00f9 cattiva: che i meccanismi della nostra corruzione sono cos\u00ec antichi che ci si scrivevano sopra commedie nel primo Novecento facendoci grandi sghignazzate. Ecco la vera componente d\u2019attualit\u00e0. Mi sembra fra l\u2019altro che, disgraziatamente, questi personaggi di Moln\u00e0r siano dentro meccanismi di corruzione \u201clegale\u201d, sembrano autopercepirsi come brave persone, non hanno il gusto di sentirsi dei gangster! Chi ci ricordano? L\u2019operazione che ho fatto \u00e8 di cercare di permettere a questo testo di parlarci, senza attualizzarlo\u2026 I personaggi non si danno pi\u00f9 del \u201cvoi\u201d ma del \u201clei\u201d: il resto \u00e8 rimasto Moln\u00e0r.<\/em><\/p>\n<p><em>Fausto Paravidino<\/em><\/p>\n<p><strong>Ferenc Moln\u00e0r<\/strong><\/p>\n<p><em>Nato nel 1878 a Budapest;1895: studente di diritto a Ginevra; 1904: giornalista e scrittore noto; 1914: commediografo ancora pi\u00f9 noto; 1930: vorrei ancora essere studente a Ginevra\u2026<\/em> poco prima di morire nel, 1952, Ferenc Moln\u00e0r sintetizzava cos\u00ec la propria vita: poche righe che danno gi\u00e0 prova della sua abilit\u00e0 di scrittore, del suo houmour venato di scetticismo, ma anche del suo giocoso attaccamento alla vita. Accenti che connotano la sua ampia ed eclettica opera letteraria, che comprende romanzi, novelle, commedie, articoli giornalistici. Ungherese, Moln\u00e0r appartiene giovanissimo all\u2019ambiente bohemi\u00e8nne del Caff\u00e8 New York, nel cuore della capitale, ed esordisce sostituendo una propria novella ad una scritta da Anatole France, di cui avrebbe dovuto curare la traduzione per un giornale. Fu un successo e da l\u00ec inizi\u00f2 la sua parabola di autore. Fra i suoi lavori pi\u00f9 noti<em>, I ragazzi della via P\u00e0l <\/em>del 1906, in cui racconta lo scontro tra due bande di adolescenti, preceduto da <em>La citt\u00e0 affamata<\/em> e dal racconto <em>Danubio blu<\/em>.<\/p>\n<p>Ma probabilmente nel teatro esprime appieno la propria capacit\u00e0 inventiva, l\u2019abilit\u00e0 di creare scene e dialoghi raffinati, brillanti, ironici, talvolta lievemente malinconici. Tra i suoi titoli, ricordiamo almeno <em>Liliom <\/em>del 1909. Nei suoi lavori raffigura il mondo con spirito critico riservando una certa simpatia per i farabutti, pur partecipando sinceramente per chi subisce ingiustizie sociali.<\/p>\n<p><strong>TALKIN\u2019 MENOTTI<\/strong><\/p>\n<p><strong>BIGLIETTERIA<\/strong><\/p>\n<p><strong>TEATRO MENOTTI<\/strong><\/p>\n<p>Via Ciro Menotti 11, Milano &#8211; Tel. 02 36592544 &#8211; <a href=\"mailto:biglietteria@tieffeteatro.it\">biglietteria@tieffeteatro.it<\/a><\/p>\n<p><strong>ORARI BIGLIETTERIA<\/strong><\/p>\n<p>luned\u00ec e mercoled\u00ec 15.00 | 18.00<\/p>\n<p>marted\u00ec, gioved\u00ec, venerd\u00ec 15.00 | 19.00<\/p>\n<p>sabato 15.30 | 19.00<\/p>\n<p>domenica 15.00 | 17.00 <u>solo per la vendita della replica pomeridiana<\/u><\/p>\n<p>Acquisti online<\/p>\n<p>con carta di credito su <a href=\"http:\/\/www.teatromenotti.org\/\">www.teatromenotti.org<\/a><\/p>\n<p><strong>ORARI SPETTACOLI<\/strong><\/p>\n<p>feriali ore 20.30<\/p>\n<p>mercoled\u00ec ore 19.30 (escluso le prime)<\/p>\n<p>domenica ore 16.30<\/p>\n<p><a href=\"http:\/\/www.teatromenotti.org\/\">www.teatromenotti.org<\/a><\/p>\n<p>&nbsp;<\/p>\n<p>&nbsp;<\/p>\n<p>&nbsp;<\/p>\n","protected":false},"excerpt":{"rendered":"<p>TALKIN\u2019 MENOTTI 21 | 23 febbraio Teatro Stabile del Friuli Venezia Giulia SOUPER prima milanese di\u00a0Ferenc Molnar traduzione Ada Salvatore adattamento e regia Fausto Paravidino scene\u00a0Laura Benzi costumi\u00a0Sandra Cardini con Filippo Borghi, Adriano Braidotti, Ester Galazzi, Andrea Germani, Lara Komar, Riccardo Maranzana, Francesco Migliaccio, Maria Grazia Plos e Federica De Benedittis Si alza il sipario &hellip; <a href=\"https:\/\/www.gdapress.it\/it\/index.php\/62108\/teatro\/talkin-menotti-souper-teatro-stabile-del-friuli-venezia-giulia.html\" class=\"more-link\">Read more <span class=\"screen-reader-text\">TALKIN\u2019 MENOTTI SOUPER Teatro Stabile del Friuli Venezia Giulia<\/span><\/a><\/p>\n","protected":false},"author":3,"featured_media":62109,"comment_status":"closed","ping_status":"open","sticky":false,"template":"","format":"standard","meta":{"footnotes":""},"categories":[1],"tags":[19498,19361,19499],"class_list":["post-62108","post","type-post","status-publish","format-standard","has-post-thumbnail","hentry","category-teatro","tag-souper","tag-talkin-menotti","tag-teatro-stabile-del-friuli-venezia-giulia"],"_links":{"self":[{"href":"https:\/\/www.gdapress.it\/it\/index.php\/wp-json\/wp\/v2\/posts\/62108","targetHints":{"allow":["GET"]}}],"collection":[{"href":"https:\/\/www.gdapress.it\/it\/index.php\/wp-json\/wp\/v2\/posts"}],"about":[{"href":"https:\/\/www.gdapress.it\/it\/index.php\/wp-json\/wp\/v2\/types\/post"}],"author":[{"embeddable":true,"href":"https:\/\/www.gdapress.it\/it\/index.php\/wp-json\/wp\/v2\/users\/3"}],"replies":[{"embeddable":true,"href":"https:\/\/www.gdapress.it\/it\/index.php\/wp-json\/wp\/v2\/comments?post=62108"}],"version-history":[{"count":1,"href":"https:\/\/www.gdapress.it\/it\/index.php\/wp-json\/wp\/v2\/posts\/62108\/revisions"}],"predecessor-version":[{"id":62110,"href":"https:\/\/www.gdapress.it\/it\/index.php\/wp-json\/wp\/v2\/posts\/62108\/revisions\/62110"}],"wp:featuredmedia":[{"embeddable":true,"href":"https:\/\/www.gdapress.it\/it\/index.php\/wp-json\/wp\/v2\/media\/62109"}],"wp:attachment":[{"href":"https:\/\/www.gdapress.it\/it\/index.php\/wp-json\/wp\/v2\/media?parent=62108"}],"wp:term":[{"taxonomy":"category","embeddable":true,"href":"https:\/\/www.gdapress.it\/it\/index.php\/wp-json\/wp\/v2\/categories?post=62108"},{"taxonomy":"post_tag","embeddable":true,"href":"https:\/\/www.gdapress.it\/it\/index.php\/wp-json\/wp\/v2\/tags?post=62108"}],"curies":[{"name":"wp","href":"https:\/\/api.w.org\/{rel}","templated":true}]}}