
{"id":62072,"date":"2017-02-16T00:37:33","date_gmt":"2017-02-15T22:37:33","guid":{"rendered":"http:\/\/www.gdapress.it\/it\/?p=62072"},"modified":"2017-02-16T00:37:33","modified_gmt":"2017-02-15T22:37:33","slug":"la-la-migliore-elfo-puccini-sala-fassbinder","status":"publish","type":"post","link":"https:\/\/www.gdapress.it\/it\/index.php\/62072\/teatro\/la-la-migliore-elfo-puccini-sala-fassbinder.html","title":{"rendered":"&#8220;La prima, la migliore&#8221; Elfo Puccini  sala Fassbinder"},"content":{"rendered":"<p><img loading=\"lazy\" decoding=\"async\" class=\"alignnone size-large wp-image-62073\" src=\"http:\/\/www.gdapress.it\/it\/..\/public\/it\/2017\/02\/LaPrimaLaMigliore_phRaffaellaCavalieri_9307-500x333.jpg\" alt=\"LaPrimaLaMigliore_phRaffaellaCavalieri_9307\" width=\"500\" height=\"333\" srcset=\"https:\/\/www.gdapress.it\/it\/..\/public\/it\/2017\/02\/LaPrimaLaMigliore_phRaffaellaCavalieri_9307-500x333.jpg 500w, https:\/\/www.gdapress.it\/it\/..\/public\/it\/2017\/02\/LaPrimaLaMigliore_phRaffaellaCavalieri_9307-300x200.jpg 300w, https:\/\/www.gdapress.it\/it\/..\/public\/it\/2017\/02\/LaPrimaLaMigliore_phRaffaellaCavalieri_9307-768x511.jpg 768w, https:\/\/www.gdapress.it\/it\/..\/public\/it\/2017\/02\/LaPrimaLaMigliore_phRaffaellaCavalieri_9307-720x480.jpg 720w, https:\/\/www.gdapress.it\/it\/..\/public\/it\/2017\/02\/LaPrimaLaMigliore_phRaffaellaCavalieri_9307-272x182.jpg 272w\" sizes=\"auto, (max-width: 500px) 100vw, 500px\" \/><\/p>\n<p>14\/19 febbraio | sala Fassbinder<\/p>\n<p>La prima, la migliore<\/p>\n<p>testo e regia Gianfranco Berardi e Gabriella Casolari<\/p>\n<p>con Gianfranco Berardi, Gabriella Casolari e Davide Berardi<\/p>\n<p>produzione Emilia Romagna Teatro Fondazione<\/p>\n<p><em>Oggi, nella patria della nostra giovinezza camminiamo come viaggiatori di passaggio. Gli eventi ci hanno consumato siamo divenuti accorti come mercanti brutali come macellai noi siamo pi\u00f9 spensierati ma atrocemente indifferenti, sapremo forse vivere nella dolce terra ma quale vita?<\/em><\/p>\n<p>\u00abVolgendo lo sguardo agli spettacoli che dal 2003 a oggi abbiamo realizzato, ci accorgiamo che il conflitto, con noi stessi e con la realt\u00e0 circostante, \u00e8 stato e continua a essere il motore della nostra ricerca. Le dinamiche, i mutamenti e le opportunit\u00e0 da questo prodotte e derivate, sono attrazioni irresistibili verso cui tendiamo come attori, autori ed esseri umani.<\/p>\n<p>L\u2019occasione questa volta \u00e8 quella del centenario del primo conflitto mondiale che sconvolse l\u2019Italia, l\u2019Europa e il pianeta intero. \u00c8 incredibile come studiando un evento accaduto ormai tanto tempo fa ci si senta coinvolti da situazioni e sensazioni che sembrano raccontare la nostra contemporaneit\u00e0. Ed allora la condizione di una generazione \u201cperduta\u201d per un\u2019ideologia\u00a0 criminale, propagandata a tutto spiano,\u00a0 la distanza fra il popolo\u00a0 e\u00a0 chi lo governa, il cambiamento epocale ed il conseguente smarrimento esistenziale diventano metafore\u00a0 per raccontare la nostra condizione, il nostro tempo nel nostro paese.<\/p>\n<p>L\u2019idea ci \u00e8 venuta qualche anno fa leggendo il romanzo confessione <em>Niente di nuovo sul fronte occidentale<\/em> di E.M. Remarque. L\u2019autore in maniera lucida e feroce racconta di popoli lanciati uno contro l\u2019altro, per odio e per orgoglio e al contempo riflette\u00a0 e fa riflettere sulla situazione\u00a0 di depressione e disperazione che avvolge senza tregua la societ\u00e0 ieri come oggi. Di qui \u00e8 iniziata un\u2019indagine, storico-letteraria, ancora in atto, che mescola le materie di interesse, dal politico al sociale, dall\u2019economico all\u2019artistico, fornendo una contaminazione di linguaggi, stili ed argomentazioni in cui \u00e8 sempre pi\u00f9 interessante avventurarsi per proseguire il nostro cammino di ricerca, la nostra avventura\u00a0 alla scoperta di chi siamo, di chi siamo stati e di chi potremo un giorno divenire\u00bb. Gianfranco Berardi e Gabriella Casolari<\/p>\n<p>\u00abVengano i mesi e gli anni, non mi prenderanno pi\u00f9 nulla. Sono tanto solo, tanto privo di speranza che posso guardare dinanzi a me senza timore. La vita, che mi ha portato attraverso questi anni \u00e8 ancora nelle mie mani e nei miei occhi. Se io abbia saputo dominarla, non so. Ma finch\u00e9 dura, essa si cercher\u00e0 la sua strada, vi consenta o non vi consenta quell\u2019essere, che nel mio interno dice \u201cio\u201d\u00bb.<\/p>\n<p>Erich Maria Remarque<\/p>\n<p>&nbsp;<\/p>\n<p><strong>Elfo Puccini, corso Buenos Aires 33, Milano &#8211; Orari: mar-sab 21:00 \/ dom 16:30 &#8211; Prezzi: intero \u20ac 32.50 \/ marted\u00ec posto unico \u20ac 21.50 \/ rid. &lt;25 anni &#8211; &gt;65 anni \u20ac 17 &#8211; www.elfo.org<\/strong><\/p>\n","protected":false},"excerpt":{"rendered":"<p>14\/19 febbraio | sala Fassbinder La prima, la migliore testo e regia Gianfranco Berardi e Gabriella Casolari con Gianfranco Berardi, Gabriella Casolari e Davide Berardi produzione Emilia Romagna Teatro Fondazione Oggi, nella patria della nostra giovinezza camminiamo come viaggiatori di passaggio. Gli eventi ci hanno consumato siamo divenuti accorti come mercanti brutali come macellai noi &hellip; <a href=\"https:\/\/www.gdapress.it\/it\/index.php\/62072\/teatro\/la-la-migliore-elfo-puccini-sala-fassbinder.html\" class=\"more-link\">Read more <span class=\"screen-reader-text\">&#8220;La prima, la migliore&#8221; Elfo Puccini  sala Fassbinder<\/span><\/a><\/p>\n","protected":false},"author":3,"featured_media":62073,"comment_status":"closed","ping_status":"open","sticky":false,"template":"","format":"standard","meta":{"footnotes":""},"categories":[1],"tags":[19487,1902,19488,6603],"class_list":["post-62072","post","type-post","status-publish","format-standard","has-post-thumbnail","hentry","category-teatro","tag-la-prima","tag-elfo-puccini","tag-la-migliore","tag-sala-fassbinder"],"_links":{"self":[{"href":"https:\/\/www.gdapress.it\/it\/index.php\/wp-json\/wp\/v2\/posts\/62072","targetHints":{"allow":["GET"]}}],"collection":[{"href":"https:\/\/www.gdapress.it\/it\/index.php\/wp-json\/wp\/v2\/posts"}],"about":[{"href":"https:\/\/www.gdapress.it\/it\/index.php\/wp-json\/wp\/v2\/types\/post"}],"author":[{"embeddable":true,"href":"https:\/\/www.gdapress.it\/it\/index.php\/wp-json\/wp\/v2\/users\/3"}],"replies":[{"embeddable":true,"href":"https:\/\/www.gdapress.it\/it\/index.php\/wp-json\/wp\/v2\/comments?post=62072"}],"version-history":[{"count":1,"href":"https:\/\/www.gdapress.it\/it\/index.php\/wp-json\/wp\/v2\/posts\/62072\/revisions"}],"predecessor-version":[{"id":62074,"href":"https:\/\/www.gdapress.it\/it\/index.php\/wp-json\/wp\/v2\/posts\/62072\/revisions\/62074"}],"wp:featuredmedia":[{"embeddable":true,"href":"https:\/\/www.gdapress.it\/it\/index.php\/wp-json\/wp\/v2\/media\/62073"}],"wp:attachment":[{"href":"https:\/\/www.gdapress.it\/it\/index.php\/wp-json\/wp\/v2\/media?parent=62072"}],"wp:term":[{"taxonomy":"category","embeddable":true,"href":"https:\/\/www.gdapress.it\/it\/index.php\/wp-json\/wp\/v2\/categories?post=62072"},{"taxonomy":"post_tag","embeddable":true,"href":"https:\/\/www.gdapress.it\/it\/index.php\/wp-json\/wp\/v2\/tags?post=62072"}],"curies":[{"name":"wp","href":"https:\/\/api.w.org\/{rel}","templated":true}]}}