
{"id":62069,"date":"2017-02-16T00:21:22","date_gmt":"2017-02-15T22:21:22","guid":{"rendered":"http:\/\/www.gdapress.it\/it\/?p=62069"},"modified":"2017-02-16T00:21:22","modified_gmt":"2017-02-15T22:21:22","slug":"scandalo-arthur-schnitzler","status":"publish","type":"post","link":"https:\/\/www.gdapress.it\/it\/index.php\/62069\/teatro\/scandalo-arthur-schnitzler.html","title":{"rendered":"Scandalo  Arthur Schnitzler Elfo Puccini sala Shakespeare"},"content":{"rendered":"<p><img loading=\"lazy\" decoding=\"async\" class=\"alignnone size-large wp-image-62070\" src=\"http:\/\/www.gdapress.it\/it\/..\/public\/it\/2017\/02\/Scandalo_DSC_9521_low-500x333.jpg\" alt=\"Scandalo_DSC_9521_low\" width=\"500\" height=\"333\" srcset=\"https:\/\/www.gdapress.it\/it\/..\/public\/it\/2017\/02\/Scandalo_DSC_9521_low-500x333.jpg 500w, https:\/\/www.gdapress.it\/it\/..\/public\/it\/2017\/02\/Scandalo_DSC_9521_low-300x200.jpg 300w, https:\/\/www.gdapress.it\/it\/..\/public\/it\/2017\/02\/Scandalo_DSC_9521_low-768x511.jpg 768w, https:\/\/www.gdapress.it\/it\/..\/public\/it\/2017\/02\/Scandalo_DSC_9521_low-720x480.jpg 720w, https:\/\/www.gdapress.it\/it\/..\/public\/it\/2017\/02\/Scandalo_DSC_9521_low-272x182.jpg 272w\" sizes=\"auto, (max-width: 500px) 100vw, 500px\" \/><\/p>\n<p>7\/19 febbraio | sala Shakespeare<\/p>\n<p><strong>Scandalo<\/strong><\/p>\n<p>di Arthur Schnitzler<\/p>\n<p>regia di Franco Per\u00f2<\/p>\n<p>con Stefania Rocca e Franco Castellano<\/p>\n<p>e con Filippo Borghi, Adriano Braidotti, Federica De Benedittis, Ester Galazzi, Andrea Germani, Lara Komar, Riccardo Maranzana, Astrid Meloni e Alessio Bernardi, Artur Cocetta<\/p>\n<p>scene di Antonio Fiorentino<\/p>\n<p>costumi di Andrea Viotti<\/p>\n<p>musiche di Antonio Di Pofi<\/p>\n<p>coproduzione Teatro Stabile del Friuli Venezia Giulia, Artisti Riuniti e Mittelfest 2015<\/p>\n<p>Un amore giovane e profondo, che travolge gli schemi stantii della societ\u00e0: \u00e8 quello che lega Hugo, rampollo dell\u2019alta borghesia e Toni, ragazza invece di bassa estrazione. \u00c8 quello da cui nasce Franz, per quattro anni tenuto nascosto alla famiglia di lui, come la loro felice relazione. Improvvisamente per\u00f2 Hugo ha un incidente e, in fin di vita, chiede alla famiglia di accogliere il figlio e la donna. La famiglia affronta lo scandalo, crede di poterne reggere i contraccolpi: Toni e il bimbo entrano nella ricca casa dei Losatti circondati d\u2019affetto, tanto che la giovane inizia a immaginare una nuova vita.<\/p>\n<p>Ma in breve la presenza estranea inizia a suscitare insofferenza: si allontanano gli amici, muta il peso della famiglia in societ\u00e0, e se le donne continuano a proteggere i nuovi arrivati, gli uomini mostrano sempre pi\u00f9 chiaramente il loro disappunto per la situazione. A far deflagrare il fragile equilibrio \u00e8 l\u2019improvvisa morte del piccolo Franz: dopo nulla potr\u00e0 pi\u00f9 arginare la vigliaccheria e la volgarit\u00e0 di quell\u2019ambiente dorato, n\u00e9 la sottile violenza delle convenzioni sociali. E Toni ne sar\u00e0 drammaticamente soffocata.<\/p>\n<p>Nell\u2019Italia di oggi o nella Vienna di Schnitzler, il sospetto, l\u2019esclusione e il rifiuto per l\u2019\u201caltro\u201d sono armi taglienti che mietono vittime. \u00c8 dunque antesignana e ancora incisiva la denuncia di Schnitzler, cui Franco Per\u00f2 restituisce respiro e intensit\u00e0 in uno spettacolo avvincente, che si avvale di un\u2019ottima compagnia d\u2019interpreti, capitanati da Franco Castellano e Stefania Rocca, nomi di primo piano nel cinema e nel teatro contemporanei.<\/p>\n<p>&nbsp;<\/p>\n<p>_____________________________________________________________<strong>Elfo Puccini, sala Shakespeare &#8211; Orari: mar-sab 20:30 \/ dom 16:00 &#8211; Durata: 150&#8242; + 15&#8242; di intervallo &#8211; Prezzi: intero \u20ac 32.50 \/ marted\u00ec posto unico \u20ac 21.50 \/ rid. &lt;25 anni &#8211; &gt;65 anni \u20ac 17<\/strong><\/p>\n","protected":false},"excerpt":{"rendered":"<p>7\/19 febbraio | sala Shakespeare Scandalo di Arthur Schnitzler regia di Franco Per\u00f2 con Stefania Rocca e Franco Castellano e con Filippo Borghi, Adriano Braidotti, Federica De Benedittis, Ester Galazzi, Andrea Germani, Lara Komar, Riccardo Maranzana, Astrid Meloni e Alessio Bernardi, Artur Cocetta scene di Antonio Fiorentino costumi di Andrea Viotti musiche di Antonio Di &hellip; <a href=\"https:\/\/www.gdapress.it\/it\/index.php\/62069\/teatro\/scandalo-arthur-schnitzler.html\" class=\"more-link\">Read more <span class=\"screen-reader-text\">Scandalo  Arthur Schnitzler Elfo Puccini sala Shakespeare<\/span><\/a><\/p>\n","protected":false},"author":3,"featured_media":62070,"comment_status":"closed","ping_status":"open","sticky":false,"template":"","format":"standard","meta":{"footnotes":""},"categories":[1],"tags":[19486,1902,6511,19485],"class_list":["post-62069","post","type-post","status-publish","format-standard","has-post-thumbnail","hentry","category-teatro","tag-arthur-schnitzler","tag-elfo-puccini","tag-sala-shakespeare","tag-scandalo"],"_links":{"self":[{"href":"https:\/\/www.gdapress.it\/it\/index.php\/wp-json\/wp\/v2\/posts\/62069","targetHints":{"allow":["GET"]}}],"collection":[{"href":"https:\/\/www.gdapress.it\/it\/index.php\/wp-json\/wp\/v2\/posts"}],"about":[{"href":"https:\/\/www.gdapress.it\/it\/index.php\/wp-json\/wp\/v2\/types\/post"}],"author":[{"embeddable":true,"href":"https:\/\/www.gdapress.it\/it\/index.php\/wp-json\/wp\/v2\/users\/3"}],"replies":[{"embeddable":true,"href":"https:\/\/www.gdapress.it\/it\/index.php\/wp-json\/wp\/v2\/comments?post=62069"}],"version-history":[{"count":1,"href":"https:\/\/www.gdapress.it\/it\/index.php\/wp-json\/wp\/v2\/posts\/62069\/revisions"}],"predecessor-version":[{"id":62071,"href":"https:\/\/www.gdapress.it\/it\/index.php\/wp-json\/wp\/v2\/posts\/62069\/revisions\/62071"}],"wp:featuredmedia":[{"embeddable":true,"href":"https:\/\/www.gdapress.it\/it\/index.php\/wp-json\/wp\/v2\/media\/62070"}],"wp:attachment":[{"href":"https:\/\/www.gdapress.it\/it\/index.php\/wp-json\/wp\/v2\/media?parent=62069"}],"wp:term":[{"taxonomy":"category","embeddable":true,"href":"https:\/\/www.gdapress.it\/it\/index.php\/wp-json\/wp\/v2\/categories?post=62069"},{"taxonomy":"post_tag","embeddable":true,"href":"https:\/\/www.gdapress.it\/it\/index.php\/wp-json\/wp\/v2\/tags?post=62069"}],"curies":[{"name":"wp","href":"https:\/\/api.w.org\/{rel}","templated":true}]}}