
{"id":61883,"date":"2017-01-22T20:27:12","date_gmt":"2017-01-22T18:27:12","guid":{"rendered":"http:\/\/www.gdapress.it\/it\/?p=61883"},"modified":"2017-01-22T20:27:12","modified_gmt":"2017-01-22T18:27:12","slug":"san-valentino-bioline-jato-dolce","status":"publish","type":"post","link":"https:\/\/www.gdapress.it\/it\/index.php\/61883\/benessere\/san-valentino-bioline-jato-dolce.html","title":{"rendered":"A San Valentino Bioline Jat\u00f2 DOLCE"},"content":{"rendered":"<p><img loading=\"lazy\" decoding=\"async\" class=\"alignnone size-medium wp-image-61884\" src=\"http:\/\/www.gdapress.it\/it\/..\/public\/it\/2017\/01\/fSenza-titolo-300x300.jpg\" alt=\"fSenza titolo\" width=\"300\" height=\"300\" srcset=\"https:\/\/www.gdapress.it\/it\/..\/public\/it\/2017\/01\/fSenza-titolo-300x300.jpg 300w, https:\/\/www.gdapress.it\/it\/..\/public\/it\/2017\/01\/fSenza-titolo-150x150.jpg 150w, https:\/\/www.gdapress.it\/it\/..\/public\/it\/2017\/01\/fSenza-titolo-768x768.jpg 768w, https:\/\/www.gdapress.it\/it\/..\/public\/it\/2017\/01\/fSenza-titolo-400x400.jpg 400w\" sizes=\"auto, (max-width: 300px) 100vw, 300px\" \/>\u00a0\u00a0<img loading=\"lazy\" decoding=\"async\" class=\"alignnone size-medium wp-image-61885\" src=\"http:\/\/www.gdapress.it\/it\/..\/public\/it\/2017\/01\/DOLCE-SollievoIntenso-Nettare-pack-30ml-300x300.jpg\" alt=\"DOLCE SollievoIntenso Nettare pack 30ml\" width=\"300\" height=\"300\" srcset=\"https:\/\/www.gdapress.it\/it\/..\/public\/it\/2017\/01\/DOLCE-SollievoIntenso-Nettare-pack-30ml-300x300.jpg 300w, https:\/\/www.gdapress.it\/it\/..\/public\/it\/2017\/01\/DOLCE-SollievoIntenso-Nettare-pack-30ml-150x150.jpg 150w, https:\/\/www.gdapress.it\/it\/..\/public\/it\/2017\/01\/DOLCE-SollievoIntenso-Nettare-pack-30ml-768x768.jpg 768w, https:\/\/www.gdapress.it\/it\/..\/public\/it\/2017\/01\/DOLCE-SollievoIntenso-Nettare-pack-30ml-400x400.jpg 400w\" sizes=\"auto, (max-width: 300px) 100vw, 300px\" \/><\/p>\n<p>A San Valentino regalale una dolce carezza<\/p>\n<p>La linea DOLCE+ firmata Bioline Jat\u00f2\u2028\u00e8 la soluzione ideale per dimostrarle amore, cura e attenzione<\/p>\n<p>La festa degli innamorati \u00e8 un\u2019occasione importante per dimostrare l\u2019amore che si prova alla propria dolce met\u00e0 con piccoli gesti e attenzioni che spesso, nella vita di tutti i giorni, passano in secondo piano.<\/p>\n<p>Tra le linee di bellezza firmate Bioline Jat\u00f2 DOLCE+ \u00e8 perfetta per l\u2019occasione: il suo nome richiama la dolcezza tipica di questa festa e il suo colore rosa \u00e8 un vero e proprio inno alla femminilit\u00e0.<\/p>\n<p>L\u2019obiettivo della linea \u00e8 proprio quello di prendersi cura di chi la utilizza, grazie all\u2019innovativo REPAIR INTENSIVE COMPLEX: un pool di principi attivi che aumenta la resistenza e la tollerabilit\u00e0 alle aggressioni esterne restituendo comfort e freschezza alla pelle.<\/p>\n<p>DOLCE+ \u00e8 quindi una linea che si adatta perfettamente al periodo invernale, in cui la pelle \u00e8 generalmente pi\u00f9 sensibile e fragile, si irrita e si arrossa facilmente, accelerando cos\u00ec il suo processo di invecchiamento.<\/p>\n<p>DOLCE + \u00e8 un gesto di attenzione significativo e importante da regalare alla propria&#8230;. DOLCE MET\u00c0!<\/p>\n<p>La linea DOLCE+ prevede quattro prodotti ad uso domiciliare che possono essere acquistati presso i Centri Estetici1:<\/p>\n<p>DOLCE+ NETTARE IN GOCCE<\/p>\n<p>SOLLIEVO INTENSO \u2013 (30 ml)\u2028Con aloe &#8211; mirtillo \u2013 ribes nero\u2028Siero concentrato addolcente intensivo viso-collo per pelli sensibili e delicate. Favorisce la resistenza cutanea alle aggressioni esterne. La pelle ritrova comfort, freschezza ed idratazione.<\/p>\n<p>DOLCE+ CREMA<\/p>\n<p>ADDOLCENTE IDRATANTE \u2013 (50 ml)\u2028Con aloe \u2013 ribes nero \u2013 vitamina E\u2028Fresca crema viso-collo a rapido assorbimento, per pelli sensibili e delicate. Svolge un\u2019azione estetica addolcente ed idratante, migliorando la tollerabilit\u00e0 della pelle alle aggressioni esterne.<\/p>\n<p>DOLCE+ CREMA<\/p>\n<p>ADDOLCENTE NUTRIENTE \u2013 (50 ml)\u2028Con mirtillo \u2013 aloe \u2013 burro di karit\u00e9\u2028Morbida crema viso-collo, nutriente e protettiva per pelli sensibili e delicate. Favorisce l\u2019attenuazione delle sensibilit\u00e0 della pelle, lasciandola particolarmente morbida e luminosa.<\/p>\n<p>DOLCE+ MASCHERA<\/p>\n<p>SOLLIEVO INTENSO &#8211; confezione da 10 buste monodose (10 x 20 ml)\u2028Con mirtillo \u2013 aloe \u2013 pantenolo\u2028Trattamento in gel idratante e protettivo delle pelli fragili e sensibili. Favorisce l\u2019attenuazione degli arrossamenti cutanei, donando freschezza e luminosit\u00e0 alla pelle.<\/p>\n<p>I principi attivi di DOLCE+ sono:<\/p>\n<ul>\n<li>ESTRATTO DI MIRTILLO &#8211; protezione del microcircolo superficiale\u2028Un estratto titolato in antocianine, sostanze naturalmente presenti nelle bacche di mirtillo, che protegge e rinforza le pareti dei vasi capillari, contribuendo a migliorare la funzionalit\u00e0 del microcircolo cutaneo.\u2028\u00b7 ESTRATTO DI RIBES NERO &#8211; rinforzo della barriera cutanea\u2028Fonte naturale di vitamina C, omega-3 e omega-6, il ribes nero possiede importanti propriet\u00e0 antiradicaliche e vasoprotettive, rafforza la barriera di difesa della pelle, favorendo l\u2019attenuazione degli arrossamenti cutanei.\u2028\u00b7 ALOE VERA &#8211; idratazione e protezione\u2028L\u2019elevato contenuto di mucopoliasaccaridi dell\u2019estratto di aloe crea sulla pelle un film protettivo che cede acqua all\u2019epidermide, mantenendola idratata e prevenendo la perdita idrica dallo strato cutaneo.<\/li>\n<\/ul>\n<p>1 Per trovare il centro Bioline Jat\u00f2 pi\u00f9 vicino a casa \u00e8 possibile cliccare qui: <a href=\"http:\/\/www.bioline-jato.com\/centri-estetici\">http:\/\/www.bioline-jato.com\/centri-estetici<\/a><\/p>\n<p>&nbsp;<\/p>\n","protected":false},"excerpt":{"rendered":"<p>\u00a0\u00a0 A San Valentino regalale una dolce carezza La linea DOLCE+ firmata Bioline Jat\u00f2\u2028\u00e8 la soluzione ideale per dimostrarle amore, cura e attenzione La festa degli innamorati \u00e8 un\u2019occasione importante per dimostrare l\u2019amore che si prova alla propria dolce met\u00e0 con piccoli gesti e attenzioni che spesso, nella vita di tutti i giorni, passano in &hellip; <a href=\"https:\/\/www.gdapress.it\/it\/index.php\/61883\/benessere\/san-valentino-bioline-jato-dolce.html\" class=\"more-link\">Read more <span class=\"screen-reader-text\">A San Valentino Bioline Jat\u00f2 DOLCE<\/span><\/a><\/p>\n","protected":false},"author":3,"featured_media":61884,"comment_status":"closed","ping_status":"open","sticky":false,"template":"","format":"standard","meta":{"footnotes":""},"categories":[729],"tags":[19424,589],"class_list":["post-61883","post","type-post","status-publish","format-standard","has-post-thumbnail","hentry","category-benessere","tag-bioline-jato-dolce","tag-san-valentino"],"_links":{"self":[{"href":"https:\/\/www.gdapress.it\/it\/index.php\/wp-json\/wp\/v2\/posts\/61883","targetHints":{"allow":["GET"]}}],"collection":[{"href":"https:\/\/www.gdapress.it\/it\/index.php\/wp-json\/wp\/v2\/posts"}],"about":[{"href":"https:\/\/www.gdapress.it\/it\/index.php\/wp-json\/wp\/v2\/types\/post"}],"author":[{"embeddable":true,"href":"https:\/\/www.gdapress.it\/it\/index.php\/wp-json\/wp\/v2\/users\/3"}],"replies":[{"embeddable":true,"href":"https:\/\/www.gdapress.it\/it\/index.php\/wp-json\/wp\/v2\/comments?post=61883"}],"version-history":[{"count":1,"href":"https:\/\/www.gdapress.it\/it\/index.php\/wp-json\/wp\/v2\/posts\/61883\/revisions"}],"predecessor-version":[{"id":61886,"href":"https:\/\/www.gdapress.it\/it\/index.php\/wp-json\/wp\/v2\/posts\/61883\/revisions\/61886"}],"wp:featuredmedia":[{"embeddable":true,"href":"https:\/\/www.gdapress.it\/it\/index.php\/wp-json\/wp\/v2\/media\/61884"}],"wp:attachment":[{"href":"https:\/\/www.gdapress.it\/it\/index.php\/wp-json\/wp\/v2\/media?parent=61883"}],"wp:term":[{"taxonomy":"category","embeddable":true,"href":"https:\/\/www.gdapress.it\/it\/index.php\/wp-json\/wp\/v2\/categories?post=61883"},{"taxonomy":"post_tag","embeddable":true,"href":"https:\/\/www.gdapress.it\/it\/index.php\/wp-json\/wp\/v2\/tags?post=61883"}],"curies":[{"name":"wp","href":"https:\/\/api.w.org\/{rel}","templated":true}]}}