
{"id":61600,"date":"2016-12-20T01:33:39","date_gmt":"2016-12-19T23:33:39","guid":{"rendered":"http:\/\/www.gdapress.it\/it\/?p=61600"},"modified":"2017-01-05T01:38:57","modified_gmt":"2017-01-04T23:38:57","slug":"natale-dincanto-nelle-perle-delle-alpi","status":"publish","type":"post","link":"https:\/\/www.gdapress.it\/it\/index.php\/61600\/turismo\/natale-dincanto-nelle-perle-delle-alpi.html","title":{"rendered":"Natale d&#8217;incanto nelle Perle delle Alpi"},"content":{"rendered":"<p><img loading=\"lazy\" decoding=\"async\" class=\"alignnone size-medium wp-image-61601\" src=\"http:\/\/www.gdapress.it\/it\/..\/public\/it\/2017\/01\/1216nataleBled-300x213.jpg\" alt=\"1216nataleBled\" width=\"300\" height=\"213\" srcset=\"https:\/\/www.gdapress.it\/it\/..\/public\/it\/2017\/01\/1216nataleBled-300x213.jpg 300w, https:\/\/www.gdapress.it\/it\/..\/public\/it\/2017\/01\/1216nataleBled.jpg 500w\" sizes=\"auto, (max-width: 300px) 100vw, 300px\" \/><\/p>\n<p>Nell&#8217;immaginario collettivo le settimane d&#8217;Avvento e il periodo natalizio sono accompagnati dall&#8217;immagine luminosa della neve che si posa sul mondo come una coltre immacolata. In questa stagione di incanto e di spiritualit\u00e0 i villaggi alpini diventano piccoli presepi viventi sparpagliati sul bianco delle montagne. Nei loro vicoli e tra le loro vette rivivono coloratissime tradizioni in cui la festa cristiana tende la mano ai retaggi pagani del passato e si proietta nella moderna sensibilit\u00e0 di un turismo consapevole e impegnato. <a href=\"http:\/\/mtrack.me\/tracking\/raWzMz50paMkCGZmAQt0AwH1ZQDzMKWjqzA2pzSaqaR9BQDjAwtjAmRzrKMurUMkCGRkZGL5ZwDlZGV2ZD\" target=\"_blank\">Alpine Pearls<\/a>, una collana di <a href=\"http:\/\/mtrack.me\/tracking\/raWzMz50paMkCGZmAQt0AwH1ZQDzMKWjqzA2pzSaqaR9BQDjAwtjAmRzrKMurUMkCGRkZGL5ZwDlZGZkAj\" target=\"_blank\">25 incantevoli localit\u00e0<\/a> alpine unite dall&#8217;impegno comune di offrire un turismo sostenibile e a <a href=\"http:\/\/mtrack.me\/tracking\/raWzMz50paMkCGZmAQt0AwH1ZQDzMKWjqzA2pzSaqaR9BQDjAwtjAmRzrKMurUMkCGRkZGL5ZwDlZGZ2ZN\" target=\"_blank\">mobilit\u00e0 dolce<\/a>, celebrano l&#8217;incanto natalizio con una <a href=\"http:\/\/mtrack.me\/tracking\/raWzMz50paMkCGZmAQt0AwH1ZQDzMKWjqzA2pzSaqaR9BQDjAwtjAmRzrKMurUMkCGRkZGL5ZwDlZGDkZN\" target=\"_blank\">fitta serie di iniziative<\/a> per rendere ancora pi\u00f9 emozionante la settimana bianca dei loro ospiti.<\/p>\n<div class=\"x_sottotitolo\">\n<p>Ceresole Reale tra natura e storia<\/p>\n<\/div>\n<p><img decoding=\"async\" class=\"x_fotoleft\" src=\"http:\/\/www.officinekairos.it\/CS\/alpine_pearls\/2015\/1216nataleCeresole.jpg\" alt=\"\" width=\"350\" \/>La Perla di <a href=\"http:\/\/mtrack.me\/tracking\/raWzMz50paMkCGZmAQt0AwH1ZQDzMKWjqzA2pzSaqaR9BQDjAwtjAmRzrKMurUMkCGRkZGL5ZwDlZGD2Aj\" target=\"_blank\">Ceresole Reale<\/a>, sul versante piemontese del Parco del Gran Paradiso, \u00e8 uno scrigno di tesori naturalistici, gi\u00e0 meta di villeggiature illustri. Qui i futuri re d&#8217;Italia amavano ritirarsi per cacciare, rigenerarsi e respirare aria pura. Il 31 dicembre si celebrer\u00e0 l&#8217;ultimo giorno dell&#8217;anno con una ciaspolata nella natura incontaminata del Parco con possibilit\u00e0 di cenone e pernottamento. I trascorsi regali della nostra Perla saranno rievocati il 5 gennaio con un <a href=\"http:\/\/mtrack.me\/tracking\/raWzMz50paMkCGZmAQt0AwH1ZQDzMKWjqzA2pzSaqaR9BQDjAwtjAmRzrKMurUMkCGRkZGL5ZwDlZGHmZj\" target=\"_blank\">&#8220;pomeriggio da Regina&#8221;<\/a> nel salone del Grand Hotel, fra trine, merletti, balli rinascimentali, teatro e un rinfresco d&#8217;altri tempi.<\/p>\n<div class=\"x_sottotitolo\">\n<p>La Befana cul firal a Forni di Sopra<\/p>\n<\/div>\n<p><img decoding=\"async\" class=\"x_fotorightsquare\" src=\"http:\/\/www.officinekairos.it\/CS\/alpine_pearls\/2015\/1216nataleForni.jpg\" alt=\"\" width=\"350\" \/>A <a href=\"http:\/\/mtrack.me\/tracking\/raWzMz50paMkCGZmAQt0AwH1ZQDzMKWjqzA2pzSaqaR9BQDjAwtjAmRzrKMurUMkCGRkZGL5ZwDlZGH5BD\" target=\"_blank\">Forni di Sopra<\/a>, la Perla della Carnia nel cuore del Parco delle Dolomiti Friulane, va in scena anche quest&#8217;anno il tradizionale e spettacolare ingresso della Befana in paese, che si caler\u00e0 dal campanile di Cella a Forni di Sopra (il pi\u00f9 alto della Carnia, 40 m). Ogni anno il 5 gennaio centinaia di persone attendono che dalla cima del campanile scenda la befana con la gerla carica di doni per i pi\u00f9 piccoli. Una vera&#8230; epifania!<\/p>\n<div class=\"x_sottotitolo\">\n<p>Bled, un Natale sul lago<\/p>\n<\/div>\n<p><img decoding=\"async\" class=\"x_fotoleft\" src=\"http:\/\/www.officinekairos.it\/CS\/alpine_pearls\/2015\/1216nataleBled.jpg\" alt=\"\" width=\"350\" \/><\/p>\n<p><a href=\"http:\/\/mtrack.me\/tracking\/raWzMz50paMkCGZmAQt0AwH1ZQDzMKWjqzA2pzSaqaR9BQDjAwtjAmRzrKMurUMkCGRkZGL5ZwDlZGL0Aj\" target=\"_blank\">Bled<\/a>, fiabesca Perla slovena tra lago e montagne, \u00e8 uno dei pi\u00f9 rinomati e antichi centri di villeggiatura delle Alpi Orientali. Qui il periodo natalizio \u00e8 tutto un susseguirsi di <a href=\"http:\/\/mtrack.me\/tracking\/raWzMz50paMkCGZmAQt0AwH1ZQDzMKWjqzA2pzSaqaR9BQDjAwtjAmRzrKMurUMkCGRkZGL5ZwDlZGL3AN\" target=\"_blank\">iniziative e celebrazioni<\/a>tra storia, sport, gusto e cultura. Fino all&#8217;8 gennaio 2017 \u00e8 attivo il<a href=\"http:\/\/mtrack.me\/tracking\/raWzMz50paMkCGZmAQt0AwH1ZQDzMKWjqzA2pzSaqaR9BQDjAwtjAmRzrKMurUMkCGRkZGL5ZwDlZGtjCD\" target=\"_blank\">Villaggio festivo del lungolago<\/a>, un pittoresco mercatino di Natale quotidianamente allietato da concerti, balli, giochi, manifestazioni e rievocazioni, con una casella della posta di Babbo Natale sempre pronta a ricevere le letterine dei pi\u00f9 piccoli.<\/p>\n<div class=\"x_sottotitolo\">\n<p>Natale da favola a Berchtesgaden<\/p>\n<\/div>\n<p><img decoding=\"async\" class=\"x_fotorightsquare\" src=\"http:\/\/www.officinekairos.it\/CS\/alpine_pearls\/2015\/1216nataleBerchtesgaden.jpg\" alt=\"\" width=\"350\" \/>Incastonata nelle Alpi Bavaresi e affacciata sul Salisburghese, la Perla di <a href=\"http:\/\/mtrack.me\/tracking\/raWzMz50paMkCGZmAQt0AwH1ZQDzMKWjqzA2pzSaqaR9BQDjAwtjAmRzrKMurUMkCGRkZGL5ZwDlZGt0BD\" target=\"_blank\">Berchtesgaden<\/a> \u00e8 pittoresca e irreale come un&#8217;illustrazione d&#8217;altri tempi. Qui <a href=\"http:\/\/mtrack.me\/tracking\/raWzMz50paMkCGZmAQt0AwH1ZQDzMKWjqzA2pzSaqaR9BQDjAwtjAmRzrKMurUMkCGRkZGL5ZwDlZGt4AD\" target=\"_blank\">l&#8217;Avvento e il Natale<\/a> trasfigurano il paesaggio e le vie del paese ricolmandole di luci, suoni e canti. \u00c8 come ritrovarsi nel mezzo di una fiaba&#8230; Il tradizionale mercatino di Natale nello scenario fatato del castello reale \u00e8 uno dei pi\u00f9 pittoreschi della regione. Accompagnato da concerti e cori e illuminato da innumerevoli alberi di Natale, rester\u00e0 aperto fino al 31 dicembre.<\/p>\n<div class=\"x_sottotitolo\">\n<p>I diavoli di Werfenweng, gli spiriti di Interlaken<\/p>\n<\/div>\n<p><img decoding=\"async\" class=\"x_fotoleft\" src=\"http:\/\/www.officinekairos.it\/CS\/alpine_pearls\/2015\/1216nataleWerfenweng.jpg\" alt=\"\" width=\"350\" \/>Il 28 dicembre le vie e le piazze della Perla austriaca di<a href=\"http:\/\/mtrack.me\/tracking\/raWzMz50paMkCGZmAQt0AwH1ZQDzMKWjqzA2pzSaqaR9BQDjAwtjAmRzrKMurUMkCGRkZGL5ZwDlZGxlCt\" target=\"_blank\">Werfenweng<\/a> saranno invase dalla turba infernale dei Krampus. Durante questo antico rito catartico legato al culto di San Nicola di Bari, centinaia di montanari travestiti da creature mefistofeliche e surreali getteranno scompiglio tra gli abitanti e i turisti dei villaggi alpini di area tedesca. Il 2 gennaio sar\u00e0 il turno di <a href=\"http:\/\/mtrack.me\/tracking\/raWzMz50paMkCGZmAQt0AwH1ZQDzMKWjqzA2pzSaqaR9BQDjAwtjAmRzrKMurUMkCGRkZGL5ZwDlZGx2Bt\" target=\"_blank\">Interlaken<\/a>, la Perla alpina svizzera tra i due laghi, che in occasione dell&#8217;annuale &#8220;Harder Potschete&#8221; ospiter\u00e0 le inquietanti maschere degli spiriti della montagna.<\/p>\n<p class=\"x_small\"><em><strong>Photo courtesy<\/strong> (nell&#8217;ordine) 2: Paolo Meitre Libertini.<\/em><\/p>\n<div class=\"x_linea\"><\/div>\n<p><strong><u>INFO<br \/>\n<\/u><\/strong><strong>CONTATTO ALPINE PEARLS<\/strong><br \/>\n<em>Management Alpine Pearls<\/em> &#8211; Karmen Mentil &#8211; Weng 42, A-5453 Werfenweng<br \/>\nMail: <a href=\"http:\/\/mtrack.me\/tracking\/raWzMz50paMkCGZmAQt0AwH1ZQDzMKWjqzA2pzSaqaR9BQDjAwtjAmRzrKMurUMkCGRkZGL5ZwDlZwNjAt\" target=\"_blank\">italia@alpine-pearls.com<\/a> &#8211; Tel: +43 660 3199366<\/p>\n","protected":false},"excerpt":{"rendered":"<p>Nell&#8217;immaginario collettivo le settimane d&#8217;Avvento e il periodo natalizio sono accompagnati dall&#8217;immagine luminosa della neve che si posa sul mondo come una coltre immacolata. In questa stagione di incanto e di spiritualit\u00e0 i villaggi alpini diventano piccoli presepi viventi sparpagliati sul bianco delle montagne. Nei loro vicoli e tra le loro vette rivivono coloratissime tradizioni &hellip; <a href=\"https:\/\/www.gdapress.it\/it\/index.php\/61600\/turismo\/natale-dincanto-nelle-perle-delle-alpi.html\" class=\"more-link\">Read more <span class=\"screen-reader-text\">Natale d&#8217;incanto nelle Perle delle Alpi<\/span><\/a><\/p>\n","protected":false},"author":3,"featured_media":61601,"comment_status":"closed","ping_status":"open","sticky":false,"template":"","format":"standard","meta":{"footnotes":""},"categories":[9],"tags":[2237,19308],"class_list":["post-61600","post","type-post","status-publish","format-standard","has-post-thumbnail","hentry","category-turismo","tag-natale","tag-perle-delle-alpi"],"_links":{"self":[{"href":"https:\/\/www.gdapress.it\/it\/index.php\/wp-json\/wp\/v2\/posts\/61600","targetHints":{"allow":["GET"]}}],"collection":[{"href":"https:\/\/www.gdapress.it\/it\/index.php\/wp-json\/wp\/v2\/posts"}],"about":[{"href":"https:\/\/www.gdapress.it\/it\/index.php\/wp-json\/wp\/v2\/types\/post"}],"author":[{"embeddable":true,"href":"https:\/\/www.gdapress.it\/it\/index.php\/wp-json\/wp\/v2\/users\/3"}],"replies":[{"embeddable":true,"href":"https:\/\/www.gdapress.it\/it\/index.php\/wp-json\/wp\/v2\/comments?post=61600"}],"version-history":[{"count":1,"href":"https:\/\/www.gdapress.it\/it\/index.php\/wp-json\/wp\/v2\/posts\/61600\/revisions"}],"predecessor-version":[{"id":61602,"href":"https:\/\/www.gdapress.it\/it\/index.php\/wp-json\/wp\/v2\/posts\/61600\/revisions\/61602"}],"wp:featuredmedia":[{"embeddable":true,"href":"https:\/\/www.gdapress.it\/it\/index.php\/wp-json\/wp\/v2\/media\/61601"}],"wp:attachment":[{"href":"https:\/\/www.gdapress.it\/it\/index.php\/wp-json\/wp\/v2\/media?parent=61600"}],"wp:term":[{"taxonomy":"category","embeddable":true,"href":"https:\/\/www.gdapress.it\/it\/index.php\/wp-json\/wp\/v2\/categories?post=61600"},{"taxonomy":"post_tag","embeddable":true,"href":"https:\/\/www.gdapress.it\/it\/index.php\/wp-json\/wp\/v2\/tags?post=61600"}],"curies":[{"name":"wp","href":"https:\/\/api.w.org\/{rel}","templated":true}]}}