
{"id":61588,"date":"2017-01-03T19:32:37","date_gmt":"2017-01-03T17:32:37","guid":{"rendered":"http:\/\/www.gdapress.it\/it\/?p=61588"},"modified":"2017-01-03T19:32:37","modified_gmt":"2017-01-03T17:32:37","slug":"peter-pan-musical","status":"publish","type":"post","link":"https:\/\/www.gdapress.it\/it\/index.php\/61588\/spettacoli\/peter-pan-musical.html","title":{"rendered":"PETER PAN IL MUSICAL AL TEATRO DEGLI ARCIMBOLDI DI MILANO"},"content":{"rendered":"<h3><img loading=\"lazy\" decoding=\"async\" class=\"alignnone size-medium wp-image-61589\" src=\"http:\/\/www.gdapress.it\/it\/..\/public\/it\/2017\/01\/14939994_1225201640855941_5644657360238985951_o-300x200.jpg\" alt=\"14939994_1225201640855941_5644657360238985951_o\" width=\"300\" height=\"200\" srcset=\"https:\/\/www.gdapress.it\/it\/..\/public\/it\/2017\/01\/14939994_1225201640855941_5644657360238985951_o-300x200.jpg 300w, https:\/\/www.gdapress.it\/it\/..\/public\/it\/2017\/01\/14939994_1225201640855941_5644657360238985951_o-768x512.jpg 768w, https:\/\/www.gdapress.it\/it\/..\/public\/it\/2017\/01\/14939994_1225201640855941_5644657360238985951_o-500x333.jpg 500w, https:\/\/www.gdapress.it\/it\/..\/public\/it\/2017\/01\/14939994_1225201640855941_5644657360238985951_o-720x480.jpg 720w, https:\/\/www.gdapress.it\/it\/..\/public\/it\/2017\/01\/14939994_1225201640855941_5644657360238985951_o-272x182.jpg 272w, https:\/\/www.gdapress.it\/it\/..\/public\/it\/2017\/01\/14939994_1225201640855941_5644657360238985951_o.jpg 2048w\" sizes=\"auto, (max-width: 300px) 100vw, 300px\" \/>\u00a0<img loading=\"lazy\" decoding=\"async\" class=\"alignnone size-medium wp-image-61590\" src=\"http:\/\/www.gdapress.it\/it\/..\/public\/it\/2017\/01\/15032180_1226145204094918_7635548039956050279_n-300x200.jpg\" alt=\"15032180_1226145204094918_7635548039956050279_n\" width=\"300\" height=\"200\" srcset=\"https:\/\/www.gdapress.it\/it\/..\/public\/it\/2017\/01\/15032180_1226145204094918_7635548039956050279_n-300x200.jpg 300w, https:\/\/www.gdapress.it\/it\/..\/public\/it\/2017\/01\/15032180_1226145204094918_7635548039956050279_n-272x182.jpg 272w, https:\/\/www.gdapress.it\/it\/..\/public\/it\/2017\/01\/15032180_1226145204094918_7635548039956050279_n.jpg 480w\" sizes=\"auto, (max-width: 300px) 100vw, 300px\" \/>\u00a0<img loading=\"lazy\" decoding=\"async\" class=\"alignnone size-medium wp-image-61591\" src=\"http:\/\/www.gdapress.it\/it\/..\/public\/it\/2017\/01\/14917031_1219845638058208_4928801225085140323_o-300x186.jpg\" alt=\"14917031_1219845638058208_4928801225085140323_o\" width=\"300\" height=\"186\" srcset=\"https:\/\/www.gdapress.it\/it\/..\/public\/it\/2017\/01\/14917031_1219845638058208_4928801225085140323_o-300x186.jpg 300w, https:\/\/www.gdapress.it\/it\/..\/public\/it\/2017\/01\/14917031_1219845638058208_4928801225085140323_o-768x477.jpg 768w, https:\/\/www.gdapress.it\/it\/..\/public\/it\/2017\/01\/14917031_1219845638058208_4928801225085140323_o-500x311.jpg 500w, https:\/\/www.gdapress.it\/it\/..\/public\/it\/2017\/01\/14917031_1219845638058208_4928801225085140323_o-825x510.jpg 825w, https:\/\/www.gdapress.it\/it\/..\/public\/it\/2017\/01\/14917031_1219845638058208_4928801225085140323_o.jpg 2048w\" sizes=\"auto, (max-width: 300px) 100vw, 300px\" \/><\/h3>\n<h3><strong>Sino all&#8217;8 gennaio 2017 \u00a0\u00e8 possibile vedere al Teatro degli Arcimboldi &#8220;PETER PAN&#8221;<\/strong><\/h3>\n<p><strong>2006 \u2013 2016: dieci anni di grandi successi<\/strong><\/p>\n<p><strong>Il musical Biglietto D\u2019Oro \u00a0in tour in Italia e <\/strong><\/p>\n<p><strong>al Teatro degli Arcimboldi sino \u00a0all\u20198 gennaio<\/strong><\/p>\n<p>La nuova edizione di <strong><em>Peter Pan &#8211; il Musical<\/em><\/strong>\u00a0ha \u00a0festeggiato nel 2016 i <strong>dieci anni dal suo primo debutto<\/strong>. Lo spettacolo, che ha affascinato migliaia di spettatori, insignito di prestigiosi premi come il Premio Gassman, il \u201cRiccio D\u2019Argento\u201d e il Biglietto d\u2019Oro Agis 2006\/2007 e 2007\/2008, \u00e8 tornato \u00a0a Milano al <strong>Teatro degli Arcimboldi.<\/strong><\/p>\n<p>Cuore pulsante dello spettacolo \u00e8 la colonna sonora di <strong>Edoardo<\/strong> <strong>Bennato<\/strong>: uno straordinario viaggio in musica nel mondo fantastico di Peter Pan, con alcune tra le pi\u00f9 famose canzoni tratte dal mitico album del 1978 <em>Sono solo canzonette<\/em> e con altri brani come &#8220;<em>Il rock di Capitan Uncino<\/em>&#8220;, &#8220;<em>La fata<\/em>&#8220;, &#8220;<em>Viva la mamma<\/em>&#8221; e molte altre, fino a &#8220;<em>L&#8217;isola che non c&#8217;\u00e8<\/em>&#8220;. I brani sono stati riarrangiati dallo stesso cantautore per lo spettacolo teatrale, oltre all\u2019inserimento dell\u2019inedito &#8220;<em>Che paura che fa Capitan Uncino<\/em>&#8220;.<\/p>\n<p>Altro punto di forza dello spettacolo sono i 20 performer in scena, diretti dal regista <strong>Maurizio Colombi<\/strong> che, insieme, animano un mondo magico arricchito di effetti speciali come il <strong>volo di Peter<\/strong>. Sullo sfondo, la fatina Trilli, gli immancabili duelli con Capitan Uncino e i suoi pirati, il simpatico Spugna, la vivace compagnia dei Bimbi Sperduti, Giglio Tigrato e il sinistro ticchettio dell\u2019astuto Coccodrillo che terrorizza Uncino.<\/p>\n<p>Una grande sorpresa dello spettacolo sar\u00e0 proprio <strong>la piccola fata<\/strong> che accompagna Peter nelle sue avventure: <strong>un drone<\/strong> che, librandosi in platea, render\u00e0 ancora pi\u00f9 spettacolare e indimenticabile l\u2019esperienza a teatro.<\/p>\n<p>Il pi\u00f9 piccolo drone del mondo avvolto da una luce verde a led, si trasforma nella magica Trilli che, al suono del suo campanello, voler\u00e0 realmente sul palco e in platea sfiorando le teste del pubblico.<\/p>\n<p>Coraggioso, avventuroso, sognatore: <strong>Peter Pan<\/strong>, il bambino che non vuole crescere mai, in questa nuova edizione dello spettacolo ha il volto e l\u2019incontenibile energia di <strong>Giorgio Camandona<\/strong>, 30 anni, genovese, con un curriculum nel mondo del musical che lo ha visto in <em>Frankenstein Junior<\/em>, <em>Pinocchio<\/em> e <em>Grease<\/em> solo per citare alcuni titoli. \u201c<em>Sembrer\u00e0 banale, ma Peter Pan \u00e8 il ruolo che da sempre desideravo interpretare. \u00c8 proprio vero che non bisogna mai smettere di sognare, perch\u00e9 solo chi sogna pu\u00f2 imparare a volare. Seconda stella a destra\u2026 non vedo l\u2019ora di arrivare sull<\/em>\u2019Isola che non c\u2019\u00e8<em>!<\/em>\u201d.<\/p>\n<p>Accanto a Giorgio Camandona, due graditi ritorni:<strong> Martha Rossi <\/strong>nel ruolo di<strong> Wendy<\/strong> e l\u2019eclettico <strong>Pietro Pignatelli<\/strong> nel ruolo di <strong>Uncino<\/strong>, che resero indimenticabile la versione del musical nel 2011.<\/p>\n<p>Il ruolo di Spugna \u00e8 interpretato da <strong>Mimmo Chianese<\/strong>, mentre, a completare un cast pieno di energia, troveremo <strong>John <\/strong>e <strong>Michael Darling<\/strong> (rispettivamente, Laura Fiorini e Giorgia Arena), <strong>Giglio Tigrato<\/strong> e la <strong>Signora Darling<\/strong> (entrambe interpretate da Pamela Scarponi) e tutto il folto gruppo di <strong>Pirati<\/strong>, <strong>Indiani<\/strong> e <strong>Bimbi Sperduti<\/strong> (Luca Laconi, Marco Di Palma, Pierluigi Lima, Tiziano Russo, Maria Sacchi, Carlo Schiavone, Viola Zanotti, Carlotta Sibilla, Samantha Bellaria, Valeria Ianni, Massimo Finocchiaro).<\/p>\n<p>Tratto dal romanzo di James Matthew Barrie, che ha conquistato generazioni di ragazzi e non, <strong><em>PETER PAN \u2013 Il Musical<\/em><\/strong> non \u00e8 un semplice spettacolo teatrale, ma un vero e proprio sogno da condividere con tutta la famiglia: un viaggio verso \u201cl&#8217;isola che non c&#8217;\u00e8\u201d, per vivere tante emozioni con i protagonisti dello spettacolo.<\/p>\n<p><strong><em>PETER PAN \u2013 Il Musical<\/em><\/strong>, lo spettacolo tutto italiano entrato di diritto nei grandi classici del musical d\u2019eccellenza, in questa nuova edizione \u00e8 coprodotto da <strong>Show Bees<\/strong>, <strong>Viola Produzioni<\/strong> e <strong>NewStep<\/strong>.<\/p>\n<p>Il tour \u00e8 partito da Roma per poi \u00a0toccare Milano, Firenze,Torino,Genova, Parma:<\/p>\n<p>ROMA, Teatro Brancaccio: dal 11 novembre al 11 dicembre<\/p>\n<p>MILANO, Teatro degli Arcimboldi: dal 15 dicembre al 8 gennaio<\/p>\n<p>FIRENZE, Teatro Verdi: dal 13 al 15 gennaio<\/p>\n<p>TORINO, Teatro Colosseo: dal 27 al 29 gennaio<\/p>\n<p>GENOVA, Teatro Politeama: dal 2 al 5 febbraio<\/p>\n<p>PARMA, Teatro Regio: dal 7 all\u20198 febbraio<\/p>\n<p>IL CAST<\/p>\n<table>\n<tbody>\n<tr>\n<td width=\"271\">&nbsp;<\/td>\n<td width=\"271\">Tratto da<strong> J.M. Barrie<\/strong><\/p>\n<p>&nbsp;<\/td>\n<td width=\"272\">&nbsp;<\/td>\n<\/tr>\n<tr>\n<td width=\"271\">&nbsp;<\/td>\n<td width=\"271\">Musiche e canzoni<\/p>\n<p><strong>Edoardo Bennato<\/strong><\/p>\n<p>&nbsp;<\/td>\n<td width=\"272\"><strong>\u00a0<\/strong><\/p>\n<p>&nbsp;<\/td>\n<\/tr>\n<tr>\n<td width=\"271\">&nbsp;<\/td>\n<td width=\"271\">Copione e regia di<br \/>\n<strong>Maurizio Colombi<\/strong><\/p>\n<p>&nbsp;<\/td>\n<td width=\"272\">&nbsp;<\/td>\n<\/tr>\n<tr>\n<td width=\"271\">Coreografie<\/p>\n<p><strong>Rita Pivano<\/strong><\/p>\n<p>&nbsp;<\/td>\n<td width=\"271\">Supervisione Musicale<\/p>\n<p><strong>Davide Magnabosco<\/strong><\/p>\n<p>&nbsp;<\/td>\n<td width=\"272\">Vocal Coach e<\/p>\n<p>Arrangiamenti vocali<\/p>\n<p><strong>Alex Procacci<\/strong><\/p>\n<p>&nbsp;<\/td>\n<\/tr>\n<tr>\n<td width=\"271\">\u00a0\u00a0\u00a0\u00a0\u00a0\u00a0\u00a0\u00a0\u00a0\u00a0\u00a0\u00a0\u00a0\u00a0\u00a0\u00a0\u00a0\u00a0\u00a0 Scene<\/p>\n<p><strong>Rinaldo Rinaldi<\/strong><\/p>\n<p>&nbsp;<\/td>\n<td width=\"271\">Disegno Luci<\/p>\n<p><strong>Salvatore Bonaiuto<\/strong><\/p>\n<p>&nbsp;<\/td>\n<td width=\"272\">Suono<\/p>\n<p><strong>Franco Patimo<\/strong><\/p>\n<p>&nbsp;<\/td>\n<\/tr>\n<tr>\n<td width=\"271\">Scenotecnica<\/p>\n<p><strong>Metrico<\/strong><\/p>\n<p>&nbsp;<\/p>\n<p>&nbsp;<\/p>\n<p>Direttore di scena<\/p>\n<p><strong>Danilo Amicucci<\/strong><\/p>\n<p><strong>\u00a0<\/strong><\/p>\n<p>Assistente Coreografie<\/p>\n<p><strong>Francesco Spizzirri<\/strong><\/td>\n<td width=\"271\">Costumi<\/p>\n<p><strong>Francesca Grossi, Marco Biesta, Marica D\u2019Angelo<\/strong><\/p>\n<p>&nbsp;<\/p>\n<p>Disegni e Scene<\/p>\n<p><strong>\u00a0\u00a0\u00a0\u00a0\u00a0\u00a0\u00a0\u00a0\u00a0\u00a0\u00a0 Rinaldo Rinaldi<\/strong><\/p>\n<p>&nbsp;<\/p>\n<p>Effetto volo<\/p>\n<p><strong>\u00a0\u00a0\u00a0\u00a0\u00a0\u00a0\u00a0\u00a0\u00a0\u00a0\u00a0\u00a0 Ivan Manzoni<\/strong><\/p>\n<p><strong>\u00a0<\/strong><\/td>\n<td width=\"272\">Make-up<\/p>\n<p><strong>Luca Laconi<\/strong><\/p>\n<p>&nbsp;<\/p>\n<p>&nbsp;<\/p>\n<p>Direzione Musicale e Accompagnamento live<\/p>\n<p><strong>Davide Magnabosco<\/strong><\/p>\n<p><strong>\u00a0<\/strong><\/p>\n<p>Aiuto regia<\/p>\n<p><strong>Marco Vesica<\/strong><\/p>\n<p><strong>\u00a0<\/strong><\/p>\n<p><strong>\u00a0<\/strong><\/td>\n<\/tr>\n<tr>\n<td width=\"271\">\u00a0\u00a0\u00a0\u00a0\u00a0\u00a0\u00a0\u00a0\u00a0\u00a0\u00a0 Direzione di Scena<\/p>\n<p><strong>Danilo Amicucci<\/strong><\/p>\n<p>&nbsp;<\/td>\n<td width=\"271\">&nbsp;<\/td>\n<td width=\"272\">Direttore di produzione<\/p>\n<p><strong>Andrea Manara<\/strong><\/p>\n<p>&nbsp;<\/td>\n<\/tr>\n<tr>\n<td colspan=\"3\" width=\"814\">\u00a0\u00a0\u00a0\u00a0\u00a0\u00a0\u00a0\u00a0\u00a0\u00a0\u00a0\u00a0\u00a0\u00a0\u00a0\u00a0\u00a0\u00a0\u00a0\u00a0\u00a0\u00a0\u00a0\u00a0\u00a0\u00a0\u00a0\u00a0\u00a0\u00a0\u00a0\u00a0\u00a0\u00a0\u00a0\u00a0\u00a0\u00a0\u00a0\u00a0\u00a0\u00a0\u00a0\u00a0\u00a0\u00a0\u00a0\u00a0\u00a0\u00a0\u00a0\u00a0\u00a0\u00a0\u00a0\u00a0\u00a0\u00a0\u00a0\u00a0\u00a0\u00a0\u00a0\u00a0\u00a0 Produzione esecutiva<\/p>\n<p><strong>Sold Out<\/strong><\/td>\n<\/tr>\n<tr>\n<td colspan=\"3\" width=\"814\">&nbsp;<\/p>\n<p>Produzione italiana<\/p>\n<p><strong>Show Bees \u2013 Viola Produzioni \u2013 NewStep<\/strong><\/p>\n<p><strong>\u00a0<\/strong><\/td>\n<\/tr>\n<\/tbody>\n<\/table>\n<p>&nbsp;<\/p>\n<p>&nbsp;<\/p>\n<p>&nbsp;<\/p>\n","protected":false},"excerpt":{"rendered":"<p>\u00a0\u00a0 Sino all&#8217;8 gennaio 2017 \u00a0\u00e8 possibile vedere al Teatro degli Arcimboldi &#8220;PETER PAN&#8221; 2006 \u2013 2016: dieci anni di grandi successi Il musical Biglietto D\u2019Oro \u00a0in tour in Italia e al Teatro degli Arcimboldi sino \u00a0all\u20198 gennaio La nuova edizione di Peter Pan &#8211; il Musical\u00a0ha \u00a0festeggiato nel 2016 i dieci anni dal suo &hellip; <a href=\"https:\/\/www.gdapress.it\/it\/index.php\/61588\/spettacoli\/peter-pan-musical.html\" class=\"more-link\">Read more <span class=\"screen-reader-text\">PETER PAN IL MUSICAL AL TEATRO DEGLI ARCIMBOLDI DI MILANO<\/span><\/a><\/p>\n","protected":false},"author":3,"featured_media":0,"comment_status":"closed","ping_status":"open","sticky":false,"template":"","format":"standard","meta":{"footnotes":""},"categories":[8],"tags":[17,1499,6153,12370],"class_list":["post-61588","post","type-post","status-publish","format-standard","hentry","category-spettacoli","tag-milano","tag-musical","tag-peter-pan","tag-teatro-degli-arcimboldi"],"_links":{"self":[{"href":"https:\/\/www.gdapress.it\/it\/index.php\/wp-json\/wp\/v2\/posts\/61588","targetHints":{"allow":["GET"]}}],"collection":[{"href":"https:\/\/www.gdapress.it\/it\/index.php\/wp-json\/wp\/v2\/posts"}],"about":[{"href":"https:\/\/www.gdapress.it\/it\/index.php\/wp-json\/wp\/v2\/types\/post"}],"author":[{"embeddable":true,"href":"https:\/\/www.gdapress.it\/it\/index.php\/wp-json\/wp\/v2\/users\/3"}],"replies":[{"embeddable":true,"href":"https:\/\/www.gdapress.it\/it\/index.php\/wp-json\/wp\/v2\/comments?post=61588"}],"version-history":[{"count":1,"href":"https:\/\/www.gdapress.it\/it\/index.php\/wp-json\/wp\/v2\/posts\/61588\/revisions"}],"predecessor-version":[{"id":61592,"href":"https:\/\/www.gdapress.it\/it\/index.php\/wp-json\/wp\/v2\/posts\/61588\/revisions\/61592"}],"wp:attachment":[{"href":"https:\/\/www.gdapress.it\/it\/index.php\/wp-json\/wp\/v2\/media?parent=61588"}],"wp:term":[{"taxonomy":"category","embeddable":true,"href":"https:\/\/www.gdapress.it\/it\/index.php\/wp-json\/wp\/v2\/categories?post=61588"},{"taxonomy":"post_tag","embeddable":true,"href":"https:\/\/www.gdapress.it\/it\/index.php\/wp-json\/wp\/v2\/tags?post=61588"}],"curies":[{"name":"wp","href":"https:\/\/api.w.org\/{rel}","templated":true}]}}