
{"id":61574,"date":"2016-12-13T00:37:31","date_gmt":"2016-12-12T22:37:31","guid":{"rendered":"http:\/\/www.gdapress.it\/it\/?p=61574"},"modified":"2017-01-03T17:44:21","modified_gmt":"2017-01-03T15:44:21","slug":"masculu-fiammina-teatro-studio-melato-milano","status":"publish","type":"post","link":"https:\/\/www.gdapress.it\/it\/index.php\/61574\/teatro\/masculu-fiammina-teatro-studio-melato-milano.html","title":{"rendered":"Masculu e F\u00ecammina Teatro Studio Melato Milano"},"content":{"rendered":"<p><img loading=\"lazy\" decoding=\"async\" class=\"alignnone size-large wp-image-61575\" src=\"http:\/\/www.gdapress.it\/it\/..\/public\/it\/2017\/01\/1481033076_Masculu-e-Fiammina_Ph3-500x333.jpg\" alt=\"1481033076_Masculu e Fiammina_Ph3\" width=\"500\" height=\"333\" srcset=\"https:\/\/www.gdapress.it\/it\/..\/public\/it\/2017\/01\/1481033076_Masculu-e-Fiammina_Ph3-500x333.jpg 500w, https:\/\/www.gdapress.it\/it\/..\/public\/it\/2017\/01\/1481033076_Masculu-e-Fiammina_Ph3-300x200.jpg 300w, https:\/\/www.gdapress.it\/it\/..\/public\/it\/2017\/01\/1481033076_Masculu-e-Fiammina_Ph3-768x512.jpg 768w, https:\/\/www.gdapress.it\/it\/..\/public\/it\/2017\/01\/1481033076_Masculu-e-Fiammina_Ph3-720x480.jpg 720w, https:\/\/www.gdapress.it\/it\/..\/public\/it\/2017\/01\/1481033076_Masculu-e-Fiammina_Ph3-272x182.jpg 272w, https:\/\/www.gdapress.it\/it\/..\/public\/it\/2017\/01\/1481033076_Masculu-e-Fiammina_Ph3.jpg 1200w\" sizes=\"auto, (max-width: 500px) 100vw, 500px\" \/><\/p>\n<p><em>Dal 13 al 18 dicembre <\/em><em>al Teatro Studio Melato<\/em><\/p>\n<p><strong><em>Masculu e F\u00ecammina<\/em><\/strong><\/p>\n<p><strong>la prima volta di Saverio La Ruina al Piccolo<\/strong><\/p>\n<p><u>Confessioni sgranate come un rosario<\/u><\/p>\n<p><u>in un meridione con la neve, tra le tombe, finalmente liberi di dire<\/u><\/p>\n<p><strong>In <em>Masculu e F\u00ecammina<\/em>, diretto e interpretato da Saverio La Ruina, che con questo spettacolo &#8211; al Teatro Studio dal 13 al 18 dicembre &#8211; calca per la prima volta il palcoscenico del Piccolo, un uomo semplice parla con la madre che non c\u2019\u00e8 pi\u00f9.<\/strong><\/p>\n<p>La va a trovare al cimitero, si racconta a lei, le confida con pacatezza la sua omosessualit\u00e0, l\u2019esistenza intima che viveva e che vive.<\/p>\n<p>Non l\u2019ha mai fatto, prima. Certamente questa mamma ha intuito, ha assorbito, ha capito tutto in silenzio. Senza mai fare domande. Con infinito, amoroso rispetto. Arrivando solo a raccomandarsi, quando il figlio usciva la sera, con un tenero e protettivo \u201cStatti att\u00ecantu\u201d. Ora, in lui, si scioglie un tipico confessarsi del sud, al riparo dagli imbarazzi. Forse con un piccolo indicibile dispiacere di non aver trovato prima, a tu per tu, l\u2019occasione di aprirsi, di cercare appoggio.<\/p>\n<p>E affiorano, nel figlio, memorie e coscienze di momenti anche belli, ripensando a certi incontri con uomini, capaci di procurare tuttavia una felicit\u00e0 solo effimera, perch\u00e9 le cose segrete nascondono mille complicazioni, destini non facili, rotture drammatiche. Nei riguardi di quella madre, pur cos\u00ec affettuosa e misteriosamente comprensiva, si percepisce comunque qualche rammarico, qualche mancata armonia. Ma tutto \u00e8 moderato, \u00e8 fatalistico, \u00e8 contemplativo.<\/p>\n<p>Saverio La Ruina \u00e8 tra gli attori pi\u00f9 premiati della scena italiana. Tra i maggiori riconoscimenti: due Premi Ubu 2007 con <em>Dissonorata<\/em> (&#8216;miglior attore&#8217; e &#8216;nuovo testo italiano&#8217;), il Premio Ubu 2010 con <em>La Borto<\/em> (&#8216;nuovo testo italiano&#8217;), il Premio UBU 2012 (\u2018migliore attore\u2019 per l\u2019interpretazione di <em>Italianesi<\/em>), il Premio Hystrio alla Drammaturgia 2010, il Premio Lo Straniero 2015, il Premio Enriquez 2015.<\/p>\n<p>Dallo spettacolo che l&#8217;ha rivelato,\u00a0<em>Dissonorata<\/em>, a quello che ha confermato il suo talento,\u00a0<em>La Borto<\/em>, La Ruina con pochi elementi scenici &#8211; un abito, due ciabatte, una sedia \u2013 riesce a dare vita a personaggi femminili indimenticabili. Donne del sud, offese, ferite ma orgogliose. Con il suo lavoro pi\u00f9 recente,\u00a0<em>Polvere<\/em>,\u00a0sposta l&#8217;attenzione sull&#8217;uomo, essendo la violenza sulle donne soprattutto un problema degli uomini.<\/p>\n<p>Saverio La Ruina si forma come attore alla Scuola di Teatro di Bologna diretta da Alessandra Galante Garrone e lavora, tra gli altri, con Leo De Berardinis e Remondi &amp; Caporossi. Nel 1992 fonda la compagnia teatrale Scena Verticale, con la quale \u00e8 presente nei maggiori festival e teatri italiani e all\u2019estero. Dal 1999 \u00e8 Direttore artistico del festival Primavera dei Teatri.<\/p>\n<h4>LA SCHEDA DELLO SPETTACOLO<br \/>\n<strong>Piccolo Teatro Studio Melato<\/strong> (Via Rivoli, 6 \u2013 M2 Lanza), <strong>dal 13 al 18 dicembre 2016<\/strong><br \/>\n<strong>Masculu e F\u00ecammina<br \/>\nDialogo con la madre<\/strong><br \/>\ndi e con Saverio La Ruina<\/h4>\n<p>musiche originali Gianfranco De Franco<\/p>\n<p>collaborazione alla regia Cecilia Foti<\/p>\n<p>scene Cristina Ipsaro e Riccardo De Leo<\/p>\n<p>disegno luci Dario De Luca<\/p>\n<p>audio e luci Mario Giordano<\/p>\n<p>organizzazione Settimio Pisano<\/p>\n<p><em>produzione\u00a0Scena Verticale<\/em><\/p>\n<p><em>Il primo reading in fieri \u00e8 stato presentato a settembre 2015 nell\u2019ambito del festival<\/em><\/p>\n<p><em>Garofano Verde di Roma.<\/em><\/p>\n<p>Orari: marted\u00ec, gioved\u00ec e sabato, 19.30; mercoled\u00ec e venerd\u00ec 20.30; domenica 16.<\/p>\n<p>Prezzi: platea 33 euro, balconata 26 euro<\/p>\n<p>Informazioni e prenotazioni 0242411889 &#8211; <a href=\"http:\/\/www.piccoloteatro.org\/\">www.piccoloteatro.org<\/a><\/p>\n<p>&nbsp;<\/p>\n<p>&nbsp;<\/p>\n<p>&nbsp;<\/p>\n<p>&nbsp;<\/p>\n","protected":false},"excerpt":{"rendered":"<p>Dal 13 al 18 dicembre al Teatro Studio Melato Masculu e F\u00ecammina la prima volta di Saverio La Ruina al Piccolo Confessioni sgranate come un rosario in un meridione con la neve, tra le tombe, finalmente liberi di dire In Masculu e F\u00ecammina, diretto e interpretato da Saverio La Ruina, che con questo spettacolo &#8211; &hellip; <a href=\"https:\/\/www.gdapress.it\/it\/index.php\/61574\/teatro\/masculu-fiammina-teatro-studio-melato-milano.html\" class=\"more-link\">Read more <span class=\"screen-reader-text\">Masculu e F\u00ecammina Teatro Studio Melato Milano<\/span><\/a><\/p>\n","protected":false},"author":3,"featured_media":61575,"comment_status":"closed","ping_status":"open","sticky":false,"template":"","format":"standard","meta":{"footnotes":""},"categories":[1],"tags":[19299,17,18712],"class_list":["post-61574","post","type-post","status-publish","format-standard","has-post-thumbnail","hentry","category-teatro","tag-masculu-e-fiammina","tag-milano","tag-teatro-studio-melato"],"_links":{"self":[{"href":"https:\/\/www.gdapress.it\/it\/index.php\/wp-json\/wp\/v2\/posts\/61574","targetHints":{"allow":["GET"]}}],"collection":[{"href":"https:\/\/www.gdapress.it\/it\/index.php\/wp-json\/wp\/v2\/posts"}],"about":[{"href":"https:\/\/www.gdapress.it\/it\/index.php\/wp-json\/wp\/v2\/types\/post"}],"author":[{"embeddable":true,"href":"https:\/\/www.gdapress.it\/it\/index.php\/wp-json\/wp\/v2\/users\/3"}],"replies":[{"embeddable":true,"href":"https:\/\/www.gdapress.it\/it\/index.php\/wp-json\/wp\/v2\/comments?post=61574"}],"version-history":[{"count":1,"href":"https:\/\/www.gdapress.it\/it\/index.php\/wp-json\/wp\/v2\/posts\/61574\/revisions"}],"predecessor-version":[{"id":61576,"href":"https:\/\/www.gdapress.it\/it\/index.php\/wp-json\/wp\/v2\/posts\/61574\/revisions\/61576"}],"wp:featuredmedia":[{"embeddable":true,"href":"https:\/\/www.gdapress.it\/it\/index.php\/wp-json\/wp\/v2\/media\/61575"}],"wp:attachment":[{"href":"https:\/\/www.gdapress.it\/it\/index.php\/wp-json\/wp\/v2\/media?parent=61574"}],"wp:term":[{"taxonomy":"category","embeddable":true,"href":"https:\/\/www.gdapress.it\/it\/index.php\/wp-json\/wp\/v2\/categories?post=61574"},{"taxonomy":"post_tag","embeddable":true,"href":"https:\/\/www.gdapress.it\/it\/index.php\/wp-json\/wp\/v2\/tags?post=61574"}],"curies":[{"name":"wp","href":"https:\/\/api.w.org\/{rel}","templated":true}]}}