
{"id":61567,"date":"2016-12-10T09:51:27","date_gmt":"2016-12-10T07:51:27","guid":{"rendered":"http:\/\/www.gdapress.it\/it\/?p=61567"},"modified":"2017-01-03T17:06:01","modified_gmt":"2017-01-03T15:06:01","slug":"san-vittore-globe-theatre-atto-secondo-le-tempeste","status":"publish","type":"post","link":"https:\/\/www.gdapress.it\/it\/index.php\/61567\/teatro\/san-vittore-globe-theatre-atto-secondo-le-tempeste.html","title":{"rendered":"&#8220;San Vittore Globe Theatre &#8211; Atto secondo. Le tempeste&#8221; al Teatro Studio Melato"},"content":{"rendered":"<p><img loading=\"lazy\" decoding=\"async\" class=\"alignnone size-large wp-image-61568\" src=\"http:\/\/www.gdapress.it\/it\/..\/public\/it\/2017\/01\/1479907940_SanVittore_PhMaricaMoretti-500x333.jpg\" alt=\"1479907940_SanVittore_PhMaricaMoretti\" width=\"500\" height=\"333\" srcset=\"https:\/\/www.gdapress.it\/it\/..\/public\/it\/2017\/01\/1479907940_SanVittore_PhMaricaMoretti-500x333.jpg 500w, https:\/\/www.gdapress.it\/it\/..\/public\/it\/2017\/01\/1479907940_SanVittore_PhMaricaMoretti-300x200.jpg 300w, https:\/\/www.gdapress.it\/it\/..\/public\/it\/2017\/01\/1479907940_SanVittore_PhMaricaMoretti-768x512.jpg 768w, https:\/\/www.gdapress.it\/it\/..\/public\/it\/2017\/01\/1479907940_SanVittore_PhMaricaMoretti-720x480.jpg 720w, https:\/\/www.gdapress.it\/it\/..\/public\/it\/2017\/01\/1479907940_SanVittore_PhMaricaMoretti-272x182.jpg 272w, https:\/\/www.gdapress.it\/it\/..\/public\/it\/2017\/01\/1479907940_SanVittore_PhMaricaMoretti.jpg 1200w\" sizes=\"auto, (max-width: 500px) 100vw, 500px\" \/><\/p>\n<p><em>Sabato 10 e domenica 11 dicembre al <\/em><em>Teatro Studio Melato<\/em><\/p>\n<p><strong>San Vittore Globe Theatre<\/strong><\/p>\n<p><strong>Atto secondo. Le Tempeste<\/strong><\/p>\n<p><strong>Teatro in \u201clibera uscita\u201d<\/strong><\/p>\n<p><u>Tempesta nella vita, salvezza nel teatro<\/u><\/p>\n<p><strong>Il Centro Europeo Teatro e Carcere torna al Piccolo, al Teatro Studio Melato, che l\u2019aveva gi\u00e0 ospitato nella Stagione 2014\/15, con <em>San Vittore Globe Theatre \u2013 Atto secondo. Le Tempeste<\/em>. Per due sole date, sabato 10 e domenica 11 dicembre, va in scena uno Shakespeare in veste inedita, recitato interamente al femminile da una compagnia aperta di volontarie, artiste e detenute.<\/strong><\/p>\n<p>Un intreccio di dialoghi e monologhi accosta i versi della\u00a0<em>Tempesta<\/em>\u00a0e di altre opere del Bardo a quelli composti dalle stesse interpreti, durante il percorso laboratoriale di \u201cauto-drammaturgia\u201d <em>Dentro\/ Fuori San Vittore<\/em>\u00a0condotto dalla regista Donatella Massimilla, uno spettacolo provato nei corridoi e nei cortili delle carceri durante le ore d\u2019aria, portato in scena in spazi non tradizionali, un teatro in viaggio, in continuo spostamento, come le detenute in libera uscita.<\/p>\n<p>Il testo di Shakespeare per le carcerate si fa veicolo di libert\u00e0 e strumento di salvezza, occasione che permette di evadere dalle mura della cella; la tempesta diventa metafora della deriva esistenziale del singolo, del naufragio dal quale l\u2019arte rappresenta l\u2019\u00e0ncora di salvataggio. Alla ricerca teatrale si affianca la prospettiva di rieducazione e reinserimento lavorativo delle detenute, che connota il teatro come mezzo di espressione non soltanto artistica, ma soprattutto umana<\/p>\n<p>Il CETEC \u00e8 una realt\u00e0 che da vent\u2019anni intreccia ricerca teatrale e reinserimento lavorativo degli attori e cuochi di San Vittore. Grazie a una compagnia \u201caperta\u201d di artisti, giovani, cittadini e detenuti, che prova nei corridoi e nei cortili, e rappresenta nella Rotonda del carcere milanese, nelle biblioteche carcerarie e negli spazi di socialit\u00e0, il teatro, con la collaborazione della Direzione del Carcere e della Magistratura, conquista la \u201clibera uscita\u201d.<\/p>\n<p>Le attivit\u00e0 del CETEC proseguono anche nelle periferie della citt\u00e0 di Milano grazie ad ApeShakespeare \u201cTo Bee or not To Bee\u201d, prima apecar di teatro e cibo di strada.<\/p>\n<p><em>Uno spettacolo che vorremmo dedicare a due Maestri che ci sono stati particolarmente vicini negli anni, Dario Fo e Giorgio Strehler. Il primo ci ha donato momenti magici a San Vittore alternando testimonianze a momenti artistici, il secondo appare come \u201cProspero\u201d da immagini audiovisive clandestine, ritrovate quest&#8217;anno, dell&#8217;incontro artistico e umano che, il 17 novembre del 1996, venti anni fa esatti, il Maestro fece con il nostro gruppo Ticvin &#8211; La Nave dei Folli su \u201cLa Tempesta\u201d di William Shakespeare. [\u2026]<\/em><\/p>\n<p><em>Abbiamo creato la cooperativa sociale CETEC, diretto l&#8217;Edge Festival e scelto di praticare un Teatro della Vita dentro e fuori San Vittore e le carceri d&#8217;Europa. Comprendendo sempre di pi\u00f9 che il rovesciamento del teatro e carcere \u00e8 in atto, sono loro, i detenuti attori, scrittori e artisti che prenderanno il nostro testimone. A loro consegniamo pedagogia e formazione, chiediamo seriet\u00e0 e capacit\u00e0 di re-esistere. Noi, come Prospero vorremmo scatenar Tempesta e ritrovare la nostra Libert\u00e0. Una regia corale, unisce Le Tempeste delle attrici recluse ai versi di Shakespeare, ai tatuaggi delle loro vite.<\/em><\/p>\n<p><em>\u00a0<\/em><strong>Donatella Massimilla &#8211; direttrice artistica CETEC<\/strong><\/p>\n<p><strong><u>LA SCHEDA DELLO SPETTACOLO<\/u><\/strong><br \/>\n<strong>Piccolo Teatro Studio Melato<\/strong> (Via Rivoli, 6 \u2013 M2 Lanza), <strong>10 e 11 dicembre 2016<\/strong><\/p>\n<p><strong>San Vittore Globe Theatre \u2013 Atto II<\/strong><\/p>\n<p>regia e drammaturgia Donatella Massimilla<\/p>\n<p>costumi Susan Marshall<\/p>\n<p>scene Gaia Fossati, Alessandro Franco<\/p>\n<p>libri d\u2019arte Alberto Casiraghy, Danuta Sikowska<\/p>\n<p>light designer Massimo Consoli<\/p>\n<p>suggeritrice shakespeariana Maggie Rose<\/p>\n<p><em>CETEC &#8211; Dentro\/Fuori San Vittore<\/em><\/p>\n<p>Orari: sabato 10 dicembre, ore 19.30; domenica 11 dicembre, ore 16<\/p>\n<p>Prezzi: posto unico 10 euro<\/p>\n<p>Informazioni e prenotazioni 0242411889 &#8211; <a href=\"http:\/\/www.piccoloteatro.org\/\">www.piccoloteatro.org<\/a><\/p>\n<p>News, trailer, interviste ai protagonisti su <a href=\"http:\/\/www.piccoloteatro.tv\/\">www.piccoloteatro.tv<\/a><\/p>\n","protected":false},"excerpt":{"rendered":"<p>Sabato 10 e domenica 11 dicembre al Teatro Studio Melato San Vittore Globe Theatre Atto secondo. Le Tempeste Teatro in \u201clibera uscita\u201d Tempesta nella vita, salvezza nel teatro Il Centro Europeo Teatro e Carcere torna al Piccolo, al Teatro Studio Melato, che l\u2019aveva gi\u00e0 ospitato nella Stagione 2014\/15, con San Vittore Globe Theatre \u2013 Atto &hellip; <a href=\"https:\/\/www.gdapress.it\/it\/index.php\/61567\/teatro\/san-vittore-globe-theatre-atto-secondo-le-tempeste.html\" class=\"more-link\">Read more <span class=\"screen-reader-text\">&#8220;San Vittore Globe Theatre &#8211; Atto secondo. Le tempeste&#8221; al Teatro Studio Melato<\/span><\/a><\/p>\n","protected":false},"author":3,"featured_media":61568,"comment_status":"closed","ping_status":"open","sticky":false,"template":"","format":"standard","meta":{"footnotes":""},"categories":[1],"tags":[19297,18712],"class_list":["post-61567","post","type-post","status-publish","format-standard","has-post-thumbnail","hentry","category-teatro","tag-san-vittore-globe-theatre-atto-secondo-le-tempeste","tag-teatro-studio-melato"],"_links":{"self":[{"href":"https:\/\/www.gdapress.it\/it\/index.php\/wp-json\/wp\/v2\/posts\/61567","targetHints":{"allow":["GET"]}}],"collection":[{"href":"https:\/\/www.gdapress.it\/it\/index.php\/wp-json\/wp\/v2\/posts"}],"about":[{"href":"https:\/\/www.gdapress.it\/it\/index.php\/wp-json\/wp\/v2\/types\/post"}],"author":[{"embeddable":true,"href":"https:\/\/www.gdapress.it\/it\/index.php\/wp-json\/wp\/v2\/users\/3"}],"replies":[{"embeddable":true,"href":"https:\/\/www.gdapress.it\/it\/index.php\/wp-json\/wp\/v2\/comments?post=61567"}],"version-history":[{"count":1,"href":"https:\/\/www.gdapress.it\/it\/index.php\/wp-json\/wp\/v2\/posts\/61567\/revisions"}],"predecessor-version":[{"id":61569,"href":"https:\/\/www.gdapress.it\/it\/index.php\/wp-json\/wp\/v2\/posts\/61567\/revisions\/61569"}],"wp:featuredmedia":[{"embeddable":true,"href":"https:\/\/www.gdapress.it\/it\/index.php\/wp-json\/wp\/v2\/media\/61568"}],"wp:attachment":[{"href":"https:\/\/www.gdapress.it\/it\/index.php\/wp-json\/wp\/v2\/media?parent=61567"}],"wp:term":[{"taxonomy":"category","embeddable":true,"href":"https:\/\/www.gdapress.it\/it\/index.php\/wp-json\/wp\/v2\/categories?post=61567"},{"taxonomy":"post_tag","embeddable":true,"href":"https:\/\/www.gdapress.it\/it\/index.php\/wp-json\/wp\/v2\/tags?post=61567"}],"curies":[{"name":"wp","href":"https:\/\/api.w.org\/{rel}","templated":true}]}}