
{"id":61418,"date":"2016-12-20T09:52:48","date_gmt":"2016-12-20T07:52:48","guid":{"rendered":"http:\/\/www.gdapress.it\/it\/?p=61418"},"modified":"2016-12-20T09:52:48","modified_gmt":"2016-12-20T07:52:48","slug":"teatro-dal-verme-gran-concerto-natale-orchestra-pomeriggi-musicali","status":"publish","type":"post","link":"https:\/\/www.gdapress.it\/it\/index.php\/61418\/musica\/teatro-dal-verme-gran-concerto-natale-orchestra-pomeriggi-musicali.html","title":{"rendered":"Teatro Dal Verme Gran Concerto di Natale  Orchestra I Pomeriggi Musicali"},"content":{"rendered":"<p><img loading=\"lazy\" decoding=\"async\" class=\"alignnone size-large wp-image-61419\" src=\"http:\/\/www.gdapress.it\/it\/..\/public\/it\/2016\/12\/Michele-Gamba-465x400.jpg\" alt=\"Michele Gamba\" width=\"465\" height=\"400\" srcset=\"https:\/\/www.gdapress.it\/it\/..\/public\/it\/2016\/12\/Michele-Gamba-465x400.jpg 465w, https:\/\/www.gdapress.it\/it\/..\/public\/it\/2016\/12\/Michele-Gamba-300x258.jpg 300w, https:\/\/www.gdapress.it\/it\/..\/public\/it\/2016\/12\/Michele-Gamba-768x661.jpg 768w, https:\/\/www.gdapress.it\/it\/..\/public\/it\/2016\/12\/Michele-Gamba.jpg 795w\" sizes=\"auto, (max-width: 465px) 100vw, 465px\" \/><\/p>\n<p><strong>72\u00aa STAGIONE SINFONICA<\/strong><\/p>\n<p><strong>ORCHESTRA I POMERIGGI MUSICALI<\/strong><\/p>\n<p><strong>Direttore Artistico, M\u00b0 Maurizio Salerno<\/strong><\/p>\n<p><strong>Stagione 2016-2017 <\/strong><\/p>\n<p><strong>Marted\u00ec 20 dicembre ore 17.00 e ore 21:00<\/strong><\/p>\n<p><strong>Teatro Dal Verme<\/strong><\/p>\n<p>Via San Giovanni sul Muro 2 \u2013 Milano<\/p>\n<p><strong><em>Gran Concerto di Natale<\/em><\/strong><\/p>\n<p>Direttore:<strong> Michele Gamba<\/strong><\/p>\n<p><strong>Orchestra I Pomeriggi Musicali<\/strong><\/p>\n<p><strong>Offenbach<\/strong><strong>, <\/strong><em>Can Can<\/em> da <em>Orfeo all\u2019Inferno<\/em><\/p>\n<p><strong>Strauss , <\/strong><em>Maskenball &#8211; Quadrille<\/em><\/p>\n<p><strong>Waldteufel, <\/strong><em>Les patineurs<\/em><\/p>\n<p><strong>Strauss, <\/strong><em>Trisch-Tratsch Polka<\/em><\/p>\n<p><strong>Brahms, <\/strong><em>Danze Ungheresi n. 1, 3<\/em> e <em>6<\/em><\/p>\n<p><strong>Strauss, <\/strong><em>Lucifer-Polka<\/em><\/p>\n<p><strong>Strauss, <\/strong>Ouverture da <em>Il Pipistrello<\/em><\/p>\n<p><strong>Dvo\u0159\u00e1k, <\/strong><em>\u201cPastorale\u201d<\/em> dalla <em>Suite Ceca<\/em><\/p>\n<p><strong>Strauss, <\/strong><em>Kaiser-Walzer<\/em><\/p>\n<p><strong>Strauss, <\/strong><em>Pizzicato-Polka<\/em><\/p>\n<p><strong>Strauss, <\/strong><em>Sul bel Danubio blu<\/em><\/p>\n<p><strong>Strauss, <\/strong><em>Furioso-Polka<\/em><\/p>\n<p>Il 20 dicembre, il M\u00b0 Michele Gamba, giovane bacchetta che ha gi\u00e0 debuttato con successo al Teatro alla Scala ne <em>I due Foscari<\/em>, diriger\u00e0 l\u2019Orchestra I Pomeriggi Musicali nel <em>Gran Concerto di Natale<\/em> che si terr\u00e0, con doppia replica, alle 17:00 e alle 21:00, presso il Teatro dal Verme di Milano.<\/p>\n<p>Dal <em>Can Can<\/em> di Offenbach alle polke e ai valzer di Strauss, passando per le <em>Danze ungheresi<\/em> di Brahms e la <em>\u201cPastorale\u201d<\/em> dalla <em>Suite ceca<\/em> di Dvo\u0159\u00e1k, il Maestro condurr\u00e0 I Pomeriggi Musicali lungo una strada festosa, magica e raffinata, che trasformer\u00e0 la platea del Dal Verme in quella di un teatro viennese dell\u2019epoca d\u2019oro del valzer, immerso nella magica atmosfera del Natale.<\/p>\n<p><strong>MICHELE GAMBA, direttore<\/strong><\/p>\n<p>Michele Gamba nasce a Milano, dove studia pianoforte e composizione al Conservatorio Giuseppe Verdi e consegue la laurea in filosofia all&#8217;Universit\u00e0 Statale. Nel contempo si perfeziona in pianoforte con Maria Tipo alla Scuola di Musica di Fiesole e in accompagnamento vocale e direzione d&#8217;orchestra alla Musikhochschule di Vienna, all&#8217;Accademia Chigiana di Siena e alla Royal Academy di Londra. Dopo aver esordito con un brillante percorso come pianista solista, debutta nel 2009 come direttore d&#8217;orchestra alla alla Royal Festival Hall con i Future Firsts della London Philharmonic Orchestra e collabora successivamente come assistente musicale presso la Staatsoper di Amburgo. Nel 2012 inizia la sua collaborazione con la ROH Covent Garden, dapprima come Direttore d&#8217;orchestra e coach al Jette Parker Young Artists Programme, poi, su invito personale di Sir Antonio Pappano, come Jette Parker Associate Conductor e suo assistente. Con il direttore musicale del Covent Garden collabora strettamente per svariate produzioni operistiche e lo assiste in numerosi concerti sinfonici con orchestre quali quella della ROH, la London Symphony, la Royal Philharmonic e la London Philharmonic. Alla ROH Michele Gamba dirige <em>Bastien und Bastienne<\/em>, <em>Folk Songs<\/em> di Berio, brani tratti da <em>Eugene Onegin<\/em>, <em>Cos\u00ec fan tutte<\/em> e <em>Les Pecheurs de Perles<\/em>. Nel contempo si esibisce con altre produzioni operistiche e programmi sinfonici (fra gli altri, con la Welsh National Orchestra, Southbank Sinfonia, Orchestra del Veneto). Nel 2015, invitato da Daniel Barenmboim alla Staatsoper di Berlino in qualit\u00e0 di Kappelmeister e suo Assistente, prepara per il Maestro orchestra, solisti e coro per <em>La traviata<\/em> e viene invitato nuovamente per la preparazione di <em>Simon Boccanegra<\/em> e <em>Trovatore<\/em>. In novembre dirige alla Staatsoper <em>Le nozze di Figaro<\/em> nella produzione di J\u00fcrgen Flimm riscuotendo un grande successo di critica e di pubblico. Lo scorso mese di marzo, sostituendo il direttore titolare improvvisamente indisposto, il debutto last minute al Teatro alla Scala ne <em>I due Foscari<\/em> dove riscuote un unanime consenso e viene rinvitato nella Stagione successiva per la produzione de <em>Il ratto dal serraglio per bambini<\/em>.<\/p>\n<p><strong>ORCHESTRA I POMERIGGI MUSICALI<\/strong><\/p>\n<p>27 novembre 1945, ore 17.30: al Teatro Nuovo di Milano debutta l\u2019Orchestra I Pomeriggi Musicali. In programma Mozart e Beethoven accostati a Stravinskij e Prokov\u2019ev. Nell\u2019immediato dopoguerra, nel pieno fervore della ricostruzione, l\u2019impresario teatrale Remigio Paone e il critico musicale Ferdinando Ballo lanciano la nuova formazione con un progetto di straordinaria attualit\u00e0: dare alla citt\u00e0 un\u2019orchestra da camera con un solido repertorio classico ed una specifica vocazione alla contemporaneit\u00e0. Il successo \u00e8 immediato e l\u2019Orchestra contribuisce notevolmente alla divulgazione popolare in Italia della musica dei grandi del Novecento censurati durante la dittatura fascista: Stravinskij, Hindemith, Webern, Berg, Poulenc, Honegger, Copland, Yves, Fran\u00e7ais. I Pomeriggi Musicali avviano, inoltre, una tenace attivit\u00e0 di commissione musicale. Per I Pomeriggi compongono infatti Casella, Dallapiccola, Ghedini, Gian Francesco Malipiero, Pizzetti, Respighi. Questa scelta programmatica si consolida nel rapporto con i compositori delle leve successive: Berio, Bussotti, Luciano Chailly, Clementi, Donatoni, Hazon, Maderna, Mannino, Manzoni, Margola, Pennisi, Testi, Tutino, Panni, Fedele, Francesconi, Vacchi. Oggi I Pomeriggi Musicali contano su un vastissimo repertorio che include i capolavori del Barocco, del Classicismo e del primo Romanticismo insieme alla gran parte della musica moderna e contemporanea. Compositori come Honegger e Hindemith, Pizzetti, Dallapiccola, Petrassi e Penderecki hanno diretto la loro musica sul podio de I Pomeriggi Musicali, che diventano trampolino di lancio verso la celebrit\u00e0 di tanti giovani artisti. \u00c8 il caso di\u00a0 Claudio Abbado, Leonard Bernstein, Rudolf Buchbinder, Pierre Boulez, Michele Campanella, Giuliano Carmignola, Aldo Ceccato, Sergiu Celibidache, Riccardo Chailly, Daniele Gatti, Gianandrea Gavazzeni, Carlo Maria Giulini, Vittorio Gui, Natalia Gutman, Angela Hewitt, Leonidas Kavakos, Alexander Lonquich, Alexander Igor Markevitch, Zubin Mehta, Carl Melles, Riccardo Muti, Hermann Scherchen, Thomas Schippers, Christian Thielemann, Salvatore Accardo, Antonio Ballista, Arturo Benedetti Michelangeli, Bruno Canino, Dino Ciani, Severino Gazzelloni, Franco Gulli, Nikita Magaloff, Nathan Milstein, Massimo Quarta, Maurizio Pollini, Corrado Rovaris e Uto Ughi. Tra i Direttori stabili dell\u2019Orchestra, ricordiamo Nino Sanzogno, il primo, Gianluigi Gelmetti, Giampiero Taverna e Othmar Maga, per arrivare ai milanesi Daniele Gatti, Antonello Manacorda e Aldo Ceccato, direttore emerito dell\u2019Orchestra. In alcuni casi, la direzione musicale \u00e8 stata affiancata da una direzione artistica; in questa veste: Italo Gomez, Carlo Majer, Marcello Panni, Marco Tutino, Gianni Tangucci, Ivan Fedele, Massimo Collarini e, da luglio 2013, Maurizio Salerno. L\u2019Orchestra I Pomeriggi Musicali svolge la sua attivit\u00e0 principalmente a Milano e nelle citt\u00e0 lombarde, mentre in autunno contribuisce alle stagioni liriche dei Teatri di Bergamo, Brescia, Como, Cremona, Mantova, Pavia \u2013 all\u2019interno del cartellone di Opera Lombardia \u2013 e alla stagione di balletto del Teatro alla Scala. Invitata nelle principali stagioni sinfoniche italiane, l\u2019Orchestra \u00e8 ospite anche delle maggiori sale da concerto europee. I Pomeriggi Musicali sono una Fondazione costituita dalla Regione Lombardia, dal Comune di Milano, dalla Provincia di Milano, e da enti privati, riconosciuta dallo Stato come istituzione concertistico-orchestrale e dalla Regione Lombardia come ente primario di produzione musicale. Sede dell\u2019Orchestra I Pomeriggi Musicali \u00e8 lo storico Teatro Dal Verme, sito nel cuore di Milano.<strong>\u00a0<\/strong><\/p>\n<p><strong>Biglietti<\/strong><\/p>\n<p><strong>Interi\u00a0\u00a0\u00a0\u00a0\u00a0\u00a0\u00a0 <\/strong>Primo Settore (Platea, dalla fila 1 alla 30): <strong>\u20ac 20,00 <\/strong>+ prevendita<\/p>\n<p>Secondo Settore (Platea, dalla fila 31 alla 40): <strong>\u20ac 14,50 <\/strong>+ prevendita<\/p>\n<p>Balconata: <strong>\u20ac 11,00 <\/strong>+ prevendita<\/p>\n<p><strong>Ridotti*\u00a0\u00a0 <\/strong>Primo Settore (Platea, dalla fila 1 alla fila 30) <strong>\u20ac 16,00 <\/strong>+ prevendita<\/p>\n<p>Secondo Settore (Platea, dalla fila 31 alla fila 40) <strong>\u20ac 12,50 <\/strong>+ prevendita<\/p>\n<p>Balconata <strong>\u20ac 9,00 <\/strong>+ prevendita<\/p>\n<p><strong>* <\/strong>(Giovani under 26; Anziani over 60; Cral; Associazioni Culturali; Biblioteche; Gruppi; Scuole e Universit\u00e0)<\/p>\n<p><strong>Biglietteria TicketOne &#8211; Teatro<\/strong> <strong>Dal Verme <\/strong><\/p>\n<p>Via San Giovanni Sul Muro, 2 \u2013 20121 Milano<\/p>\n<p>Tel. 02 87.905.201<\/p>\n<p>dal marted\u00ec al sabato dalle 11.00 alle 19.00<\/p>\n<p>Biglietteria on-line: <a href=\"http:\/\/www.ticketone.it\">www.ticketone.it<\/a><\/p>\n<p><a href=\"http:\/\/www.ipomeriggi.it\">www.ipomeriggi.it<\/a>\u00a0\u00a0\u00a0 <a href=\"http:\/\/www.ipomeriggi.it\/facebook\">www.ipomeriggi.it\/facebook<\/a>\u00a0\u00a0\u00a0 <a href=\"http:\/\/www.ipomeriggi.it\/youtube\">www.ipomeriggi.it\/youtube<\/a><\/p>\n","protected":false},"excerpt":{"rendered":"<p>72\u00aa STAGIONE SINFONICA ORCHESTRA I POMERIGGI MUSICALI Direttore Artistico, M\u00b0 Maurizio Salerno Stagione 2016-2017 Marted\u00ec 20 dicembre ore 17.00 e ore 21:00 Teatro Dal Verme Via San Giovanni sul Muro 2 \u2013 Milano Gran Concerto di Natale Direttore: Michele Gamba Orchestra I Pomeriggi Musicali Offenbach, Can Can da Orfeo all\u2019Inferno Strauss , Maskenball &#8211; Quadrille &hellip; <a href=\"https:\/\/www.gdapress.it\/it\/index.php\/61418\/musica\/teatro-dal-verme-gran-concerto-natale-orchestra-pomeriggi-musicali.html\" class=\"more-link\">Read more <span class=\"screen-reader-text\">Teatro Dal Verme Gran Concerto di Natale  Orchestra I Pomeriggi Musicali<\/span><\/a><\/p>\n","protected":false},"author":3,"featured_media":61419,"comment_status":"closed","ping_status":"open","sticky":false,"template":"","format":"standard","meta":{"footnotes":""},"categories":[19],"tags":[19250,14160,235],"class_list":["post-61418","post","type-post","status-publish","format-standard","has-post-thumbnail","hentry","category-musica","tag-gran-concerto-di-natale","tag-orchestra-i-pomeriggi-musicali","tag-teatro-dal-verme"],"_links":{"self":[{"href":"https:\/\/www.gdapress.it\/it\/index.php\/wp-json\/wp\/v2\/posts\/61418","targetHints":{"allow":["GET"]}}],"collection":[{"href":"https:\/\/www.gdapress.it\/it\/index.php\/wp-json\/wp\/v2\/posts"}],"about":[{"href":"https:\/\/www.gdapress.it\/it\/index.php\/wp-json\/wp\/v2\/types\/post"}],"author":[{"embeddable":true,"href":"https:\/\/www.gdapress.it\/it\/index.php\/wp-json\/wp\/v2\/users\/3"}],"replies":[{"embeddable":true,"href":"https:\/\/www.gdapress.it\/it\/index.php\/wp-json\/wp\/v2\/comments?post=61418"}],"version-history":[{"count":1,"href":"https:\/\/www.gdapress.it\/it\/index.php\/wp-json\/wp\/v2\/posts\/61418\/revisions"}],"predecessor-version":[{"id":61420,"href":"https:\/\/www.gdapress.it\/it\/index.php\/wp-json\/wp\/v2\/posts\/61418\/revisions\/61420"}],"wp:featuredmedia":[{"embeddable":true,"href":"https:\/\/www.gdapress.it\/it\/index.php\/wp-json\/wp\/v2\/media\/61419"}],"wp:attachment":[{"href":"https:\/\/www.gdapress.it\/it\/index.php\/wp-json\/wp\/v2\/media?parent=61418"}],"wp:term":[{"taxonomy":"category","embeddable":true,"href":"https:\/\/www.gdapress.it\/it\/index.php\/wp-json\/wp\/v2\/categories?post=61418"},{"taxonomy":"post_tag","embeddable":true,"href":"https:\/\/www.gdapress.it\/it\/index.php\/wp-json\/wp\/v2\/tags?post=61418"}],"curies":[{"name":"wp","href":"https:\/\/api.w.org\/{rel}","templated":true}]}}