
{"id":61214,"date":"2016-12-07T14:40:00","date_gmt":"2016-12-07T12:40:00","guid":{"rendered":"http:\/\/www.gdapress.it\/it\/?p=61214"},"modified":"2016-12-07T14:40:00","modified_gmt":"2016-12-07T12:40:00","slug":"manzoni-family","status":"publish","type":"post","link":"https:\/\/www.gdapress.it\/it\/index.php\/61214\/il-mondo-dei-bambini-dalla-a-alla-z\/manzoni-family.html","title":{"rendered":"MANZONI FAMILY &#8220;ANNIE JR&#8221;"},"content":{"rendered":"<p><img loading=\"lazy\" decoding=\"async\" class=\"alignnone size-medium wp-image-61215\" src=\"http:\/\/www.gdapress.it\/it\/..\/public\/it\/2016\/12\/annie-4-300x200.jpg\" alt=\"annie-4\" width=\"300\" height=\"200\" srcset=\"https:\/\/www.gdapress.it\/it\/..\/public\/it\/2016\/12\/annie-4-300x200.jpg 300w, https:\/\/www.gdapress.it\/it\/..\/public\/it\/2016\/12\/annie-4-500x333.jpg 500w, https:\/\/www.gdapress.it\/it\/..\/public\/it\/2016\/12\/annie-4-272x182.jpg 272w, https:\/\/www.gdapress.it\/it\/..\/public\/it\/2016\/12\/annie-4.jpg 700w\" sizes=\"auto, (max-width: 300px) 100vw, 300px\" \/><\/p>\n<p><strong>MANZONI FAMILY <\/strong><\/p>\n<p><strong>Le pi\u00f9 belle favole da vivere insieme<\/strong><\/p>\n<p><strong>7 e 10 dicembre 2016<\/strong><\/p>\n<p><strong>\u00a0ore 15,30<\/strong><\/p>\n<p><strong>\u00a0<\/strong><strong>Musical<\/strong><\/p>\n<p><strong>\u00a0<\/strong><strong>ANNIE JR<\/strong><\/p>\n<p>Un progetto\u00a0 realizzato e messo in scena dalla<\/p>\n<p><strong>Children\u2019s Musical School ASD<\/strong><\/p>\n<p><strong>da un\u2019idea di Fiorella Nolis e Maria Cristina Urru<\/strong><\/p>\n<p>Con un <strong>Cast di 30 mini performer dai 7 ai 16 anni<\/strong><\/p>\n<p>in grado di recitare, ballare e cantare contemporaneamente<\/p>\n<p><strong>Formati e guidati da Fiorella Nolis<\/strong><\/p>\n<p><strong>Con le campionesse Italiane di FITKID<\/strong>, specializzate nell\u2019unione di danza e\u00a0 acrobatica<\/p>\n<p><strong>Guidate\u00a0 da Gabriella Crosignani<\/strong>.<\/p>\n<p><strong>Il progetto \u201cAnnie Jr\u201d,<\/strong> realizzato e <strong>messo in scena dalla Children\u2019s Musical School ASD<\/strong>, <strong>nasce da un\u2019idea di Fiorella Nolis e Maria Cristina Urru<\/strong> con l\u2019obiettivo di dare l\u2019opportunit\u00e0 a giovanissimi ragazzi con particolari doti artistiche di realizzare un vero musical da proporre nel panorama teatrale Italiano. Per la prima volta in Italia, un Musical che vede protagonisti esclusivi i ragazzi.<\/p>\n<p>Questa produzione costituisce una tappa\u00a0 del progetto di formazione artistico\/sportiva della Children\u2019s Musical School, al termine di un percorso artistico inedito per qualit\u00e0 e livello di approfondimento. Questo spettacolo, vuole essere un\u2019OPPORTUNITA\u2019 per giovanissimi artisti e atleti, un vero palcoscenico sul quale formarsi e misurarsi in un Paese dove le compagnie teatrali giovanili sono grandi assenti.<\/p>\n<p>Il messaggio che il progetto formativo, ma anche il musical stesso, vogliono trasmettere \u00e8 che non importa chi sei, non importa da dove vieni, se hai un obbiettivo, ti impegni e collabori positivamente con i tuoi compagni, il tuo sogno pu\u00f2 divenire realt\u00e0; pertanto tutto il progetto acquista un carattere fortemente didattico e costruttivo.<\/p>\n<p><strong>\u00a0\u00a0\u00a0\u00a0\u00a0\u00a0\u00a0\u00a0\u00a0\u00a0\u00a0\u00a0\u00a0\u00a0\u00a0\u00a0\u00a0\u00a0\u00a0\u00a0\u00a0\u00a0\u00a0\u00a0\u00a0\u00a0\u00a0\u00a0\u00a0\u00a0\u00a0\u00a0\u00a0\u00a0\u00a0\u00a0\u00a0\u00a0\u00a0\u00a0\u00a0\u00a0\u00a0\u00a0\u00a0\u00a0\u00a0\u00a0\u00a0\u00a0\u00a0\u00a0\u00a0\u00a0\u00a0 <\/strong><strong>IL CAST<\/strong><\/p>\n<p><strong>Il cast \u00e8 composto da 30 mini performer dai 7 ai 16 anni<\/strong> in grado di recitare, ballare e cantare\u00a0contemporaneamente. Formati e guidati da Fiorella Nolis. La poliedricit\u00e0 di questo cast \u00e8 sicuramente uno degli aspetti che lo caratterizza maggiormente.<\/p>\n<p><strong>Si aggiungono all\u2019ensemble le campionesse Italiane di FITKID<\/strong>, specializzate nell\u2019unione di danza e\u00a0 acrobatica, <strong>guidate magistralmente da Gabriella Crosignani<\/strong>.<\/p>\n<p><strong>LO SPETTACOLO<\/strong><\/p>\n<p>Lo spettacolo, con i diritti originali USA, come nelle migliori tradizioni dei musical, \u00e8 ballato, recitato e cantato interamente dal vivo, 20 i microfoni in scena, 90 i costumi di scena\u00a0 realizzati a mano uno per uno da Maria Cristina Urru, la quale\u00a0 ha progettato anche le scenografie costituite da pannelli girevoli, essenziali ma funzionali alle scene. La durata dello spettacolo \u00e8 di 90 minuti ed \u00e8 apprezzato da tutte le fasce di et\u00e0, adatto alle famiglie e in particolare ai giovanissimi (dai 3 anni in su), che rimangono affascinati da altrettanti bambini che animano i personaggi del musical.<\/p>\n<p><strong>LA <\/strong><strong>TRAMA<\/strong><\/p>\n<p>Natale 1930, New York. La piccola Annie \u00e8 determinata a trovare i suoi genitori che l\u2019hanno abbandonata 10 anni prima nell\u2019orfanotrofio diretto dalla crudele Miss Hannigan. Grazie all\u2019aiuto delle sue amiche orfanelle, Annie riesce a fuggire dall\u2019orfanotrofio e insieme al suo nuovo amico, un cagnolino trovatello di nome Sandy, avventura dopo avventura trover\u00e0 una nuova famiglia nella casa di Oliver Warbucks e la dolce segretaria Grace Farrel.<\/p>\n<p><strong>BIGLIETTI<\/strong><\/p>\n<p>Adulti\u00a0 \u20ac 15,00\u00a0 &#8211; Bambini fino a 14 anni\u00a0 \u20ac 11,00\u00a0 &#8211; Under 3\u00a0 \u20ac 4,50<\/p>\n<p><strong>\u00a0<\/strong><\/p>\n<p class=\"x_MsoNormal\">Via Manzoni 42<\/p>\n<p class=\"x_MsoNormal\">\u00a0 20121 Milano<\/p>\n<p class=\"x_MsoNormal\"><span lang=\"FR-LU\">\u00a0\u00a0<\/span>Tel. 02 7636901 &#8211; Fax 02 76005471<br \/>\n<a href=\"http:\/\/www.teatromanzoni.it\/\" target=\"_blank\">www.teatromanzoni.it<\/a><\/p>\n<p><strong>\u00a0<\/strong><\/p>\n","protected":false},"excerpt":{"rendered":"<p>MANZONI FAMILY Le pi\u00f9 belle favole da vivere insieme 7 e 10 dicembre 2016 \u00a0ore 15,30 \u00a0Musical \u00a0ANNIE JR Un progetto\u00a0 realizzato e messo in scena dalla Children\u2019s Musical School ASD da un\u2019idea di Fiorella Nolis e Maria Cristina Urru Con un Cast di 30 mini performer dai 7 ai 16 anni in grado di &hellip; <a href=\"https:\/\/www.gdapress.it\/it\/index.php\/61214\/il-mondo-dei-bambini-dalla-a-alla-z\/manzoni-family.html\" class=\"more-link\">Read more <span class=\"screen-reader-text\">MANZONI FAMILY &#8220;ANNIE JR&#8221;<\/span><\/a><\/p>\n","protected":false},"author":3,"featured_media":61215,"comment_status":"closed","ping_status":"open","sticky":false,"template":"","format":"standard","meta":{"footnotes":""},"categories":[7536],"tags":[16893,15060],"class_list":["post-61214","post","type-post","status-publish","format-standard","has-post-thumbnail","hentry","category-il-mondo-dei-bambini-dalla-a-alla-z","tag-annie-jr","tag-manzoni-family"],"_links":{"self":[{"href":"https:\/\/www.gdapress.it\/it\/index.php\/wp-json\/wp\/v2\/posts\/61214","targetHints":{"allow":["GET"]}}],"collection":[{"href":"https:\/\/www.gdapress.it\/it\/index.php\/wp-json\/wp\/v2\/posts"}],"about":[{"href":"https:\/\/www.gdapress.it\/it\/index.php\/wp-json\/wp\/v2\/types\/post"}],"author":[{"embeddable":true,"href":"https:\/\/www.gdapress.it\/it\/index.php\/wp-json\/wp\/v2\/users\/3"}],"replies":[{"embeddable":true,"href":"https:\/\/www.gdapress.it\/it\/index.php\/wp-json\/wp\/v2\/comments?post=61214"}],"version-history":[{"count":1,"href":"https:\/\/www.gdapress.it\/it\/index.php\/wp-json\/wp\/v2\/posts\/61214\/revisions"}],"predecessor-version":[{"id":61216,"href":"https:\/\/www.gdapress.it\/it\/index.php\/wp-json\/wp\/v2\/posts\/61214\/revisions\/61216"}],"wp:featuredmedia":[{"embeddable":true,"href":"https:\/\/www.gdapress.it\/it\/index.php\/wp-json\/wp\/v2\/media\/61215"}],"wp:attachment":[{"href":"https:\/\/www.gdapress.it\/it\/index.php\/wp-json\/wp\/v2\/media?parent=61214"}],"wp:term":[{"taxonomy":"category","embeddable":true,"href":"https:\/\/www.gdapress.it\/it\/index.php\/wp-json\/wp\/v2\/categories?post=61214"},{"taxonomy":"post_tag","embeddable":true,"href":"https:\/\/www.gdapress.it\/it\/index.php\/wp-json\/wp\/v2\/tags?post=61214"}],"curies":[{"name":"wp","href":"https:\/\/api.w.org\/{rel}","templated":true}]}}