
{"id":61143,"date":"2016-12-01T10:50:26","date_gmt":"2016-12-01T08:50:26","guid":{"rendered":"http:\/\/www.gdapress.it\/it\/?p=61143"},"modified":"2016-12-04T00:00:14","modified_gmt":"2016-12-03T22:00:14","slug":"la-stoffa-dei-sogni-dal-1-dicembre-al-cinema","status":"publish","type":"post","link":"https:\/\/www.gdapress.it\/it\/index.php\/61143\/cinema\/la-stoffa-dei-sogni-dal-1-dicembre-al-cinema.html","title":{"rendered":"LA STOFFA DEI SOGNI, DAL 1\u00b0 DICEMBRE AL CINEMA"},"content":{"rendered":"<table class=\"x_mcnTextBlock\" border=\"0\" width=\"100%\" cellspacing=\"0\" cellpadding=\"0\">\n<tbody class=\"x_mcnTextBlockOuter\">\n<tr>\n<td class=\"x_mcnTextBlockInner\" valign=\"top\">\n<table class=\"x_mcnTextContentContainer\" border=\"0\" width=\"100%\" cellspacing=\"0\" cellpadding=\"0\" align=\"left\">\n<tbody>\n<tr>\n<td class=\"x_mcnTextContent\" valign=\"top\">\n<div>\u00a0<img loading=\"lazy\" decoding=\"async\" class=\"alignnone size-medium wp-image-61145\" src=\"http:\/\/www.gdapress.it\/it\/..\/public\/it\/2016\/12\/La-stoffa-dei-sogni_DSC2514-300x200.jpg\" alt=\"La stoffa dei sogni_DSC2514\" width=\"300\" height=\"200\" srcset=\"https:\/\/www.gdapress.it\/it\/..\/public\/it\/2016\/12\/La-stoffa-dei-sogni_DSC2514-300x200.jpg 300w, https:\/\/www.gdapress.it\/it\/..\/public\/it\/2016\/12\/La-stoffa-dei-sogni_DSC2514-768x511.jpg 768w, https:\/\/www.gdapress.it\/it\/..\/public\/it\/2016\/12\/La-stoffa-dei-sogni_DSC2514-500x333.jpg 500w, https:\/\/www.gdapress.it\/it\/..\/public\/it\/2016\/12\/La-stoffa-dei-sogni_DSC2514-720x480.jpg 720w, https:\/\/www.gdapress.it\/it\/..\/public\/it\/2016\/12\/La-stoffa-dei-sogni_DSC2514-272x182.jpg 272w, https:\/\/www.gdapress.it\/it\/..\/public\/it\/2016\/12\/La-stoffa-dei-sogni_DSC2514.jpg 1362w\" sizes=\"auto, (max-width: 300px) 100vw, 300px\" \/><\/div>\n<div><span style=\"font-family: Calibri;\"><strong>ISABELLA COCUZZA<\/strong>\u00a0e\u00a0<strong>ARTURO PAGLIA<\/strong><br \/>\npresentano una produzione<br \/>\n<strong>PACO CINEMATOGRAFICA\u00a0<\/strong>in collaborazione con<strong>\u00a0RAI CINEMA<\/strong><\/span><\/div>\n<div><span style=\"font-family: Calibri;\">con\u00a0<\/span><strong><span style=\"font-family: Calibri;\">\u00a0 \u00a0 \u00a0 \u00a0 \u00a0<\/span><\/strong><\/div>\n<div><strong><span style=\"font-family: Calibri;\">SERGIO RUBINI e ENNIO FANTASTICHINI<\/span><\/strong><\/div>\n<\/td>\n<\/tr>\n<\/tbody>\n<\/table>\n<\/td>\n<\/tr>\n<\/tbody>\n<\/table>\n<table class=\"x_mcnImageBlock\" border=\"0\" width=\"100%\" cellspacing=\"0\" cellpadding=\"0\">\n<tbody class=\"x_mcnImageBlockOuter\">\n<tr>\n<td class=\"x_mcnImageBlockInner\" valign=\"top\"><\/td>\n<\/tr>\n<\/tbody>\n<\/table>\n<table class=\"x_mcnTextBlock\" border=\"0\" width=\"100%\" cellspacing=\"0\" cellpadding=\"0\">\n<tbody class=\"x_mcnTextBlockOuter\">\n<tr>\n<td class=\"x_mcnTextBlockInner\" valign=\"top\">\n<table class=\"x_mcnTextContentContainer\" border=\"0\" width=\"100%\" cellspacing=\"0\" cellpadding=\"0\" align=\"left\">\n<tbody>\n<tr>\n<td class=\"x_mcnTextContent\" valign=\"top\">\n<div>e con<br \/>\n<strong>TERESA SAPONANGELO<\/strong>,<br \/>\n<strong>ALBA GA\u00cfA BELLUGI<\/strong>,<strong><br \/>\nFRANCESCO DI LEVA\u00a0<\/strong>e\u00a0<strong>CIRO PETRONE<\/strong><br \/>\ncon la partecipazione di\u00a0<strong>RENATO CARPENTIERI<\/strong><br \/>\ne con la partecipazione amichevole di\u00a0<strong>LUCA DE FILIPPO<\/strong><\/div>\n<\/td>\n<\/tr>\n<\/tbody>\n<\/table>\n<\/td>\n<\/tr>\n<\/tbody>\n<\/table>\n<p><strong>A UN ANNO DALLA SUA SCOMPARSA, ARRIVA IN SALA IL FILM CHE HA VISTO L\u2019ULTIMA PARTECIPAZIONE SULLE SCENE DI LUCA DE FILIPPO<\/strong><\/p>\n<p><strong><em>LA STOFFA DEI SOGNI<\/em>, DAL 1\u00b0 DICEMBRE AL CINEMA<\/strong><\/p>\n<p>Il <strong>1\u00b0 dicembre <\/strong>\u00e8 approdato<strong>\u00a0<\/strong>sul grande schermo, grazie a Microcinema, <strong><em>La stoffa dei sogni<\/em><\/strong>, di Gianfranco Cabiddu, omaggio squisitamente cinematografico a due dei pi\u00f9 grandi maestri di tutti i tempi, del teatro nazionale e internazionale, William Shakespeare ed Eduardo De Filippo. Straordinari interpreti Sergio Rubini ed Ennio Fantastichini, vestono i panni dei due antagonisti-complici e artefici l\u2019uno della \u201csalvezza\u201d dell\u2019altro.<\/p>\n<p>Il film si pregia dell\u2019amichevole partecipazione di Luca De Filippo, nell\u2019ultima partecipazione in una pellicola prima della sua scomparsa avvenuta proprio un anno fa, il 27 novembre.<\/p>\n<p>Liberamente ispirato a \u201cL\u2019Arte della commedia\u201d di Eduardo De Filippo e alla sua traduzione de \u201cLa Tempesta\u201d di Shakespeare, <em>La stoffa dei sogni<\/em> tratteggia quell\u2019umanit\u00e0 specchio della realt\u00e0 universale di cui lo stesso Eduardo vestiva i suoi personaggi, le loro azioni e gesti, dotati della simbolicit\u00e0 propria del teatro che avvolge e coinvolge il pubblico fino a farlo diventare parte integrante della scena. Ed \u00e8 proprio questa massima considerazione del pubblico, sublime elemento di contatto fra Shakespeare ed Eduardo, a caratterizzare il film, in cui attori, pubblico e protagonisti si fondono e confondono, fino a rappresentare le inquietudini della vita reale.<\/p>\n<p>Il film racconta le vicissitudini di una modesta compagnia di teatranti, con a capo Oreste Campese (Sergio Rubini), che naufraga su di una misteriosa isola-carcere, e si ritrova a dover coprire alcuni pericolosi camorristi decisi a evitare la reclusione confondendosi fra gli attori. Sar\u00e0 il Direttore del carcere (Ennio Fantastichini) a lanciare la sfida al capocomico per scoprire chi nella compagnia \u00e8 vero attore e chi un criminale\u2026 dovranno mettere in scena \u201cLa tempesta\u201d di William Shakespeare. Mentre il boss camorrista (Renato Carpentieri) \u2018convince\u2019 Campese a riscrivere il copione con un linguaggio che lui e i suoi scagnozzi possano imparare e recitare degnamente, sullo sfondo si assiste alla nascita, quasi impercettibile e commossa, della storia d\u2019amore tra Miranda, figlia adolescente e semireclusa del Direttore del carcere, e il camorrista naufrago disperso, Ferdinando Aloisi, in un rapporto fatto di sguardi, di poche parole sussurrate alternate all\u2019eloquente linguaggio dei loro giovani corpi.<\/p>\n<p><em>La stoffa dei sogni<\/em> si caratterizza per i colpi di scena nello stile di una commedia degli equivoci a lieto fine che riprende tutta la poesia del linguaggio shakespeariano proprio durante le prove di preparazione dello spettacolo. Inoltre, la versione de \u201cLa tempesta\u201d adottata nel film \u00e8 fedele alla traduzione napoletana dell\u2019opera di Shakespeare per mano di Eduardo De Filippo, del quale il regista Gianfranco Cabiddu fu assistente per molti anni.<\/p>\n<p>Il film \u00e8 ambientato nel primo dopoguerra in Sardegna, sull\u2019isola dell\u2019Asinara, disseminata di fortini carcere e colonia penale sino al 1820, dove assistiamo alla bellezza della natura aspra e incontaminata, isola da cui la sua popolazione era stata completamente evacuata. In questo contesto si inserisce il personaggio di Calibano, nel film interpretato dall\u2019attore sardo Fiorenzo Mattu, che esprime poeticamente la condizione di \u201cselvaggio\u201d emblema dell\u2019isolano colonizzato, che mantiene il legame autentico con la propria lingua e la meravigliosa natura che lo circonda e con cui sola comunica.<\/p>\n<p>Lo spettatore potr\u00e0 immergersi fra incanto e realt\u00e0, fino a toccare la vera sostanza dell\u2019immaginazione:<\/p>\n<p><em>La stoffa dei sogni<\/em> dal 1\u00b0 dicembre al cinema.<\/p>\n<p><strong>Sinossi breve<\/strong><\/p>\n<p>Siamo nel primo dopoguerra, una compagnia di teatranti naufraga insieme a dei pericolosi camorristi sulle coste dell\u2019Asinara. Cos\u00ec per il Direttore dell\u2019isola-carcere diventa impossibile distinguere tra attori e criminali, fin quando non li obbliga a mettere in scena \u201cLa tempesta\u201d di Shakespeare.<\/p>\n","protected":false},"excerpt":{"rendered":"<p>\u00a0 ISABELLA COCUZZA\u00a0e\u00a0ARTURO PAGLIA presentano una produzione PACO CINEMATOGRAFICA\u00a0in collaborazione con\u00a0RAI CINEMA con\u00a0\u00a0 \u00a0 \u00a0 \u00a0 \u00a0 SERGIO RUBINI e ENNIO FANTASTICHINI e con TERESA SAPONANGELO, ALBA GA\u00cfA BELLUGI, FRANCESCO DI LEVA\u00a0e\u00a0CIRO PETRONE con la partecipazione di\u00a0RENATO CARPENTIERI e con la partecipazione amichevole di\u00a0LUCA DE FILIPPO A UN ANNO DALLA SUA SCOMPARSA, ARRIVA IN SALA &hellip; <a href=\"https:\/\/www.gdapress.it\/it\/index.php\/61143\/cinema\/la-stoffa-dei-sogni-dal-1-dicembre-al-cinema.html\" class=\"more-link\">Read more <span class=\"screen-reader-text\">LA STOFFA DEI SOGNI, DAL 1\u00b0 DICEMBRE AL CINEMA<\/span><\/a><\/p>\n","protected":false},"author":3,"featured_media":61145,"comment_status":"closed","ping_status":"open","sticky":false,"template":"","format":"standard","meta":{"footnotes":""},"categories":[21],"tags":[17455,19156],"class_list":["post-61143","post","type-post","status-publish","format-standard","has-post-thumbnail","hentry","category-cinema","tag-cinema","tag-la-stoffa-dei-sogni"],"_links":{"self":[{"href":"https:\/\/www.gdapress.it\/it\/index.php\/wp-json\/wp\/v2\/posts\/61143","targetHints":{"allow":["GET"]}}],"collection":[{"href":"https:\/\/www.gdapress.it\/it\/index.php\/wp-json\/wp\/v2\/posts"}],"about":[{"href":"https:\/\/www.gdapress.it\/it\/index.php\/wp-json\/wp\/v2\/types\/post"}],"author":[{"embeddable":true,"href":"https:\/\/www.gdapress.it\/it\/index.php\/wp-json\/wp\/v2\/users\/3"}],"replies":[{"embeddable":true,"href":"https:\/\/www.gdapress.it\/it\/index.php\/wp-json\/wp\/v2\/comments?post=61143"}],"version-history":[{"count":1,"href":"https:\/\/www.gdapress.it\/it\/index.php\/wp-json\/wp\/v2\/posts\/61143\/revisions"}],"predecessor-version":[{"id":61146,"href":"https:\/\/www.gdapress.it\/it\/index.php\/wp-json\/wp\/v2\/posts\/61143\/revisions\/61146"}],"wp:featuredmedia":[{"embeddable":true,"href":"https:\/\/www.gdapress.it\/it\/index.php\/wp-json\/wp\/v2\/media\/61145"}],"wp:attachment":[{"href":"https:\/\/www.gdapress.it\/it\/index.php\/wp-json\/wp\/v2\/media?parent=61143"}],"wp:term":[{"taxonomy":"category","embeddable":true,"href":"https:\/\/www.gdapress.it\/it\/index.php\/wp-json\/wp\/v2\/categories?post=61143"},{"taxonomy":"post_tag","embeddable":true,"href":"https:\/\/www.gdapress.it\/it\/index.php\/wp-json\/wp\/v2\/tags?post=61143"}],"curies":[{"name":"wp","href":"https:\/\/api.w.org\/{rel}","templated":true}]}}