
{"id":61111,"date":"2016-12-01T01:33:24","date_gmt":"2016-11-30T23:33:24","guid":{"rendered":"http:\/\/www.gdapress.it\/it\/?p=61111"},"modified":"2016-12-01T01:33:24","modified_gmt":"2016-11-30T23:33:24","slug":"orchestra-pomeriggi-musicali-teatro-dal-verme-milano","status":"publish","type":"post","link":"https:\/\/www.gdapress.it\/it\/index.php\/61111\/musica\/orchestra-pomeriggi-musicali-teatro-dal-verme-milano.html","title":{"rendered":"Orchestra I Pomeriggi Musicali Teatro Dal Verme Milano"},"content":{"rendered":"<p><img loading=\"lazy\" decoding=\"async\" class=\"alignnone size-medium wp-image-61112\" src=\"http:\/\/www.gdapress.it\/it\/..\/public\/it\/2016\/12\/AI-C-Daniel-Delang_High_res_2_-212x300.jpg\" alt=\"AI C Daniel Delang_High_res_2_\" width=\"212\" height=\"300\" srcset=\"https:\/\/www.gdapress.it\/it\/..\/public\/it\/2016\/12\/AI-C-Daniel-Delang_High_res_2_-212x300.jpg 212w, https:\/\/www.gdapress.it\/it\/..\/public\/it\/2016\/12\/AI-C-Daniel-Delang_High_res_2_-768x1088.jpg 768w, https:\/\/www.gdapress.it\/it\/..\/public\/it\/2016\/12\/AI-C-Daniel-Delang_High_res_2_-282x400.jpg 282w, https:\/\/www.gdapress.it\/it\/..\/public\/it\/2016\/12\/AI-C-Daniel-Delang_High_res_2_.jpg 960w\" sizes=\"auto, (max-width: 212px) 100vw, 212px\" \/><\/p>\n<p><strong>72\u00aa STAGIONE SINFONICA<\/strong><\/p>\n<p><strong>ORCHESTRA I POMERIGGI MUSICALI<\/strong><\/p>\n<p><strong>Direttore Artistico, M\u00b0 Maurizio Salerno<\/strong><\/p>\n<p><strong>Stagione 2016-2017 <\/strong><\/p>\n<p><strong>Gioved\u00ec 1 dicembre ore 21.00<\/strong><\/p>\n<p><strong>Sabato 3 dicembre ore 17.00<\/strong><\/p>\n<p><em>Generale aperta \u2013 gioved\u00ec 1 dicembre ore 10.00<\/em><\/p>\n<p><strong>Teatro Dal Verme<\/strong><\/p>\n<p>Via San Giovanni sul Muro 2 \u2013 Milano<\/p>\n<p><strong>Padre Komitas,<\/strong><strong>\u00a0<\/strong><em>Suite des danses arm\u00e9nienne pour cordes<\/em> (arr. Pehlivanian)<strong><br \/>\n<\/strong><strong>\u010cajkovskij<\/strong>, <em>Variazioni su un tema Rococ\u00f2,<\/em> in La maggiore, op. 33<br \/>\n<strong>Beethoven<\/strong>, <em>Sinfonia n. 3<\/em> in Mib maggiore, <em>\u201cEroica\u201d<\/em>, op. 55<\/p>\n<p>Direttore:\u00a0<strong>George Pehlivanian<\/strong><strong>\u00a0<\/strong><br \/>\nVioloncello:<strong>\u00a0<\/strong><strong>Andrei Ioni\u021b\u0103<\/strong><strong>\u00a0<\/strong><br \/>\n<strong>Orchestra I Pomeriggi Musicali<\/strong><\/p>\n<p><strong><em>Concerto in collaborazione con Giovent\u00f9 Musicale d\u2019Italia<\/em><\/strong><\/p>\n<p><strong>Primo concerto di questa 72\u00aa Stagione Sinfonica che si svolge in collaborazione con <\/strong><strong>Giovent\u00f9 Musicale d\u2019Italia<\/strong><strong>, fondazione sodale dei Pomeriggi, che da sempre \u00e8 impegnata nel promuovere i nuovi talenti. Sulla ribalta del Teatro Dal Verme salir\u00e0, infatti, <\/strong><strong>Andrei Ioni\u021b\u0103<\/strong><strong>, talento ventiduenne del violoncello, che si esibir\u00e0 nelle <\/strong><strong><em>Variazioni su un tema Rococ\u00f2<\/em><\/strong> <strong>di<\/strong><strong> \u010cajkovskij.<\/strong><strong>\u00a0<\/strong><\/p>\n<p><strong>Il podio, invece, sar\u00e0 di <\/strong><strong>George Pehlivanian<\/strong><strong>, per la prima volta alla guida dell\u2019Orchestra I Pomeriggi Musicali. Il direttore di origine libanese in apertura di serata ci far\u00e0 ascoltare la <\/strong><strong><em>Suite des danses arm\u00e9nienne pour cordes<\/em><\/strong> di <strong>Padre Komitas,<\/strong> in un arrangiamento scritto da lui stesso<\/p>\n<p><strong>La seconda parte del concerto dar\u00e0 spazio al prosieguo del fil rouge beethoveniano che corre lungo la 72<\/strong><strong>\u00aa<\/strong><strong> Stagione Sinfonica dei Pomeriggi, con l\u2019esecuzione della <\/strong><strong><em>Sinfonia n. 3<\/em><\/strong><strong>, la superba <\/strong><strong><em>\u201cEroica\u201d<\/em><\/strong><strong>. <\/strong><\/p>\n<p><strong>\u00a0<\/strong><\/p>\n<p><strong>GEORGE PEHLIVANIAN, direttore<\/strong><\/p>\n<p>Americano d&#8217;adozione, Pehlivanian si \u00e8 trasferito con la sua famiglia a Los Angeles nel 1975, dove ha studiato direzione d&#8217;orchestra con Pierre Boulez, Lorin Maazel e Ferdinand Leitner. Si \u00e8 imposto all&#8217;attenzione internazionale conseguendo, a soli a 27 anni, il Primo premio al Concorso internazionale per Direttori d&#8217;orchestra di Besancon, primo artista americano in assoluto ad aggiudicarsi un riconoscimento di siffatto prestigio. A partire da quel momento, Pehlivanian ha definitivamente consolidato la propria fama imponendosi come uno dei direttori pi\u00f9 coinvolgenti della propria generazione. Ha debuttato alla Long Beach Opera di Los Angeles con la direzione di <em>Carmen<\/em> e in seguito, su invito di Valery Gergiev, ha diretto <em>Traviata<\/em> all&#8217;Opera del Kirov di San Pietroburgo. A partire dal 2005 ricopre il ruolo di Direttore artistico e musicale dell&#8217;Orchestra Filarmonica Slovena. Successivamente, \u00e8 stato nominato Primo Direttore Ospite della Deutsche Staatsphlharmonie Rheinland-Pfalz e, ancora, Direttore Stabile dell&#8217;Orchestra del Teatro Lirico di Cagliari, affiancando al contempo prestigiose collaborazioni con la Israel Philharmonic Orchestra. Notevoli sono le collaborazioni in ambito italiano: ha diretto l&#8217;Orchestra Filarmonica della Scala di Milano, l&#8217;Orchestra dell&#8217;Accademia Nazionale di Santa Cecilia di Roma, il Maggio Musicale Fiorentino, l&#8217;Orchestra del Teatro di San Carlo di Napoli, l&#8217;Orchestra Nazionale della Rai di Torino, l&#8217;Orchestra del Teatro Lirico di Cagliari. Ha inoltre preso parte a prestigiosi festival, tra cui il Festival dei Maggio Musicale Fiorentino, il Festival Verdi di Parma, e il Ravenna Festival. Tra le pi\u00f9 recenti esperienze, Pehlivanian, nell&#8217;estate 2008 al Festival di Ljubljana, ha diretto l&#8217;<em>Elektra<\/em> di Strauss e il concerto di chiusura con la Israel Philharmonic. Di rilievo le sue collaborazioni con solisti di prestigio internazionale: Maxim Vengerov, Isabelle Faust, Sergej Krilov, Anne Akiko Meyers, Evelyn Glennie.<\/p>\n<p>&nbsp;<\/p>\n<p><strong>ANDREI IONI\u021a\u0102, violoncello<\/strong><\/p>\n<p>Andrei Ioni\u021b\u0103 \u00e8 nato il 1\u00b0 gennaio 1994. Si \u00e8 diplomato alla Scuola Musicale Iosif Sava di Bucarest, dove ha studiato con Ani-Marie Paladi e al College Nazionale Saint Sava della medesima citt\u00e0. Attualmente frequenta l\u2019Universit\u00e4t der K\u00fcnste di Berlino sotto la guida del professor Jens Peter Maintz. Ha partecipato alle masterclass di rinomati violoncellisti tra cui Steven Isserlis, David Geringas, Gary Hoffman, Heinrich Schiff, Wolfgang Emanuel Schmidt e Bruno Cocset. Nel 2014 si \u00e8 esibito al fianco di artisti del calibro di Gidon Kremer e Christian Tetzlaff come partecipante del progetto Chamber Music Connects the World dell\u2019Accademia Kronberg. I suoi primi riconoscimenti a livello internazionale sono stati la vittoria e il premio speciale come \u201cmigliore interpretazione di un brano su commissione\u201d per il Concorso ARD, nel settembre 2014 a Monaco. Nel 2015 Andrei Ioni\u021b\u0103 ha inoltre ricevuto il primo premio del Concorso <strong>\u010cajkovskij<\/strong>, che si tiene a Mosca ogni quattro anni. Negli anni Andrei Ioni\u021b\u0103 si \u00e8 esibito con orchestre del calibro della Sinfonica di Mosca diretta da Pavel Kogan, l\u2019Orchestra di San Pietroburgo per il Musical Olympus Festival, l\u2019Orchestra da Camera di Stoccarda, la World Philharmonic Orchestra a Parigi in occasione della F\u00eate de la Musique e la Bucharest Symphonic Pops. \u00c8 inoltre apparso al Petit Palais ed al D\u00f4me des Invalides di Parigi, alla Cit\u00e9 des Sciences di Tunisi, cos\u00ec come a Roma, Arezzo e Montepulciano. Nella stagione 2015\/2016 debutter\u00e0 a Berlino con la Deutsches Symphonie-Orchester diretta da Nicholas Collon. Andrei Ioni\u021b\u0103 suona su un violoncello Giovanni Battista Rogeri del 1671, su gentile concessione della Deutsche Stiftung Musikleben di Amburgo.<\/p>\n<p>&nbsp;<\/p>\n<p><strong>ORCHESTRA I POMERIGGI MUSICALI<\/strong><\/p>\n<p>27 novembre 1945, ore 17.30: al Teatro Nuovo di Milano debutta l\u2019Orchestra I Pomeriggi Musicali. In programma Mozart e Beethoven accostati a Stravinskij e Prokov\u2019ev. Nell\u2019immediato dopoguerra, nel pieno fervore della ricostruzione, l\u2019impresario teatrale Remigio Paone e il critico musicale Ferdinando Ballo lanciano la nuova formazione con un progetto di straordinaria attualit\u00e0: dare alla citt\u00e0 un\u2019orchestra da camera con un solido repertorio classico ed una specifica vocazione alla contemporaneit\u00e0. Il successo \u00e8 immediato e l\u2019Orchestra contribuisce notevolmente alla divulgazione popolare in Italia della musica dei grandi del Novecento censurati durante la dittatura fascista: Stravinskij, Hindemith, Webern, Berg, Poulenc, Honegger, Copland, Yves, Fran\u00e7ais. I Pomeriggi Musicali avviano, inoltre, una tenace attivit\u00e0 di commissione musicale. Per I Pomeriggi compongono infatti Casella, Dallapiccola, Ghedini, Gian Francesco Malipiero, Pizzetti, Respighi. Questa scelta programmatica si consolida nel rapporto con i compositori delle leve successive: Berio, Bussotti, Luciano Chailly, Clementi, Donatoni, Hazon, Maderna, Mannino, Manzoni, Margola, Pennisi, Testi, Tutino, Panni, Fedele, Francesconi, Vacchi. Oggi I Pomeriggi Musicali contano su un vastissimo repertorio che include i capolavori del Barocco, del Classicismo e del primo Romanticismo insieme alla gran parte della musica moderna e contemporanea. Compositori come Honegger e Hindemith, Pizzetti, Dallapiccola, Petrassi e Penderecki hanno diretto la loro musica sul podio de I Pomeriggi Musicali, che diventano trampolino di lancio verso la celebrit\u00e0 di tanti giovani artisti. \u00c8 il caso di\u00a0 Claudio Abbado, Leonard Bernstein, Rudolf Buchbinder, Pierre Boulez, Michele Campanella, Giuliano Carmignola, Aldo Ceccato, Sergiu Celibidache, Riccardo Chailly, Daniele Gatti, Gianandrea Gavazzeni, Carlo Maria Giulini, Vittorio Gui, Natalia Gutman, Angela Hewitt, Leonidas Kavakos, Alexander Lonquich, Alexander Igor Markevitch, Zubin Mehta, Carl Melles, Riccardo Muti, Hermann Scherchen, Thomas Schippers, Christian Thielemann, Salvatore Accardo, Antonio Ballista, Arturo Benedetti Michelangeli, Bruno Canino, Dino Ciani, Severino Gazzelloni, Franco Gulli, Nikita Magaloff, Nathan Milstein, Massimo Quarta, Maurizio Pollini, Corrado Rovaris e Uto Ughi. Tra i Direttori stabili dell\u2019Orchestra, ricordiamo Nino Sanzogno, il primo, Gianluigi Gelmetti, Giampiero Taverna e Othmar Maga, per arrivare ai milanesi Daniele Gatti, Antonello Manacorda e Aldo Ceccato, direttore emerito dell\u2019Orchestra. In alcuni casi, la direzione musicale \u00e8 stata affiancata da una direzione artistica; in questa veste: Italo Gomez, Carlo Majer, Marcello Panni, Marco Tutino, Gianni Tangucci, Ivan Fedele, Massimo Collarini e, da luglio 2013, Maurizio Salerno. L\u2019Orchestra I Pomeriggi Musicali svolge la sua attivit\u00e0 principalmente a Milano e nelle citt\u00e0 lombarde, mentre in autunno contribuisce alle stagioni liriche dei Teatri di Bergamo, Brescia, Como, Cremona, Mantova, Pavia \u2013 all\u2019interno del cartellone di Opera Lombardia \u2013 e alla stagione di balletto del Teatro alla Scala. Invitata nelle principali stagioni sinfoniche italiane, l\u2019Orchestra \u00e8 ospite anche delle maggiori sale da concerto europee. I Pomeriggi Musicali sono una Fondazione costituita dalla Regione Lombardia, dal Comune di Milano, dalla Provincia di Milano, e da enti privati, riconosciuta dallo Stato come istituzione concertistico-orchestrale e dalla Regione Lombardia come ente primario di produzione musicale. Sede dell\u2019Orchestra I Pomeriggi Musicali \u00e8 lo storico Teatro Dal Verme, sito nel cuore di Milano.<\/p>\n<p><strong>Biglietti<\/strong><\/p>\n<p><strong>Interi\u00a0\u00a0\u00a0\u00a0\u00a0\u00a0\u00a0 <\/strong>Primo Settore (Platea, dalla fila 1 alla 30): <strong>\u20ac 20,00 <\/strong>+ prevendita<\/p>\n<p>Secondo Settore (Platea, dalla fila 31 alla 40): <strong>\u20ac 14,50 <\/strong>+ prevendita<\/p>\n<p>Balconata: <strong>\u20ac 11,00 <\/strong>+ prevendita<\/p>\n<p><strong>Ridotti*\u00a0\u00a0 <\/strong>Primo Settore (Platea, dalla fila 1 alla fila 30) <strong>\u20ac 16,00 <\/strong>+ prevendita<\/p>\n<p>Secondo Settore (Platea, dalla fila 31 alla fila 40) <strong>\u20ac 12,50 <\/strong>+ prevendita<\/p>\n<p>Balconata <strong>\u20ac 9,00 <\/strong>+ prevendita<\/p>\n<p><strong>Biglietti per I Pomeriggi in anteprima<\/strong><\/p>\n<p><strong>Interi\u00a0\u00a0\u00a0\u00a0\u00a0\u00a0\u00a0 \u20ac 10,00<\/strong> + prevendita<\/p>\n<p><strong>Ridotti*\u00a0\u00a0 \u20ac 8,00<\/strong> + prevendita<\/p>\n<p><strong>* <\/strong>(Giovani under 26; Anziani over 60; Cral; Associazioni Culturali; Biblioteche; Gruppi; Scuole e Universit\u00e0)<\/p>\n<p><strong>Biglietteria TicketOne &#8211; Teatro<\/strong> <strong>Dal Verme <\/strong><\/p>\n<p>Via San Giovanni Sul Muro, 2 \u2013 20121 Milano<\/p>\n<p>Tel. 02 87.905.201<\/p>\n<p>dal marted\u00ec al sabato dalle 11.00 alle 19.00<\/p>\n<p><a href=\"http:\/\/www.ipomeriggi.it\">www.ipomeriggi.it<\/a><\/p>\n<p><a href=\"http:\/\/www.ipomeriggi.it\/facebook\">www.ipomeriggi.it\/facebook<\/a><\/p>\n<p><a href=\"http:\/\/www.ipomeriggi.it\/youtube\">www.ipomeriggi.it\/youtube<\/a><\/p>\n<p>Biglietteria on-line: <a href=\"http:\/\/www.ticketone.it\">www.ticketone.it<\/a><\/p>\n<p><a href=\"http:\/\/www.ipomeriggi.it\">www.ipomeriggi.it<\/a><\/p>\n","protected":false},"excerpt":{"rendered":"<p>72\u00aa STAGIONE SINFONICA ORCHESTRA I POMERIGGI MUSICALI Direttore Artistico, M\u00b0 Maurizio Salerno Stagione 2016-2017 Gioved\u00ec 1 dicembre ore 21.00 Sabato 3 dicembre ore 17.00 Generale aperta \u2013 gioved\u00ec 1 dicembre ore 10.00 Teatro Dal Verme Via San Giovanni sul Muro 2 \u2013 Milano Padre Komitas,\u00a0Suite des danses arm\u00e9nienne pour cordes (arr. Pehlivanian) \u010cajkovskij, Variazioni su &hellip; <a href=\"https:\/\/www.gdapress.it\/it\/index.php\/61111\/musica\/orchestra-pomeriggi-musicali-teatro-dal-verme-milano.html\" class=\"more-link\">Read more <span class=\"screen-reader-text\">Orchestra I Pomeriggi Musicali Teatro Dal Verme Milano<\/span><\/a><\/p>\n","protected":false},"author":3,"featured_media":61112,"comment_status":"closed","ping_status":"open","sticky":false,"template":"","format":"standard","meta":{"footnotes":""},"categories":[19],"tags":[17,14160,235],"class_list":["post-61111","post","type-post","status-publish","format-standard","has-post-thumbnail","hentry","category-musica","tag-milano","tag-orchestra-i-pomeriggi-musicali","tag-teatro-dal-verme"],"_links":{"self":[{"href":"https:\/\/www.gdapress.it\/it\/index.php\/wp-json\/wp\/v2\/posts\/61111","targetHints":{"allow":["GET"]}}],"collection":[{"href":"https:\/\/www.gdapress.it\/it\/index.php\/wp-json\/wp\/v2\/posts"}],"about":[{"href":"https:\/\/www.gdapress.it\/it\/index.php\/wp-json\/wp\/v2\/types\/post"}],"author":[{"embeddable":true,"href":"https:\/\/www.gdapress.it\/it\/index.php\/wp-json\/wp\/v2\/users\/3"}],"replies":[{"embeddable":true,"href":"https:\/\/www.gdapress.it\/it\/index.php\/wp-json\/wp\/v2\/comments?post=61111"}],"version-history":[{"count":1,"href":"https:\/\/www.gdapress.it\/it\/index.php\/wp-json\/wp\/v2\/posts\/61111\/revisions"}],"predecessor-version":[{"id":61113,"href":"https:\/\/www.gdapress.it\/it\/index.php\/wp-json\/wp\/v2\/posts\/61111\/revisions\/61113"}],"wp:featuredmedia":[{"embeddable":true,"href":"https:\/\/www.gdapress.it\/it\/index.php\/wp-json\/wp\/v2\/media\/61112"}],"wp:attachment":[{"href":"https:\/\/www.gdapress.it\/it\/index.php\/wp-json\/wp\/v2\/media?parent=61111"}],"wp:term":[{"taxonomy":"category","embeddable":true,"href":"https:\/\/www.gdapress.it\/it\/index.php\/wp-json\/wp\/v2\/categories?post=61111"},{"taxonomy":"post_tag","embeddable":true,"href":"https:\/\/www.gdapress.it\/it\/index.php\/wp-json\/wp\/v2\/tags?post=61111"}],"curies":[{"name":"wp","href":"https:\/\/api.w.org\/{rel}","templated":true}]}}