
{"id":61069,"date":"2016-11-30T01:30:06","date_gmt":"2016-11-29T23:30:06","guid":{"rendered":"http:\/\/www.gdapress.it\/it\/?p=61069"},"modified":"2016-11-30T01:37:08","modified_gmt":"2016-11-29T23:37:08","slug":"milano-celebra-arnaldo-pomodoro-grande-mostra-suo-cuore-sala-delle-cariatidi","status":"publish","type":"post","link":"https:\/\/www.gdapress.it\/it\/index.php\/61069\/arte\/milano-celebra-arnaldo-pomodoro-grande-mostra-suo-cuore-sala-delle-cariatidi.html","title":{"rendered":"MILANO CELEBRA ARNALDO POMODORO CON UNA GRANDE MOSTRA CHE HA IL SUO CUORE IN SALA DELLE CARIATIDI"},"content":{"rendered":"<p><img loading=\"lazy\" decoding=\"async\" class=\"alignnone size-large wp-image-61070\" src=\"http:\/\/www.gdapress.it\/it\/..\/public\/it\/2016\/11\/MANIFESTODEF.174012-280x400.jpg\" alt=\"MANIFESTODEF.174012\" width=\"280\" height=\"400\" srcset=\"https:\/\/www.gdapress.it\/it\/..\/public\/it\/2016\/11\/MANIFESTODEF.174012-280x400.jpg 280w, https:\/\/www.gdapress.it\/it\/..\/public\/it\/2016\/11\/MANIFESTODEF.174012-210x300.jpg 210w, https:\/\/www.gdapress.it\/it\/..\/public\/it\/2016\/11\/MANIFESTODEF.174012.jpg 557w\" sizes=\"auto, (max-width: 280px) 100vw, 280px\" \/><\/p>\n<p>Dal 30 novembre al 5 febbraio 2017, Milano festeggia i 90 anni di Arnaldo Pomodoro con una grande antologia contemporaneamente allestita in pi\u00f9 sedi e un percorso che abbraccia l\u2019intera citt\u00e0.<\/p>\n<p>Cuore dell\u2019iniziativa \u00e8 la mostra, curata da Ada Masoero, promossa dal Comune di Milano-Cultura, ideata e prodotta dalla Fondazione Arnaldo Pomodoro e Palazzo Reale con la collaborazione di Mondo Mostre Skira, ospitata nella Sala delle Cariatidi di Palazzo Reale, uno dei luoghi simbolo della storia di Milano, che accoglie una trentina di sculture realizzate dal 1955 ad oggi e scelte dall\u2019artista stesso, per rappresentare le tappe fondamentali della sua ricerca e del suo lavoro di oltre sessant\u2019anni.<\/p>\n<p>\u201cLa mostra complessiva di tutto il mio lavoro che oggi mi dedica la mia citt\u00e0 &#8211; afferma Arnaldo Pomodoro &#8211; \u00e8 per me motivo di grande gioia e profonda soddisfazione\u201d.<\/p>\n<p>\u201cArnaldo Pomodoro festeggia novant\u2019anni, e, in omaggio a questa ricorrenza, la citt\u00e0 di Milano diventa protagonista di un progetto espositivo diffuso e articolato sulla lunga attivit\u00e0 del Maestro \u2013 ha dichiarato l\u2019assessore alla Cultura Filippo Del Corno \u2013. L\u2019articolazione dei progetti e la monumentalit\u00e0 delle opere di Arnaldo Pomodoro non sono protagoniste di un unico spazio e luogo, ma abitano, per questa esposizione, altri importanti spazi milanesi, pubblici e privati. La Sala delle Cariatidi a Palazzo Reale \u00e8 il cuore di questa mostra \u2018diffusa\u2019, accogliendo nella sua suggestiva cornice una trentina di sculture emblematiche del percorso creativo e di ricerca che ha caratterizzato i lunghi anni di produzione dell\u2019artista, ma l\u2019esposizione esce dalle sedi tradizionali per testimoniare la fervida e duratura attivit\u00e0 dell\u2019artista e il suo rapporto forte e fecondo con la citt\u00e0 di Milano\u201d.<\/p>\n<p>Il percorso prende avvio dai bassorilievi degli anni Cinquanta in piombo, argento e cemento, nei quali emergono gi\u00e0 le caratteristiche trame segniche di Pomodoro, dalla Colonna del viaggiatore e dalla Grande tavola della memoria, per arrivare alle forme geometriche di lucido bronzo squarciate e corrose, alle celebri Sfere, ai Cippi, fino all\u2019imponente rilievo Le battaglie in fiberglass e polvere di grafite, che parla della materia come magma, fonte di vita ma anche di conflitto, continuo ribollire di tensioni.<\/p>\n<p>In piazzetta Reale \u00e8 esposto, per la prima volta nella sua totalit\u00e0, il complesso scultoreo The Pietrarubbia Group. Un\u2019opera ambientale composta da sei elementi realizzati in un processo aggregativo in progress iniziato nel 1975 e completato nel 2015 che, rendendo un omaggio ideale all\u2019antico borgo di Pietrarubbia nel Montefeltro, ha dato forma all\u2019emozione e al legame del Maestro con le proprie origini che sono qui luogo fisico e insieme immaginario.<\/p>\n<p>Alla Triennale di Milano e alla Fondazione Arnaldo Pomodoro di via Vigevano a Milano sono presentati quattro progetti \u201cvisionari\u201d che, nel loro insieme, mostrano il dialogo tra l\u2019opera scultorea, l\u2019architettura e lo spazio circostante. Il Simposio di Minoa a Marsala, in Sicilia e il Carapace, la Cantina delle Tenute Lunelli a Bevagna, in Umbria (presentati in Triennale, con la cura di Aldo Colonetti); il monumento di Pietrarubbia e il progetto per il nuovo Cimitero di Urbino (in Fondazione, con la cura di Ada Masoero), documentati attraverso maquettes, disegni e fotografie, sono opere che si sviluppano dalle visioni di Pomodoro e diventano paesaggio urbano, segni che connotano il territorio, parte della nostra vita quotidiana.<\/p>\n<p>Il Museo Poldi Pezzoli d\u00e0 conto, nella Sala del Collezionista, della passione per il teatro di Arnaldo Pomodoro attraverso sedici teatrini che raccontano il suo lavoro per il palcoscenico svolto tra il 1982 e il 2009 nei diversi campi drammaturgici, dalla tragedia all\u2019opera lirica, dal teatro contemporaneo alla musica. Si potr\u00e0 inoltre riscoprire la Sala delle Armi, da lui progettata nel 2000, che per questa occasione \u00e8 stata oggetto di un restauro conservativo e di una nuova illuminazione.<\/p>\n<p>Il progetto espositivo \u00e8 completato da un itinerario artistico che collega pi\u00f9 punti della citt\u00e0. Da Piazza Meda con il Grande disco, scelto quest\u2019anno dai milanesi come una delle icone simbolo della citt\u00e0, a Largo Greppi con Torre a spirale collocata di fronte al Piccolo Teatro, fino a un luogo tra i pi\u00f9 segreti e affascinanti di Milano, Ingresso nel labirinto \u2013 un ambiente di circa 170 mq \u2013 costruito nei sotterranei dell\u2019edificio ex Riva Calzoni di via Solari 35, gi\u00e0 sede espositiva della Fondazione.<\/p>\n<p>A Palazzo Reale, durante il periodo di apertura della mostra, i visitatori potranno entrare, in modo virtuale, nel Labirinto, grazie alla potenzialit\u00e0 immersiva dei Gear VR e di HTC Vive, in un\u2019esperienza multisensoriale che si estende nello spazio e nel tempo.<\/p>\n<p>Il progetto, allestito nella Sala degli Arazzi, curato da Eugenio Alberti Schatz, firmato da Oliver Pavicevic (navigazione e ricostruzione degli ambienti) e da Steve Piccolo (suoni) \u00e8 realizzato grazie al contributo di The Secular Society.<\/p>\n<p>Accompagnano la mostra una serie di eventi volti ad approfondire e discutere l\u2019opera e la figura di Arnaldo Pomodoro nei suoi rapporti con le idee e i movimenti dell\u2019arte contemporanea.<\/p>\n<p>La mostra offre infine un ricco e articolato progetto didattico curato dalla sezione didattica della Fondazione Arnaldo Pomodoro con ADMaiora, grazie al sostegno di EasyReading Multimedia e con la collaborazione di Blazing Strategies International ltd.<\/p>\n<p>Il catalogo Skira contiene una lunga conversazione tra Arnaldo Pomodoro e Ada Masoero, un testo critico di Giorgio Zanchetti, e tutti gli apparati bibliografici.<\/p>\n<p>La mostra, promossa dal Comune di Milano-Cultura, ideata e prodotta dalla Fondazione Arnaldo Pomodoro e Palazzo Reale con la collaborazione di Mondo Mostre Skira, \u00e8 realizzata grazie al sostegno di UniCredit, Gruppo Bianchi, Tenute Lunelli, EasyReading Multimedia, con la media partnership di IGPDecaux, Coop e Trenitalia e il supporto tecnico di Open Care \u2013 Servizi per l\u2019Arte e iGuzzini.<\/p>\n<p>Sedi e orari:<\/p>\n<p>Palazzo Reale &#8211;\u00a0<a href=\"http:\/\/informa-mi-comune-milano.custmta.com\/re?l=D0Iarm77yI35wcuqoI1\" target=\"_blank\">www.palazzorealemilano.it<\/a><\/p>\n<p>luned\u00ec: 14.30-19.30<\/p>\n<p>marted\u00ec, mercoled\u00ec, venerd\u00ec e domenica: 9.30-19.30<\/p>\n<p>gioved\u00ec e sabato: 9.30-22.30<\/p>\n<p>(ultimo ingresso un\u2019ora prima della chiusura)<\/p>\n<p>Prezzi: \u20ac 8 intero, \u20ac 5 ridotto;<\/p>\n<p>\u20ac 5 visitatori in possesso di biglietto del Museo Poldi Pezzoli<\/p>\n<p>&nbsp;<\/p>\n<p>Triennale di Milano &#8211;\u00a0<a href=\"http:\/\/informa-mi-comune-milano.custmta.com\/re?l=D0Iarm77yI35wcuqoI2\" target=\"_blank\">www.triennale.org<\/a><\/p>\n<p>marted\u00ec &#8211; domenica: 10.30-20.30<\/p>\n<p>luned\u00ec chiuso<\/p>\n<p>(ultimo ingresso un\u2019ora prima della chiusura)<\/p>\n<p>Ingresso libero<\/p>\n<p>&nbsp;<\/p>\n<p>Fondazione Arnaldo Pomodoro &#8211;\u00a0<a href=\"http:\/\/informa-mi-comune-milano.custmta.com\/re?l=D0Iarm77yI35wcuqoI3\" target=\"_blank\">www.fondazionearnaldopomodoro.it<\/a><\/p>\n<p>marted\u00ec &#8211; sabato: 11.00-13.00 \/ 14.00-19.00<\/p>\n<p>domenica e luned\u00ec chiuso<\/p>\n<p>Ingresso libero<\/p>\n<p>&nbsp;<\/p>\n<p>Museo Poldi Pezzoli &#8211;\u00a0<a href=\"http:\/\/informa-mi-comune-milano.custmta.com\/re?l=D0Iarm77yI35wcuqoI4\" target=\"_blank\">www.museopoldipezzoli.it<\/a><\/p>\n<p>luned\u00ec-domenica: 10.00-18.00<\/p>\n<p>marted\u00ec chiuso<\/p>\n<p>Prezzi: \u20ac 10 intero, \u20ac 7 ridotto<\/p>\n<p>\u20ac 7 visitatori in possesso di biglietto di Palazzo Reale<\/p>\n<p>&nbsp;<\/p>\n<p>Informazioni:<\/p>\n<p>Tel. 02.89075394; info@fondazionearnaldopomodoro.it;<\/p>\n<p>didattica@fondazionearnaldopomodoro.it<\/p>\n<p>Sito internet<\/p>\n<p>http:\/\/mostraapmilano.fondazionearnaldopomodoro.it\/<\/p>\n<p>Social<\/p>\n<p>Facebook: Fondazione Arnaldo Pomodoro<\/p>\n<p>Twitter: @Fond_Pomodoro<\/p>\n<p>Instagram: @fondazione_arnaldo_pomodoro<\/p>\n<p>Youtube: Fondazione Arnaldo Pomodoro<\/p>\n<p>&nbsp;<\/p>\n","protected":false},"excerpt":{"rendered":"<p>Dal 30 novembre al 5 febbraio 2017, Milano festeggia i 90 anni di Arnaldo Pomodoro con una grande antologia contemporaneamente allestita in pi\u00f9 sedi e un percorso che abbraccia l\u2019intera citt\u00e0. Cuore dell\u2019iniziativa \u00e8 la mostra, curata da Ada Masoero, promossa dal Comune di Milano-Cultura, ideata e prodotta dalla Fondazione Arnaldo Pomodoro e Palazzo Reale &hellip; <a href=\"https:\/\/www.gdapress.it\/it\/index.php\/61069\/arte\/milano-celebra-arnaldo-pomodoro-grande-mostra-suo-cuore-sala-delle-cariatidi.html\" class=\"more-link\">Read more <span class=\"screen-reader-text\">MILANO CELEBRA ARNALDO POMODORO CON UNA GRANDE MOSTRA CHE HA IL SUO CUORE IN SALA DELLE CARIATIDI<\/span><\/a><\/p>\n","protected":false},"author":3,"featured_media":61070,"comment_status":"closed","ping_status":"open","sticky":false,"template":"","format":"standard","meta":{"footnotes":""},"categories":[4],"tags":[102,17,19134],"class_list":["post-61069","post","type-post","status-publish","format-standard","has-post-thumbnail","hentry","category-arte","tag-arnaldo-pomodoro","tag-milano","tag-sala-delle-cariatidi"],"_links":{"self":[{"href":"https:\/\/www.gdapress.it\/it\/index.php\/wp-json\/wp\/v2\/posts\/61069","targetHints":{"allow":["GET"]}}],"collection":[{"href":"https:\/\/www.gdapress.it\/it\/index.php\/wp-json\/wp\/v2\/posts"}],"about":[{"href":"https:\/\/www.gdapress.it\/it\/index.php\/wp-json\/wp\/v2\/types\/post"}],"author":[{"embeddable":true,"href":"https:\/\/www.gdapress.it\/it\/index.php\/wp-json\/wp\/v2\/users\/3"}],"replies":[{"embeddable":true,"href":"https:\/\/www.gdapress.it\/it\/index.php\/wp-json\/wp\/v2\/comments?post=61069"}],"version-history":[{"count":3,"href":"https:\/\/www.gdapress.it\/it\/index.php\/wp-json\/wp\/v2\/posts\/61069\/revisions"}],"predecessor-version":[{"id":61073,"href":"https:\/\/www.gdapress.it\/it\/index.php\/wp-json\/wp\/v2\/posts\/61069\/revisions\/61073"}],"wp:featuredmedia":[{"embeddable":true,"href":"https:\/\/www.gdapress.it\/it\/index.php\/wp-json\/wp\/v2\/media\/61070"}],"wp:attachment":[{"href":"https:\/\/www.gdapress.it\/it\/index.php\/wp-json\/wp\/v2\/media?parent=61069"}],"wp:term":[{"taxonomy":"category","embeddable":true,"href":"https:\/\/www.gdapress.it\/it\/index.php\/wp-json\/wp\/v2\/categories?post=61069"},{"taxonomy":"post_tag","embeddable":true,"href":"https:\/\/www.gdapress.it\/it\/index.php\/wp-json\/wp\/v2\/tags?post=61069"}],"curies":[{"name":"wp","href":"https:\/\/api.w.org\/{rel}","templated":true}]}}