
{"id":60874,"date":"2016-11-19T09:52:26","date_gmt":"2016-11-19T07:52:26","guid":{"rendered":"http:\/\/www.gdapress.it\/it\/?p=60874"},"modified":"2016-11-19T09:52:26","modified_gmt":"2016-11-19T07:52:26","slug":"bookcity-milano-2","status":"publish","type":"post","link":"https:\/\/www.gdapress.it\/it\/index.php\/60874\/cultura\/bookcity-milano-2.html","title":{"rendered":"BOOKCITY MILANO"},"content":{"rendered":"<p class=\"x_MsoNoSpacing\"><img loading=\"lazy\" decoding=\"async\" class=\"alignnone size-medium wp-image-60824\" src=\"http:\/\/www.gdapress.it\/it\/..\/public\/it\/2016\/11\/14590086_716247858530029_7885158269724427977_o-300x112.jpg\" alt=\"14590086_716247858530029_7885158269724427977_o\" width=\"300\" height=\"112\" srcset=\"https:\/\/www.gdapress.it\/it\/..\/public\/it\/2016\/11\/14590086_716247858530029_7885158269724427977_o-300x112.jpg 300w, https:\/\/www.gdapress.it\/it\/..\/public\/it\/2016\/11\/14590086_716247858530029_7885158269724427977_o-768x286.jpg 768w, https:\/\/www.gdapress.it\/it\/..\/public\/it\/2016\/11\/14590086_716247858530029_7885158269724427977_o-500x186.jpg 500w\" sizes=\"auto, (max-width: 300px) 100vw, 300px\" \/><\/p>\n<p class=\"x_MsoNoSpacing\"><b>sabato 19 novembre, BOOKCITY MILANO 2016 prosegue con un fitto programma.<\/b><\/p>\n<p class=\"x_MsoNoSpacing\"><b>A partire dalle 18 di sabato 19 novembre fino alle 10 di domenica 20 novembre, al Padiglione Visconti, <\/b>situato all\u2019interno del cuore produttivo del Teatro alla Scala, i Laboratori Scala Ansaldo,<b> verr\u00e0 proposto LE VOCI DELLA CITT\u00c0 &#8211; <i>Una maratona lunga una notte<\/i>, un progetto a cura di Daniele Abbado.<\/b> L\u2019iniziativa \u00e8 organizzata in collaborazione con il Teatro alla Scala, la partecipazione delle scuole Civica Paolo Grassi e del Forum della Citt\u00e0 Mondo.<\/p>\n<p class=\"x_MsoNoSpacing\">Una grande maratona di lettura della durata di una notte sul tema de <i>Le Citt\u00e0 invisibili. <\/i>Al testo-guida<i>\u00a0<\/i>di Italo Calvino, seguiranno e si intersecheranno diversi altri testi in cui la citt\u00e0\/le citt\u00e0 e le persone che la vivono emergono al centro della narrazione. Si alterneranno letture, presenze e interventi musicali, apparizioni che sviluppano le tante suggestioni contenute all\u2019interno del testo di Calvino.<br \/>\nL&#8217;evento coinvolge varie tipologie di lettori, dai lettori che hanno gi\u00e0 aderito al Patto della Lettura, ai cittadini delle comunit\u00e0 internazionali presenti sul territorio, agli studenti, a tutti coloro che spontaneamente si sono candidati per imprestare la loro voce alla lettura in notturna.<\/p>\n<p class=\"x_MsoNoSpacing\"><b>Il pubblico potr\u00e0 partecipare a tutta la maratona o assistere a una singola parte. Ingresso libero fino a esaurimento posti.<\/b><\/p>\n<p class=\"x_MsoNormal\">Doppio appuntamento sabato 19 novembre con <b>Luis Sep\u00falveda<\/b>: al mattino alle ore 11,30 al Piccolo Teatro Grassi,<b> <\/b>dialogher\u00e0 con Pino Cacucci, e alle ore 15, grazie a Intesa Sanpaolo, alle <b>Gallerie d&#8217;Italia<\/b> di Piazza Scala, affronter\u00e0 il tema della condivisione nell\u2019incontro dal titolo \u201cLo stupore del racconto\u201d, intervistato da Ranieri Polese.<\/p>\n<p class=\"x_MsoNoSpacing\"><b>Al Teatro Litta<\/b>,<b> Alessandro Baricco<\/b> a\ufb03ancher\u00e0 gli studenti del laboratorio teatrale del Liceo Ginnasio Giovanni XXIII di Bergamo, che hanno partecipato al progetto LAIV della Fondazione Cariplo, in un reading dal titolo &#8220;Ulisse e Polifemo&#8221;, leggendo alcuni passi tratti dal IX libro dell&#8217;Odissea in una performance di lettura espressiva realizzata insieme a Pandemonium Teatro.<\/p>\n<p class=\"x_MsoNoSpacing\"><b>Il 19 e il 20 novembre al Teatro Franco Parenti ci saranno tre interessanti incontri promossi da AcomeA SGR<\/b>, in cui si andr\u00e0 alle origini del capitalismo per indagarne le verit\u00e0, entrando\u00a0 nei meandri delle Banche italiane e infine comprendendo quali sono state le dinamiche dello sviluppo economico del nostro Paese.<\/p>\n<p class=\"x_MsoNoSpacing\">Alla<b> Borsa Italiana <\/b>si terr\u00e0 <b>\u201cInvestire in titoli\u201d<\/b>, un ciclo di incontri\u00a0 e testimonianze video, proposto da Letteratura Rinnovabile: un\u2019occasione per mettere a confronto esperienze virtuose, visioni economiche, strategie possibili, non solo nel nostro Paese (<b>19 e 20 novembre)<\/b>.<\/p>\n<p class=\"x_MsoNormal\">A quindici anni dalla morte di Maria Grazia Cutuli in Afghanistan, nasce <b><i>Racconti di guerra<\/i><\/b>, due giornate di dialoghi, testimonianze, proiezioni e fotografie per parlare dei conflitti contemporanei. La rassegna di incontri si articoler\u00e0 <b>nelle giornate del 19 e del 20 novembre<\/b> tra Sala Buzzati e ISPI a Palazzo Clerici.<\/p>\n<p class=\"x_MsoNoSpacing\">Tra i tanti appuntamenti di BOOKCITY MILANO: al<b> Castello Sforzesco <\/b>(Le parole che escono dal cuore giungono al cuore) <b>Emilio Casalini<\/b> e <b>Geppi Cucciari<\/b> parleranno di \u201cUn destino di identit\u00e0 e bellezza\u201d, <b>Oliviero Toscani<\/b> di \u201cEssere creativi oggi. La grande illusione di massa\u201d, <b>Philippe Daverio<\/b> e <b>Roberta Scorranese<\/b> di \u201cSono controcorrente, amo l&#8217;Europa. La cultura europea attraverso i suoi grandi musei\u201d.<\/p>\n<p class=\"x_MsoNoSpacing\">Alla <b>Triennale di Milano<\/b> (Le mille e una storia) <b>Paolo Ruffini<\/b> interverr\u00e0 su \u201cLa favolosa vita di noi ragazzi degli anni \u201990 \u201d, <b>Glenn Cooper <\/b>e<b> Gianluigi Nuzzi<\/b> parleranno di \u201cIn buona fede. La Chiesa e i suoi misteri\u00a0 tra realt\u00e0 e fiction\u201d, mentre \u00a0<b>Vittorino Andreoli <\/b>e<b> Carlo Musso<\/b> dialogheranno su \u201cIl Ges\u00f9 di oggi. Un ritratto\u00a0 per credenti e non credenti\u201d; e ancora, un dialogo tra coppie &#8211; <b>Cinzia Sasso <\/b>e<b> Giuliano Pisapia,\u00a0 Paula de la Fuente <\/b>e<b> Xavier Zanetti,\u00a0 Giovanna Zucconi <\/b>e<b> Michele Serra<\/b> \u2013 su \u201cQuando fare la moglie vuol dire sentirsi libera\u201d.<\/p>\n<p class=\"x_MsoNoSpacing\">Al <b>Museo Nazionale della\u00a0 Scienza e della Tecnologia Leonardo da Vinci<\/b> (Futuri possibili)<b> <\/b>, <b>Roberto Burioni<\/b> parler\u00e0 di \u201cVaccini: facciamo chiarezza\u201d, mentre <b>Michele Ainis <\/b>e<b> Vittorio Sgarbi<\/b>, moderati Pierluigi Panza, dialogheranno su \u201cL\u2019Italia \u00e8 una repubblica fondata sulla bellezza\u201d e <b>Giacomo Rizzolatti <\/b>e<b> Antonio Gnoli<\/b> su \u201cSei tu il mio io\u201d. Sempre al Museo Nazionale si terr\u00e0 l\u2019inaugurazione de <b>\u201cLa citt\u00e0 \u00e8 un libro aperto\u201d<\/b>, installazione in forma di citt\u00e0, scritta, disegnata\u00a0 e costruita da 1000 bambini. Una delegazione\u00a0 di piccoli architetti, poeti, pittori ci guider\u00e0\u00a0 tra le vie della citt\u00e0 di carta a cura di DOdA design.<\/p>\n<p class=\"x_MsoNoSpacing\">Al punto cardinale<b> MUDEC + BASE Milano <\/b>(Le identit\u00e0, l\u2019incontro): a BASE <b>Daniele Biacchessi<\/b> e <b>Gaetano Liguori<\/b> parleranno de \u201cLa storia d\u2019Italia a tempo di rock. Viaggio in musica e parole\u201d, \u00a0<b>Antoine Leiris<\/b> e<b>Gherardo Colombo <\/b>su \u201cLa scelta di non odiare. Un anno dopo la\u00a0 strage del Bataclan\u201d. \u00a0<b>Marco Ferrante<\/b> e <b>Enrico Mentana<\/b> parleranno del \u201cModo pi\u00f9 doloroso di tradire\u201d. E ancora, \u201cIl futuro \u00e8 tuo, prendilo in mano!\u201d di \u00a0<b>The Show<\/b> e la magia di \u201cAnimali fantastici dietro le quinte, segreti e curiosit\u00e0 sul film evento del 2016\u201d con Paola Ronchi, Lisa De Pompeis, Alessandra \u00a0Roccato, Mirko D\u2019Alessio, Davide Perino, Elisa Grando. Al MUDEC <b>Donatella Ferrario<\/b> e <b>Fabrizio Pesoli<\/b> parleranno di \u201cStoria e storie di Milano, citt\u00e0 multietnica\u201d, <b>Erri De Luca<\/b> di \u201cScolpire con le parole\u201d, <b>Piano C, Matteo B. Bianchi, Agnese Radaelli<\/b>, moderati da\u00a0Federico Taddia, di \u201cInsegnare le passioni: donne, lavoro e innovazione\u201d.<\/p>\n<p class=\"x_MsoNoSpacing\">Al <b>Teatro Franco Parenti <\/b>(La fabbrica dei valori)<b> Corrado Augias<\/b> racconter\u00e0 \u201cI segreti di Istanbul\u201d,\u00a0 <b>lldefonso Falcones <\/b>e <b>Bruno Arpaia<\/b> parleranno di\u00a0 \u201cGli eredi della cattedrale del mare. Un grande\u00a0 ritorno\u201d, letture di Luca Micheletti; <b>Nicolai Lilin <\/b>e <b>Moni Ovadia<\/b> su \u201cRussofobia\u201d.<\/p>\n<p class=\"x_MsoNoSpacing\">Sempre al teatro Franco Parenti si terr\u00e0 l\u2019incontro, organizzato dalla <b>Fondazione Umberto e Elisabetta Mauri,<\/b> <b>\u201cLo spazio urbano come lingua viva\u201d<\/b>, in cui l\u2019autore <b>Jean-Christophe Bailly<\/b>, filosofo, romanziere, poeta e storico del paesaggio, dialogher\u00e0 con l\u2019architetto <b>Vittorio Gregotti<\/b>, l\u2019Assessore alla cultura del Comune di Milano <b>Filippo Del Corno<\/b> e lo scrittore <b>Gianni Biondillo<\/b>. Tema dell\u2019incontro gli elementi che concorrono a creare l\u2019effetto-citt\u00e0, effetto, secondo l\u2019autore, essenzialmente linguistico. Seguir\u00e0 una performance musicale di Roberto Paci Dal\u00f2 a commento di immagini di Milano fotografata da cinque famosi fotografi milanesi.<\/p>\n<p class=\"x_MsoNoSpacing\">Al <b>Teatro Carcano<\/b> si terr\u00e0 un incontro con <b>Aldo Giovanni e Giacomo<\/b> (ingresso con prenotazione).<\/p>\n<p class=\"x_MsoNoSpacing\"><b>BOOKCITY MILANO<\/b> coinvolge editori grandi e piccoli, librai, bibliotecari, autori, agenti letterari, traduttori, grafici, illustratori, blogger, lettori, scuole di scrittura, associazioni e gruppi di lettura, il mondo delle scuole e delle universit\u00e0. Si svolge in pi\u00f9 giorni e prevede <b>pi\u00f9 di 1.000<\/b> <b>eventi, incontri, presentazioni, dialoghi, letture ad alta voce, mostre, spettacoli, seminari sulle nuove pratiche di lettura.<\/b> Una promozione capillare della lettura e della scrittura attraverso diverse e originali modalit\u00e0 di avvicinamento e coinvolgimento di lettori di ogni et\u00e0.<\/p>\n<p class=\"x_MsoNoSpacing\"><b><u>I FOCUS TEMATICI<\/u><\/b><i><\/i><\/p>\n<p class=\"x_MsoNoSpacing\">Accanto ai punti cardinali, le altre sedi di #BCM16 disseminate nella citt\u00e0 ospitano eventi dedicati a tematiche e materie specifiche. Una delle ragioni del successo di BookCity risiede nella capacit\u00e0 di far scoprire ai milanesi luoghi pressoch\u00e9 sconosciuti della loro citt\u00e0.<\/p>\n<p class=\"x_MsoNoSpacing\"><b><u>GLI EVENTI IN CITT\u00c0<\/u><\/b><\/p>\n<p class=\"x_MsoNoSpacing\">La ricchezza di BookCity \u00e8 la sua spontanea, articolata, capillare presenza in citt\u00e0. \u00c8 una delle anime di questa grande festa, forse la pi\u00f9 vera: la capacit\u00e0 dei milanesi di costruire progetti culturali e di condividerli. Librerie, associazioni, negozi, consigli di zona, comitati mettono in scena la loro passione per la lettura promuovendo incontri con gli autori e offrendo spettacoli che nascono dalla magia di un libro letto e amato.<\/p>\n<p class=\"x_MsoNoSpacing\">BOOKCITY MILANO \u00e8 una manifestazione dedicata al libro e alla lettura e dislocata in tutta la citt\u00e0, promossa dall\u2019Assessorato alla Cultura del Comune di Milano e dall\u2019Associazione BookCity Milano, composta da Fondazione Corriere della Sera, Fondazione Giangiacomo Feltrinelli, Fondazione Arnoldo e Alberto Mondadori e Fondazione Umberto e Elisabetta Mauri.<\/p>\n<p class=\"x_MsoNoSpacing\">BOOKCITY MILANO si avvale di Intesa Sanpaolo come main partner, oltre al contributo di Fondazione Cariplo. Partner Decathlon, partner tematico economia AcomeA; supporto di Borsa Italiana; sponsor: Pirelli, Comieco, Federazione della Filiera della Carta e della Grafica, Grafica Veneta, Fondazione Zo\u00e9 Zambon; partecipazione di Scuola Holden; collaborazione del Teatro alla Scala. Sponsor tecnici ATM, Fpe e Ricoh,Intesa Sanpaolo Assicura, legal advisor Bird&amp;Bird. Si ringrazia IGPDeacaux, Istituto Lombardo di Storia Contemporanea.<\/p>\n<p class=\"x_MsoNoSpacing\">BookCity Milano \u00e8 realizzato sotto gli auspici del Centro per il Libro e la Lettura, in collaborazione con AIE (Associazione Italiana Editori), AIB (Associazione Italiana Biblioteche), ALI (Associazione Librai Italiani) e LIM (Librerie Indipendenti Milano). BookCity Milano \u00e8 un evento ExpoinCitt\u00e0.<\/p>\n<p class=\"x_MsoNormal\">Sono <b>media partner <\/b>dell\u2019edizione 2016 di BOOKCITY MILANO: Corriere della Sera, Gruppo Mondadori, laeffe, RAI Radio2 e Radio3, ibs.it, ilLibraio.it, RadioLibri, Radio Popolare, Casa Lettori.<\/p>\n<p class=\"x_MsoNormal\">Gli appuntamenti di BOOKCITY MILANO sono ad ingresso gratuito fino ad esaurimento posti, salvo dove diversamente indicato.<b><u><\/u><\/b><\/p>\n<p class=\"x_MsoNormal\"><b><u>Il programma \u00e8 consultabile sul sito <\/u><\/b><a href=\"http:\/\/www.bookcitymilano.it\/\" target=\"_blank\"><b>www.bookcitymilano.it<\/b><\/a><\/p>\n<p class=\"x_MsoNoSpacing\"><b>#BCM16<\/b><\/p>\n<p class=\"x_MsoNoSpacing\">Facebook: BookCity Milano | Twitter: @BOOKCITYMILANO | Instagram: @bookcitymilano<\/p>\n<p class=\"x_MsoNormal\">segreteria organizzativa: <a href=\"mailto:segreteria@bookcitymilano.it\" target=\"_blank\">segreteria@bookcitymilano.it<\/a><\/p>\n","protected":false},"excerpt":{"rendered":"<p>sabato 19 novembre, BOOKCITY MILANO 2016 prosegue con un fitto programma. A partire dalle 18 di sabato 19 novembre fino alle 10 di domenica 20 novembre, al Padiglione Visconti, situato all\u2019interno del cuore produttivo del Teatro alla Scala, i Laboratori Scala Ansaldo, verr\u00e0 proposto LE VOCI DELLA CITT\u00c0 &#8211; Una maratona lunga una notte, un &hellip; <a href=\"https:\/\/www.gdapress.it\/it\/index.php\/60874\/cultura\/bookcity-milano-2.html\" class=\"more-link\">Read more <span class=\"screen-reader-text\">BOOKCITY MILANO<\/span><\/a><\/p>\n","protected":false},"author":3,"featured_media":60824,"comment_status":"closed","ping_status":"open","sticky":false,"template":"","format":"standard","meta":{"footnotes":""},"categories":[5],"tags":[17696,19030,6333,17932,11984,647],"class_list":["post-60874","post","type-post","status-publish","format-standard","has-post-thumbnail","hentry","category-cultura","tag-base-milano","tag-bookcity-milano-2016","tag-gallerie-ditalia","tag-mudec","tag-teatro-franco-parenti","tag-triennale-di-milano"],"_links":{"self":[{"href":"https:\/\/www.gdapress.it\/it\/index.php\/wp-json\/wp\/v2\/posts\/60874","targetHints":{"allow":["GET"]}}],"collection":[{"href":"https:\/\/www.gdapress.it\/it\/index.php\/wp-json\/wp\/v2\/posts"}],"about":[{"href":"https:\/\/www.gdapress.it\/it\/index.php\/wp-json\/wp\/v2\/types\/post"}],"author":[{"embeddable":true,"href":"https:\/\/www.gdapress.it\/it\/index.php\/wp-json\/wp\/v2\/users\/3"}],"replies":[{"embeddable":true,"href":"https:\/\/www.gdapress.it\/it\/index.php\/wp-json\/wp\/v2\/comments?post=60874"}],"version-history":[{"count":1,"href":"https:\/\/www.gdapress.it\/it\/index.php\/wp-json\/wp\/v2\/posts\/60874\/revisions"}],"predecessor-version":[{"id":60875,"href":"https:\/\/www.gdapress.it\/it\/index.php\/wp-json\/wp\/v2\/posts\/60874\/revisions\/60875"}],"wp:featuredmedia":[{"embeddable":true,"href":"https:\/\/www.gdapress.it\/it\/index.php\/wp-json\/wp\/v2\/media\/60824"}],"wp:attachment":[{"href":"https:\/\/www.gdapress.it\/it\/index.php\/wp-json\/wp\/v2\/media?parent=60874"}],"wp:term":[{"taxonomy":"category","embeddable":true,"href":"https:\/\/www.gdapress.it\/it\/index.php\/wp-json\/wp\/v2\/categories?post=60874"},{"taxonomy":"post_tag","embeddable":true,"href":"https:\/\/www.gdapress.it\/it\/index.php\/wp-json\/wp\/v2\/tags?post=60874"}],"curies":[{"name":"wp","href":"https:\/\/api.w.org\/{rel}","templated":true}]}}