
{"id":60841,"date":"2016-11-18T10:33:29","date_gmt":"2016-11-18T08:33:29","guid":{"rendered":"http:\/\/www.gdapress.it\/it\/?p=60841"},"modified":"2016-11-18T10:33:29","modified_gmt":"2016-11-18T08:33:29","slug":"museo-nazionale-della-scienza-della-tecnologia-bookcity-milano","status":"publish","type":"post","link":"https:\/\/www.gdapress.it\/it\/index.php\/60841\/cultura\/museo-nazionale-della-scienza-della-tecnologia-bookcity-milano.html","title":{"rendered":"Museo Nazionale della Scienza e della Tecnologia e Bookcity Milano"},"content":{"rendered":"<p class=\"x_MsoNormal\" align=\"center\"><img loading=\"lazy\" decoding=\"async\" class=\"alignnone size-medium wp-image-60824\" src=\"http:\/\/www.gdapress.it\/it\/..\/public\/it\/2016\/11\/14590086_716247858530029_7885158269724427977_o-300x112.jpg\" alt=\"14590086_716247858530029_7885158269724427977_o\" width=\"300\" height=\"112\" srcset=\"https:\/\/www.gdapress.it\/it\/..\/public\/it\/2016\/11\/14590086_716247858530029_7885158269724427977_o-300x112.jpg 300w, https:\/\/www.gdapress.it\/it\/..\/public\/it\/2016\/11\/14590086_716247858530029_7885158269724427977_o-768x286.jpg 768w, https:\/\/www.gdapress.it\/it\/..\/public\/it\/2016\/11\/14590086_716247858530029_7885158269724427977_o-500x186.jpg 500w\" sizes=\"auto, (max-width: 300px) 100vw, 300px\" \/><\/p>\n<p class=\"x_MsoNormal\" align=\"center\"><b>IL MUSEO PUNTO CARDINALE DI FUTURI POSSIBILI<\/b><\/p>\n<p class=\"x_MsoNormal\" align=\"center\"><b>PER <\/b><b>BOOKCITY MILANO 2016<\/b><\/p>\n<p class=\"x_MsoNormal\" align=\"center\"><b><span style=\"font-size: medium;\">Da venerd\u00ec 18 a domenica 20 novembre ritorna la festa metropolitana, diffusa e<\/span><\/b><\/p>\n<p class=\"x_MsoNormal\" align=\"center\"><b><span style=\"font-size: medium;\">partecipata del libro e della lettura.<\/span><\/b><\/p>\n<p class=\"x_MsoNormal\" align=\"center\"><b><i>Ingresso libero fino ad esaurimento posti.<\/i><\/b><\/p>\n<p class=\"x_MsoNormal\" align=\"center\"><b><i>I visitatori del Museo potranno accedere alle iniziative di Bookcity dagli ingressi dedicati.<\/i><\/b><\/p>\n<p class=\"x_MsoNormal\" align=\"center\">Museo Nazionale della Scienza e della Tecnologia \u201cLeonardo da Vinci\u201d<\/p>\n<p class=\"x_MsoNormal\" align=\"center\">Via San Vittore, 21 \u2013 Milano<\/p>\n<p class=\"x_MsoNormal\" align=\"center\">\n<p class=\"x_MsoNormal\" align=\"center\"><i>\u00a0<\/i>\u00a0Dal 17 al 20 novembre, il <b>Museo Nazionale della Scienza e della Tecnologia<\/b> ospita <b>Bookcity Milano<\/b>, manifestazione che coinvolge i protagonisti del sistema editoriale e promuove il libro, la lettura e il lettore; un\u2019occasione unica per vivere la citt\u00e0 di Milano e il Museo in una veste insolita, attraverso i libri e le parole degli scrittori.<\/p>\n<p class=\"x_Default\">Per la quinta edizione, <b>BOOKCITY MILANO 2016, <\/b>oltre al Castello Sforzesco<b>, <\/b>arricchisce la sua formula con 4 <b>\u201cpunti cardinali\u201d <\/b>il cui programma \u00e8 costruito intorno a un tema che ha un ruolo centrale nell&#8217;attuale dibattito culturale. Ogni tema viene declinato in decine di incontri, con autori di grande richiamo ed esperti di livello internazionale.<\/p>\n<p class=\"x_Default\"><b>MUSEO NAZIONALE DELLA SCIENZA E DELLA TECNOLOGIA | Futuri possibili<\/b><\/p>\n<p class=\"x_Default\">Scienza e tecnologia hanno avuto e continuano ad avere un ruolo importante nel disegnare l\u2019evoluzione delle nostre societ\u00e0, contribuendo alla conoscenza e aprendo interrogativi sul piano dei valori. Coinvolgere i ricercatori impegnati in ambito scientifico e tecnologico in un dialogo aperto con altri saperi e sguardi sul mondo, dalla filosofia alla letteratura alle arti, \u00e8 dunque prerogativa irrinunciabile per immaginare futuri possibili. In questo contesto, Bookcity render\u00e0 omaggio alla fantasia e alla visionariet\u00e0 di Dario Fo, ospite di diverse edizioni della manifestazione. Il futuro \u00e8 anche un grande sogno: allora chi ce lo pu\u00f2 raccontare meglio dei mille bambini che saranno creatori e protagonisti di \u201cLa citt\u00e0 \u00e8 un libro aperto\u201d nel salone di un transatlantico? A dare la tonalit\u00e0 di questo punto cardinale e a metterlo in relazione con la citt\u00e0, l\u2019incontro di apertura di venerd\u00ec 18 novembre promosso dalla Fondazione Mondadori e Il Saggiatore: \u201cMilano: interpretare il presente e immaginare il futuro\u201d.<\/p>\n<p class=\"x_Default\">Gli altri punti cardinali e i relativi temi sono: Triennale di Milano con \u201cLe mille e una storia\u201d, MUDEC + BASE con \u201cLe identit\u00e0, l\u2019incontro\u201d e il Teatro Franco Parenti con \u201cLa fabbrica dei valori\u201d.<\/p>\n<p class=\"x_MsoNormal\">Alcuni degli appuntamenti in programma al Museo:<\/p>\n<p class=\"x_MsoNormal\"><b>Venerd\u00ec 18 novembre<\/b><\/p>\n<p class=\"x_MsoNormal\"><u>Auditorium<b><\/b><\/u><\/p>\n<p class=\"x_MsoNormal\"><b>ore 18<\/b><\/p>\n<p class=\"x_MsoNormal\"><b>Milano: interpretare il presente e immaginare il futuro<\/b><\/p>\n<p class=\"x_MsoNormal\">Con James Bradburne, Roberto Cingolani, Luca Formenton, Fiorenzo Galli, Giuseppe Sala.<\/p>\n<p class=\"x_MsoNormal\">Modera Serena Danna.<\/p>\n<p class=\"x_MsoNormal\"><b>Sabato 19 novembre<\/b><\/p>\n<p class=\"x_MsoNormal\"><u>Sala Cenacolo<b><i><\/i><\/b><\/u><\/p>\n<p class=\"x_MsoNormal\"><b>ore 16.30 \u00a0<\/b><\/p>\n<p class=\"x_MsoNormal\"><b>La scienza sa di non sapere. Per questo funziona<\/b><\/p>\n<p class=\"x_MsoNormal\">Con Maria Luisa Villa, Pietro Greco, Maria Teresa Zanola.<\/p>\n<p class=\"x_MsoNormal\">Modera Gabriele Beccaria.<\/p>\n<p class=\"x_MsoNormal\"><u>Sala Colonne<\/u><\/p>\n<p class=\"x_MsoNormal\"><b>ore 16.30<\/b><\/p>\n<p class=\"x_MsoNormal\"><b>Leonardo da Vinci. Metodi e tecniche per la costruzione della Conoscenza<\/b><\/p>\n<p class=\"x_MsoNormal\">Ne parlano Stefano L\u2019Occaso e Alessandro Rovetta. Alla presenza dei curatori Pietro Marani, Rodolfo Maffeis.<\/p>\n<p class=\"x_MsoNormal\">Introducono Fiorenzo Galli, Filippo Del Corno, Silvia Piardi.<\/p>\n<p class=\"x_MsoNormal\"><b>ore 18.30<\/b><\/p>\n<p class=\"x_MsoNormal\"><b>Doppio sogno: scienza, cultura e l\u2019unificazione del sapere<\/b><\/p>\n<p class=\"x_MsoNormal\">Lezione aperta di Andrea Moro. Introduce Fiorenzo Galli.<\/p>\n<p class=\"x_MsoNormal\"><b>Domenica 20 novembre<\/b><\/p>\n<p class=\"x_MsoNormal\"><u>Sala Cenacolo<\/u><\/p>\n<p class=\"x_MsoNormal\"><b>ore 11<\/b><\/p>\n<p class=\"x_MsoNormal\"><b>Poveri di energia<\/b><\/p>\n<p class=\"x_MsoNormal\">Con Pippo Ranci, Emanuela Colombo, Fiorenzo Galli, Alberto Piatti.<\/p>\n<p class=\"x_MsoNormal\">Modera Riccardo Bonacina. Partecipano gli altri autori Laura Susani, Matteo Leonardi.<\/p>\n<p class=\"x_MsoNormal\"><b>ore 16<\/b><\/p>\n<p class=\"x_MsoNormal\"><b>Costruire il futuro. Natale Prampolini e Guido Ucelli: due storie parallele<\/b><\/p>\n<p class=\"x_MsoNormal\">Con Daniela De Angelis, Nicola Tirelli Prampolini, Paola Redemagni e Giovanna Majno.<\/p>\n<p class=\"x_MsoNormal\"><u>Sala Colonne<\/u><\/p>\n<p class=\"x_MsoNormal\"><b>ore 17.30<\/b><\/p>\n<p class=\"x_MsoNormal\"><b>La nascita imperfetta delle cose<\/b><\/p>\n<p class=\"x_MsoNormal\">Dialogo tra Guido Tonelli e Luca Reduzzi.<\/p>\n<p class=\"x_MsoNormal\"><b>Sabato 19 e domenica 20 novembre<\/b><\/p>\n<p class=\"x_MsoNormal\"><u>Sala Biancamano<\/u> (ingresso da Via Olona 6\/bis)<\/p>\n<p class=\"x_MsoNormal\"><b>La citt\u00e0 \u00e8 un libro aperto<\/b><\/p>\n<p class=\"x_MsoNormal\">1000 bambini scrivono, disegnano e costruiscono moduli pop up che, assemblati, si trasformano in architetture per dare forma a una citt\u00e0 di carta. Progetto a cura di<b> <\/b>DOdA design.<b><\/b><\/p>\n<p class=\"x_MsoNormal\">\n<p class=\"x_MsoNormal\"><i>CAPIENZE DELLE SALE<\/i><\/p>\n<p class=\"x_MsoNormal\"><i>Sala Cenacolo &#8211; 100 persone<\/i><\/p>\n<p class=\"x_MsoNormal\"><i>Tinkering Lab &#8211; 30<\/i><\/p>\n<p class=\"x_MsoNormal\"><i>Sala Colonne &#8211; 300<\/i><\/p>\n<p class=\"x_MsoNormal\"><i>Auditorium &#8211; 234<\/i><\/p>\n<p class=\"x_MsoNormal\"><i>Biancamano &#8211; 100<\/i><\/p>\n<p class=\"x_MsoNormal\">In questa sede \u00e8 possibile acquistare i libri presentati a #BCM16.<\/p>\n<p class=\"x_MsoNormal\">Per il programma dettagliato di tutte le iniziative di Bookcity e le modalit\u00e0 di partecipazione:<\/p>\n<p class=\"x_MsoNormal\"><a href=\"http:\/\/www.bookcitymilano.it\/\" target=\"_blank\"><b>www.bookcitymilano.it<\/b><\/a><b> | <\/b><b>#BCM16<\/b><\/p>\n<p class=\"x_Default\"><i>BOOKCITY MILANO<\/i><i>, manifestazione dedicata al libro e alla lettura e dislocata in tutta la citt\u00e0, promossa dall\u2019Assessorato alla Cultura del Comune di Milano e dall\u2019Associazione BookCity Milano, composta da Fondazione Corriere della Sera, Fondazione Giangiacomo Feltrinelli, Fondazione Arnoldo e Alberto Mondadori e Fondazione Umberto e Elisabetta Mauri.<\/i><\/p>\n<p class=\"x_Default\"><i>BOOKCITY MILANO si avvale di Intesa Sanpaolo come main partner, oltre al contributo di Fondazione Cariplo. Partner Decathlon, partner tematico economia AcomeA; supporto di Borsa Italiana; sponsor: Pirelli, Comieco, Federazione della Filiera della Carta e della Grafica, Grafica Veneta, Fondazione Zo\u00e9 Zambon; partecipazione di Scuola Holden; collaborazione del Teatro alla Scala. <\/i><i><span lang=\"EN-GB\">Sponsor tecnici ATM, Fpe e Ricoh, legal advisor Bird&amp;Bird. <\/span><\/i><i>Si ringrazia IGPDeacaux e Istituto Lombardo di Storia Contemporanea.<\/i><\/p>\n<p class=\"x_MsoNormal\"><i>BookCity Milano \u00e8 realizzato sotto gli auspici del Centro per il Libro e la Lettura, in collaborazione con AIE (Associazione Italiana Editori), AIB (Associazione Italiana Biblioteche), ALI (Associazione Librai Italiani) e LIM (Librerie Indipendenti Milano). BookCity Milano \u00e8 un evento ExpoinCitt\u00e0.<\/i><\/p>\n<p class=\"x_MsoNormal\">twitter:<b> @BOOKCITYMILANO <\/b>|<b> <\/b>facebook:<b> BookCity Milano <\/b>|<b> <\/b>instagram:<b> @bookcitymilano<\/b><\/p>\n<p class=\"x_MsoNormal\">\n","protected":false},"excerpt":{"rendered":"<p>IL MUSEO PUNTO CARDINALE DI FUTURI POSSIBILI PER BOOKCITY MILANO 2016 Da venerd\u00ec 18 a domenica 20 novembre ritorna la festa metropolitana, diffusa e partecipata del libro e della lettura. Ingresso libero fino ad esaurimento posti. I visitatori del Museo potranno accedere alle iniziative di Bookcity dagli ingressi dedicati. Museo Nazionale della Scienza e della &hellip; <a href=\"https:\/\/www.gdapress.it\/it\/index.php\/60841\/cultura\/museo-nazionale-della-scienza-della-tecnologia-bookcity-milano.html\" class=\"more-link\">Read more <span class=\"screen-reader-text\">Museo Nazionale della Scienza e della Tecnologia e Bookcity Milano<\/span><\/a><\/p>\n","protected":false},"author":3,"featured_media":60824,"comment_status":"closed","ping_status":"open","sticky":false,"template":"","format":"standard","meta":{"footnotes":""},"categories":[5],"tags":[16648,15678],"class_list":["post-60841","post","type-post","status-publish","format-standard","has-post-thumbnail","hentry","category-cultura","tag-bookcity-milano","tag-museo-nazionale-della-scienza-e-della-tecnologia"],"_links":{"self":[{"href":"https:\/\/www.gdapress.it\/it\/index.php\/wp-json\/wp\/v2\/posts\/60841","targetHints":{"allow":["GET"]}}],"collection":[{"href":"https:\/\/www.gdapress.it\/it\/index.php\/wp-json\/wp\/v2\/posts"}],"about":[{"href":"https:\/\/www.gdapress.it\/it\/index.php\/wp-json\/wp\/v2\/types\/post"}],"author":[{"embeddable":true,"href":"https:\/\/www.gdapress.it\/it\/index.php\/wp-json\/wp\/v2\/users\/3"}],"replies":[{"embeddable":true,"href":"https:\/\/www.gdapress.it\/it\/index.php\/wp-json\/wp\/v2\/comments?post=60841"}],"version-history":[{"count":1,"href":"https:\/\/www.gdapress.it\/it\/index.php\/wp-json\/wp\/v2\/posts\/60841\/revisions"}],"predecessor-version":[{"id":60842,"href":"https:\/\/www.gdapress.it\/it\/index.php\/wp-json\/wp\/v2\/posts\/60841\/revisions\/60842"}],"wp:featuredmedia":[{"embeddable":true,"href":"https:\/\/www.gdapress.it\/it\/index.php\/wp-json\/wp\/v2\/media\/60824"}],"wp:attachment":[{"href":"https:\/\/www.gdapress.it\/it\/index.php\/wp-json\/wp\/v2\/media?parent=60841"}],"wp:term":[{"taxonomy":"category","embeddable":true,"href":"https:\/\/www.gdapress.it\/it\/index.php\/wp-json\/wp\/v2\/categories?post=60841"},{"taxonomy":"post_tag","embeddable":true,"href":"https:\/\/www.gdapress.it\/it\/index.php\/wp-json\/wp\/v2\/tags?post=60841"}],"curies":[{"name":"wp","href":"https:\/\/api.w.org\/{rel}","templated":true}]}}