
{"id":60838,"date":"2016-11-18T02:35:38","date_gmt":"2016-11-18T00:35:38","guid":{"rendered":"http:\/\/www.gdapress.it\/it\/?p=60838"},"modified":"2016-11-18T02:35:38","modified_gmt":"2016-11-18T00:35:38","slug":"teatro-delfino-milano-eugene-ionesco-re-muore-le-sedie","status":"publish","type":"post","link":"https:\/\/www.gdapress.it\/it\/index.php\/60838\/teatro\/teatro-delfino-milano-eugene-ionesco-re-muore-le-sedie.html","title":{"rendered":"TEATRO DELFINO MILANO EUGENE IONESCO IL RE MUORE, LE SEDIE"},"content":{"rendered":"<p><img loading=\"lazy\" decoding=\"async\" class=\"alignnone size-medium wp-image-60839\" src=\"http:\/\/www.gdapress.it\/it\/..\/public\/it\/2016\/11\/15039507_1272204079521050_1276890139882058188_o-300x169.jpg\" alt=\"15039507_1272204079521050_1276890139882058188_o\" width=\"300\" height=\"169\" srcset=\"https:\/\/www.gdapress.it\/it\/..\/public\/it\/2016\/11\/15039507_1272204079521050_1276890139882058188_o-300x169.jpg 300w, https:\/\/www.gdapress.it\/it\/..\/public\/it\/2016\/11\/15039507_1272204079521050_1276890139882058188_o-768x434.jpg 768w, https:\/\/www.gdapress.it\/it\/..\/public\/it\/2016\/11\/15039507_1272204079521050_1276890139882058188_o-500x282.jpg 500w, https:\/\/www.gdapress.it\/it\/..\/public\/it\/2016\/11\/15039507_1272204079521050_1276890139882058188_o-1280x720.jpg 1280w, https:\/\/www.gdapress.it\/it\/..\/public\/it\/2016\/11\/15039507_1272204079521050_1276890139882058188_o.jpg 2048w\" sizes=\"auto, (max-width: 300px) 100vw, 300px\" \/><\/p>\n<p>EUGENE IONESCO IL RE MUORE, LE SEDIE<\/p>\n<p>Dal 17 al 20 e dal 24 al 27 novembre<\/p>\n<p>Teatro Delfino<\/p>\n<p>ore 21.00 \u2013 domenica ore 16.00<\/p>\n<p>Con Grazia Migneco, Nicoletta Ramorino, Luca Bottale, Augusto Di Bono, Donatella Fanfani, Giulia Franzoso, Pino Pirovano, Sergio Roman\u00f2.<\/p>\n<p>Regia di Marco Rampoldi<\/p>\n<p>Produzione: Associazione Culturale CaNoRa<\/p>\n<p>Dopo il successo di Intervista Confidenziale a Enzo Iacchetti e della produzione Alveare di specchi, Il Teatro Delfino fa posto all\u2019interno della programmazione16\/17 ai grandi autori e maestri del teatro italiano, proponendo due atti del grande Eugene Ionesco.<\/p>\n<p>In ricordo del grande Gianni Mantesi, due testi di uno degli autori da lui pi\u00f9 amati. La tragicomica morte annunciata del re universale che non si arrende alla perdita di potere, circondato dall\u2019affetto della seconda moglie e della cameriera, e dalla cinica freddezza della prima moglie e del medico &#8211; portavoce dell\u2019ottusa fiducia nella scienza &#8211; mentre ogni passo e ogni caduta vengono paradossalmente declamati al popolo dalla guardia.<\/p>\n<p>Il surreale delicato commiato alla vita di una coppia di anziani coniugi, dopo aver predisposto tutto perch\u00e9 l\u2019umanit\u00e0 possa ascoltare la verit\u00e0 del misterioso oratore.<\/p>\n<p>L\u2019accostamento dei due capolavori forma una riflessione sulla morte e un implicito inno alla vita, facendo convivere farsa e dramma, il tutto messo in scena con la levit\u00e0 che ha sempre contraddistinto il lavoro di un maestro del teatro italiano.<\/p>\n<p>NOTA BIOGRAFICA GRAZIA MIGNECO Dopo il Liceo classico Berchet e la Scuola d\u2019Arte Drammatica del Piccolo Teatro di Milano, debutta alla Rai, dove rimane per cinque anni nella sezione prosa con Enzo Ferrari, mentre partecipa ad alcuni importanti spettacoli di Strehler. Dopo aver collaborato con lo Stabile di Trieste, il Sant\u2019Erasmo e la compagnia \u2018Volonghi, Buazzelli, Lionello\u2019, si ferma per alcuni anni per dedicarsi alla famiglia. Riprende al Salone Pier Lombardo, dove rimane ininterrottamente fino alla morte di Parenti, e dove ritorna sporadicamente anche negli anni successivi. Per moltissimo tempo ha condiviso vita e carriera professionale con il marito Gianni Mantesi.<\/p>\n<p>NICOLETTA RAMORINO S\u00ec \u00e8 diplomata alla Scuola d\u2019Arte Drammatica del Piccolo Teatro e in pianoforte al Conservatorio G. Verdi di Milano. Ha svolto un\u2019importante attivit\u00e0 teatrale al Piccolo Teatro, con registi come Giorgio Strehler, Virginio Puecher, Franco Enriquez. Ha avuto importanti esperienze televisive e radiofoniche in qualit\u00e0 di attrice e presentatrice. Dopo aver insegnato tecniche di recitazione per quindici anni presso la Scuola del Piccolo, nel 1980 ha dato vita al Centro Teatro Attivo, che dirige tuttora, alternando l\u2019insegnamento e la direzione all\u2019attivit\u00e0 di doppiaggio e speakeraggio e a numerose partecipazioni come attrice sia in teatro che sul set.<\/p>\n<p>INFO BIGLIETTERIA \u00c8 possibile prenotare i biglietti chiamando il 333 5730340 dal luned\u00ec al venerd\u00ec dalle ore 14.00 alle ore 19.00 o scrivendo una mail a info@teatrodelfino.it. I biglietti si possono acquistare anche on line su Vivaticket. Orari Biglietteria: ogni venerd\u00ec dalle ore 17.00 alle ore 19.00 i giorni di spettacolo: dalle ore 18.00, dalle ore 14.00 la domenica<\/p>\n<p>Prezzi Biglietti Intero: 15,00\u20ac Ridotto over 60\/Under 25\/Studenti: 12,00\u20ac Convenzioni e cittadini quartiere: 10,00\u20ac<\/p>\n<p>Teatro Delfino Piazza Piero Carnelli, 20138 Milano<\/p>\n<p>Come arrivare con i mezzi pubblici: Tram 27, Tram 12, Bus 45, Bus 175 | Fermata Ovidio<\/p>\n<p>Come arrivare in macchina: La zona \u00e8 munita di parcheggio gratuito Uscita tangenziale est: Mecenate\/Forlanini<\/p>\n","protected":false},"excerpt":{"rendered":"<p>EUGENE IONESCO IL RE MUORE, LE SEDIE Dal 17 al 20 e dal 24 al 27 novembre Teatro Delfino ore 21.00 \u2013 domenica ore 16.00 Con Grazia Migneco, Nicoletta Ramorino, Luca Bottale, Augusto Di Bono, Donatella Fanfani, Giulia Franzoso, Pino Pirovano, Sergio Roman\u00f2. Regia di Marco Rampoldi Produzione: Associazione Culturale CaNoRa Dopo il successo di &hellip; <a href=\"https:\/\/www.gdapress.it\/it\/index.php\/60838\/teatro\/teatro-delfino-milano-eugene-ionesco-re-muore-le-sedie.html\" class=\"more-link\">Read more <span class=\"screen-reader-text\">TEATRO DELFINO MILANO EUGENE IONESCO IL RE MUORE, LE SEDIE<\/span><\/a><\/p>\n","protected":false},"author":3,"featured_media":60839,"comment_status":"closed","ping_status":"open","sticky":false,"template":"","format":"standard","meta":{"footnotes":""},"categories":[1],"tags":[19038,17,14437],"class_list":["post-60838","post","type-post","status-publish","format-standard","has-post-thumbnail","hentry","category-teatro","tag-eugene-ionesco","tag-milano","tag-teatro-delfino"],"_links":{"self":[{"href":"https:\/\/www.gdapress.it\/it\/index.php\/wp-json\/wp\/v2\/posts\/60838","targetHints":{"allow":["GET"]}}],"collection":[{"href":"https:\/\/www.gdapress.it\/it\/index.php\/wp-json\/wp\/v2\/posts"}],"about":[{"href":"https:\/\/www.gdapress.it\/it\/index.php\/wp-json\/wp\/v2\/types\/post"}],"author":[{"embeddable":true,"href":"https:\/\/www.gdapress.it\/it\/index.php\/wp-json\/wp\/v2\/users\/3"}],"replies":[{"embeddable":true,"href":"https:\/\/www.gdapress.it\/it\/index.php\/wp-json\/wp\/v2\/comments?post=60838"}],"version-history":[{"count":1,"href":"https:\/\/www.gdapress.it\/it\/index.php\/wp-json\/wp\/v2\/posts\/60838\/revisions"}],"predecessor-version":[{"id":60840,"href":"https:\/\/www.gdapress.it\/it\/index.php\/wp-json\/wp\/v2\/posts\/60838\/revisions\/60840"}],"wp:featuredmedia":[{"embeddable":true,"href":"https:\/\/www.gdapress.it\/it\/index.php\/wp-json\/wp\/v2\/media\/60839"}],"wp:attachment":[{"href":"https:\/\/www.gdapress.it\/it\/index.php\/wp-json\/wp\/v2\/media?parent=60838"}],"wp:term":[{"taxonomy":"category","embeddable":true,"href":"https:\/\/www.gdapress.it\/it\/index.php\/wp-json\/wp\/v2\/categories?post=60838"},{"taxonomy":"post_tag","embeddable":true,"href":"https:\/\/www.gdapress.it\/it\/index.php\/wp-json\/wp\/v2\/tags?post=60838"}],"curies":[{"name":"wp","href":"https:\/\/api.w.org\/{rel}","templated":true}]}}